{"id":58669,"date":"2026-08-10T09:42:32","date_gmt":"2026-08-10T07:42:32","guid":{"rendered":"https:\/\/lagranjafoods.com\/?p=58669"},"modified":"2026-08-10T09:42:33","modified_gmt":"2026-08-10T07:42:33","slug":"nouvelles-mini-madeleines-facon-dubai","status":"publish","type":"post","link":"https:\/\/lagranjafoods.com\/fr\/nouvelles-mini-madeleines-facon-dubai\/","title":{"rendered":"Nouvelles mini madeleines fa\u00e7on Duba\u00ef"},"content":{"rendered":"<p>Chez La Granja Foods, nous misons constamment sur l\u2019innovation et sur la recherche de nouvelles fa\u00e7ons de surprendre nos consommateurs. C\u2019est dans cet esprit que sont n\u00e9es nos nouvelles <strong>minis fa\u00e7on Duba\u00ef<\/strong>, une proposition inspir\u00e9e de l\u2019une des saveurs qui a rencontr\u00e9 le plus grand succ\u00e8s ces derniers temps.<\/p>\n<p>Face \u00e0 l\u2019essor du c\u00e9l\u00e8bre chocolat Duba\u00ef, nous avons souhait\u00e9 nous approprier cette tendance et trouver une mani\u00e8re diff\u00e9rente et originale de l\u2019int\u00e9grer \u00e0 nos produits. C\u2019est ainsi qu\u2019est n\u00e9e l\u2019id\u00e9e d\u2019associer nos mini-madeleines et nos petits g\u00e2teaux aux saveurs et aux textures caract\u00e9ristiques de ce chocolat.<\/p>\n<p>Le r\u00e9sultat : nos <strong>Minis Fa\u00e7on Duba\u00ef<\/strong>, fourr\u00e9es au kadaif, ainsi que nos <strong>Mini Cacao Fa\u00e7on Duba\u00ef<\/strong>, \u00e9labor\u00e9es \u00e0 base de cacao et fourr\u00e9es au kadaif. Une combinaison qui associe la texture et la saveur de nos produits \u00e0 la touche croquante et originale qui caract\u00e9rise cette tendance.<\/p>\n<p>Une nouvelle proposition qui d\u00e9montre que l\u2019innovation consiste \u00e9galement \u00e0 \u00eatre \u00e0 l\u2019\u00e9coute des tendances, \u00e0 exp\u00e9rimenter de nouvelles saveurs et \u00e0 les adapter \u00e0 notre propre fa\u00e7on de faire les choses.<\/p>\n<p>Parce que chez La Granja Foods, nous continuons \u00e0 chercher de nouvelles id\u00e9es pour surprendre, \u00e9voluer et proposer des produits diff\u00e9rents qui r\u00e9pondent aux go\u00fbts de nos consommateurs.<\/p>\n","protected":false},"excerpt":{"rendered":"<p>Chez La Granja Foods, nous misons constamment sur l\u2019innovation et sur la recherche de nouvelles fa\u00e7ons de surprendre nos consommateurs. C\u2019est dans cet esprit que sont n\u00e9es nos nouvelles minis &hellip;<\/p>\n","protected":false},"author":565,"featured_media":58673,"comment_status":"closed","ping_status":"closed","sticky":false,"template":"","format":"standard","meta":{"_acf_changed":false,"mc4wp_mailchimp_campaign":[],"footnotes":""},"categories":[74,860],"tags":[],"class_list":["post-58669","post","type-post","status-publish","format-standard","has-post-thumbnail","hentry","category-news","category-actualites"],"acf":[],"yoast_head":"<!-- This site is optimized with the Yoast SEO plugin v28.3 - https:\/\/yoast.com\/product\/yoast-seo-wordpress\/ -->\n<title>Nouvelles mini madeleines fa\u00e7on Duba\u00ef - La Granja Foods<\/title>\n<meta name=\"description\" content=\"D\u00e9couvrez nos nouvelles mini-madeleines fa\u00e7on Duba\u00ef en deux d\u00e9licieuses versions: traditionnelle et au cacao, toutes deux fourr\u00e9es au kadaif.\" \/>\n<meta name=\"robots\" content=\"index, follow, max-snippet:-1, max-image-preview:large, max-video-preview:-1\" \/>\n<link rel=\"canonical\" href=\"https:\/\/lagranjafoods.com\/fr\/nouvelles-mini-madeleines-facon-dubai\/\" \/>\n<meta property=\"og:locale\" content=\"fr_FR\" \/>\n<meta property=\"og:type\" content=\"article\" \/>\n<meta property=\"og:title\" content=\"Nouvelles mini madeleines fa\u00e7on Duba\u00ef - La Granja Foods\" \/>\n<meta property=\"og:description\" content=\"D\u00e9couvrez nos nouvelles mini-madeleines fa\u00e7on Duba\u00ef en deux d\u00e9licieuses versions: traditionnelle et au cacao, toutes deux fourr\u00e9es au kadaif.\" \/>\n<meta property=\"og:url\" content=\"https:\/\/lagranjafoods.com\/fr\/nouvelles-mini-madeleines-facon-dubai\/\" \/>\n<meta property=\"og:site_name\" content=\"La Granja Foods\" \/>\n<meta property=\"article:published_time\" content=\"2026-08-10T07:42:32+00:00\" \/>\n<meta property=\"article:modified_time\" content=\"2026-08-10T07:42:33+00:00\" \/>\n<meta property=\"og:image\" content=\"https:\/\/lagranjafoods.com\/wp-content\/uploads\/Banner-blog-pagina-web-2000-\u00d7-1500-px-2-1024x768.png\" \/>\n\t<meta property=\"og:image:width\" content=\"1024\" \/>\n\t<meta property=\"og:image:height\" content=\"768\" \/>\n\t<meta property=\"og:image:type\" content=\"image\/png\" \/>\n<meta name=\"author\" content=\"conta\" \/>\n<meta name=\"twitter:card\" content=\"summary_large_image\" \/>\n<meta name=\"twitter:label1\" content=\"\u00c9crit par\" \/>\n\t<meta name=\"twitter:data1\" content=\"conta\" \/>\n\t<meta name=\"twitter:label2\" content=\"Dur\u00e9e de lecture estim\u00e9e\" \/>\n\t<meta name=\"twitter:data2\" content=\"2 minutes\" \/>\n<script type=\"application\/ld+json\" class=\"yoast-schema-graph\">{\"@context\":\"https:\\\/\\\/schema.org\",\"@graph\":[{\"@type\":\"Article\",\"@id\":\"https:\\\/\\\/lagranjafoods.com\\\/fr\\\/nouvelles-mini-madeleines-facon-dubai\\\/#article\",\"isPartOf\":{\"@id\":\"https:\\\/\\\/lagranjafoods.com\\\/fr\\\/nouvelles-mini-madeleines-facon-dubai\\\/\"},\"author\":{\"name\":\"conta\",\"@id\":\"https:\\\/\\\/lagranjafoods.com\\\/fr\\\/#\\\/schema\\\/person\\\/a09ef344e5c3da6e521ed0a69afd694c\"},\"headline\":\"Nouvelles mini madeleines fa\u00e7on Duba\u00ef\",\"datePublished\":\"2026-08-10T07:42:32+00:00\",\"dateModified\":\"2026-08-10T07:42:33+00:00\",\"mainEntityOfPage\":{\"@id\":\"https:\\\/\\\/lagranjafoods.com\\\/fr\\\/nouvelles-mini-madeleines-facon-dubai\\\/\"},\"wordCount\":238,\"publisher\":{\"@id\":\"https:\\\/\\\/lagranjafoods.com\\\/fr\\\/#organization\"},\"image\":{\"@id\":\"https:\\\/\\\/lagranjafoods.com\\\/fr\\\/nouvelles-mini-madeleines-facon-dubai\\\/#primaryimage\"},\"thumbnailUrl\":\"https:\\\/\\\/lagranjafoods.com\\\/wp-content\\\/uploads\\\/Banner-blog-pagina-web-2000-\u00d7-1500-px-2.png\",\"articleSection\":[\"News\",\"Actualit\u00e9s\"],\"inLanguage\":\"fr-FR\"},{\"@type\":\"WebPage\",\"@id\":\"https:\\\/\\\/lagranjafoods.com\\\/fr\\\/nouvelles-mini-madeleines-facon-dubai\\\/\",\"url\":\"https:\\\/\\\/lagranjafoods.com\\\/fr\\\/nouvelles-mini-madeleines-facon-dubai\\\/\",\"name\":\"Nouvelles mini madeleines fa\u00e7on Duba\u00ef - La Granja Foods\",\"isPartOf\":{\"@id\":\"https:\\\/\\\/lagranjafoods.com\\\/fr\\\/#website\"},\"primaryImageOfPage\":{\"@id\":\"https:\\\/\\\/lagranjafoods.com\\\/fr\\\/nouvelles-mini-madeleines-facon-dubai\\\/#primaryimage\"},\"image\":{\"@id\":\"https:\\\/\\\/lagranjafoods.com\\\/fr\\\/nouvelles-mini-madeleines-facon-dubai\\\/#primaryimage\"},\"thumbnailUrl\":\"https:\\\/\\\/lagranjafoods.com\\\/wp-content\\\/uploads\\\/Banner-blog-pagina-web-2000-\u00d7-1500-px-2.png\",\"datePublished\":\"2026-08-10T07:42:32+00:00\",\"dateModified\":\"2026-08-10T07:42:33+00:00\",\"description\":\"D\u00e9couvrez nos nouvelles mini-madeleines fa\u00e7on Duba\u00ef en deux d\u00e9licieuses versions: traditionnelle et au cacao, toutes deux fourr\u00e9es au kadaif.\",\"breadcrumb\":{\"@id\":\"https:\\\/\\\/lagranjafoods.com\\\/fr\\\/nouvelles-mini-madeleines-facon-dubai\\\/#breadcrumb\"},\"inLanguage\":\"fr-FR\",\"potentialAction\":[{\"@type\":\"ReadAction\",\"target\":[\"https:\\\/\\\/lagranjafoods.com\\\/fr\\\/nouvelles-mini-madeleines-facon-dubai\\\/\"]}]},{\"@type\":\"ImageObject\",\"inLanguage\":\"fr-FR\",\"@id\":\"https:\\\/\\\/lagranjafoods.com\\\/fr\\\/nouvelles-mini-madeleines-facon-dubai\\\/#primaryimage\",\"url\":\"https:\\\/\\\/lagranjafoods.com\\\/wp-content\\\/uploads\\\/Banner-blog-pagina-web-2000-\u00d7-1500-px-2.png\",\"contentUrl\":\"https:\\\/\\\/lagranjafoods.com\\\/wp-content\\\/uploads\\\/Banner-blog-pagina-web-2000-\u00d7-1500-px-2.png\",\"width\":2000,\"height\":1500},{\"@type\":\"BreadcrumbList\",\"@id\":\"https:\\\/\\\/lagranjafoods.com\\\/fr\\\/nouvelles-mini-madeleines-facon-dubai\\\/#breadcrumb\",\"itemListElement\":[{\"@type\":\"ListItem\",\"position\":1,\"name\":\"Portada\",\"item\":\"https:\\\/\\\/lagranjafoods.com\\\/fr\\\/\"},{\"@type\":\"ListItem\",\"position\":2,\"name\":\"Nouvelles mini madeleines fa\u00e7on Duba\u00ef\"}]},{\"@type\":\"WebSite\",\"@id\":\"https:\\\/\\\/lagranjafoods.com\\\/fr\\\/#website\",\"url\":\"https:\\\/\\\/lagranjafoods.com\\\/fr\\\/\",\"name\":\"La Granja Foods\",\"description\":\"\u00a1Benvinguts a La Granja! Qualitat, sabor i frescor des de 1959.\",\"publisher\":{\"@id\":\"https:\\\/\\\/lagranjafoods.com\\\/fr\\\/#organization\"},\"potentialAction\":[{\"@type\":\"SearchAction\",\"target\":{\"@type\":\"EntryPoint\",\"urlTemplate\":\"https:\\\/\\\/lagranjafoods.com\\\/fr\\\/?s={search_term_string}\"},\"query-input\":{\"@type\":\"PropertyValueSpecification\",\"valueRequired\":true,\"valueName\":\"search_term_string\"}}],\"inLanguage\":\"fr-FR\"},{\"@type\":\"Organization\",\"@id\":\"https:\\\/\\\/lagranjafoods.com\\\/fr\\\/#organization\",\"name\":\"La Granja Foods\",\"url\":\"https:\\\/\\\/lagranjafoods.com\\\/fr\\\/\",\"logo\":{\"@type\":\"ImageObject\",\"inLanguage\":\"fr-FR\",\"@id\":\"https:\\\/\\\/lagranjafoods.com\\\/fr\\\/#\\\/schema\\\/logo\\\/image\\\/\",\"url\":\"https:\\\/\\\/lagranjafoods.com\\\/wp-content\\\/uploads\\\/logo-lagranjafoods.png\",\"contentUrl\":\"https:\\\/\\\/lagranjafoods.com\\\/wp-content\\\/uploads\\\/logo-lagranjafoods.png\",\"width\":539,\"height\":158,\"caption\":\"La Granja Foods \"},\"image\":{\"@id\":\"https:\\\/\\\/lagranjafoods.com\\\/fr\\\/#\\\/schema\\\/logo\\\/image\\\/\"}},{\"@type\":\"Person\",\"@id\":\"https:\\\/\\\/lagranjafoods.com\\\/fr\\\/#\\\/schema\\\/person\\\/a09ef344e5c3da6e521ed0a69afd694c\",\"name\":\"conta\"}]}<\/script>\n<!-- \/ Yoast SEO plugin. -->","yoast_head_json":{"title":"Nouvelles mini madeleines fa\u00e7on Duba\u00ef - La Granja Foods","description":"D\u00e9couvrez nos nouvelles mini-madeleines fa\u00e7on Duba\u00ef en deux d\u00e9licieuses versions: traditionnelle et au cacao, toutes deux fourr\u00e9es au kadaif.","robots":{"index":"index","follow":"follow","max-snippet":"max-snippet:-1","max-image-preview":"max-image-preview:large","max-video-preview":"max-video-preview:-1"},"canonical":"https:\/\/lagranjafoods.com\/fr\/nouvelles-mini-madeleines-facon-dubai\/","og_locale":"fr_FR","og_type":"article","og_title":"Nouvelles mini madeleines fa\u00e7on Duba\u00ef - La Granja Foods","og_description":"D\u00e9couvrez nos nouvelles mini-madeleines fa\u00e7on Duba\u00ef en deux d\u00e9licieuses versions: traditionnelle et au cacao, toutes deux fourr\u00e9es au kadaif.","og_url":"https:\/\/lagranjafoods.com\/fr\/nouvelles-mini-madeleines-facon-dubai\/","og_site_name":"La Granja Foods","article_published_time":"2026-08-10T07:42:32+00:00","article_modified_time":"2026-08-10T07:42:33+00:00","og_image":[{"width":1024,"height":768,"url":"https:\/\/lagranjafoods.com\/wp-content\/uploads\/Banner-blog-pagina-web-2000-\u00d7-1500-px-2-1024x768.png","type":"image\/png"}],"author":"conta","twitter_card":"summary_large_image","twitter_misc":{"\u00c9crit par":"conta","Dur\u00e9e de lecture estim\u00e9e":"2 minutes"},"schema":{"@context":"https:\/\/schema.org","@graph":[{"@type":"Article","@id":"https:\/\/lagranjafoods.com\/fr\/nouvelles-mini-madeleines-facon-dubai\/#article","isPartOf":{"@id":"https:\/\/lagranjafoods.com\/fr\/nouvelles-mini-madeleines-facon-dubai\/"},"author":{"name":"conta","@id":"https:\/\/lagranjafoods.com\/fr\/#\/schema\/person\/a09ef344e5c3da6e521ed0a69afd694c"},"headline":"Nouvelles mini madeleines fa\u00e7on Duba\u00ef","datePublished":"2026-08-10T07:42:32+00:00","dateModified":"2026-08-10T07:42:33+00:00","mainEntityOfPage":{"@id":"https:\/\/lagranjafoods.com\/fr\/nouvelles-mini-madeleines-facon-dubai\/"},"wordCount":238,"publisher":{"@id":"https:\/\/lagranjafoods.com\/fr\/#organization"},"image":{"@id":"https:\/\/lagranjafoods.com\/fr\/nouvelles-mini-madeleines-facon-dubai\/#primaryimage"},"thumbnailUrl":"https:\/\/lagranjafoods.com\/wp-content\/uploads\/Banner-blog-pagina-web-2000-\u00d7-1500-px-2.png","articleSection":["News","Actualit\u00e9s"],"inLanguage":"fr-FR"},{"@type":"WebPage","@id":"https:\/\/lagranjafoods.com\/fr\/nouvelles-mini-madeleines-facon-dubai\/","url":"https:\/\/lagranjafoods.com\/fr\/nouvelles-mini-madeleines-facon-dubai\/","name":"Nouvelles mini madeleines fa\u00e7on Duba\u00ef - La Granja Foods","isPartOf":{"@id":"https:\/\/lagranjafoods.com\/fr\/#website"},"primaryImageOfPage":{"@id":"https:\/\/lagranjafoods.com\/fr\/nouvelles-mini-madeleines-facon-dubai\/#primaryimage"},"image":{"@id":"https:\/\/lagranjafoods.com\/fr\/nouvelles-mini-madeleines-facon-dubai\/#primaryimage"},"thumbnailUrl":"https:\/\/lagranjafoods.com\/wp-content\/uploads\/Banner-blog-pagina-web-2000-\u00d7-1500-px-2.png","datePublished":"2026-08-10T07:42:32+00:00","dateModified":"2026-08-10T07:42:33+00:00","description":"D\u00e9couvrez nos nouvelles mini-madeleines fa\u00e7on Duba\u00ef en deux d\u00e9licieuses versions: traditionnelle et au cacao, toutes deux fourr\u00e9es au kadaif.","breadcrumb":{"@id":"https:\/\/lagranjafoods.com\/fr\/nouvelles-mini-madeleines-facon-dubai\/#breadcrumb"},"inLanguage":"fr-FR","potentialAction":[{"@type":"ReadAction","target":["https:\/\/lagranjafoods.com\/fr\/nouvelles-mini-madeleines-facon-dubai\/"]}]},{"@type":"ImageObject","inLanguage":"fr-FR","@id":"https:\/\/lagranjafoods.com\/fr\/nouvelles-mini-madeleines-facon-dubai\/#primaryimage","url":"https:\/\/lagranjafoods.com\/wp-content\/uploads\/Banner-blog-pagina-web-2000-\u00d7-1500-px-2.png","contentUrl":"https:\/\/lagranjafoods.com\/wp-content\/uploads\/Banner-blog-pagina-web-2000-\u00d7-1500-px-2.png","width":2000,"height":1500},{"@type":"BreadcrumbList","@id":"https:\/\/lagranjafoods.com\/fr\/nouvelles-mini-madeleines-facon-dubai\/#breadcrumb","itemListElement":[{"@type":"ListItem","position":1,"name":"Portada","item":"https:\/\/lagranjafoods.com\/fr\/"},{"@type":"ListItem","position":2,"name":"Nouvelles mini madeleines fa\u00e7on Duba\u00ef"}]},{"@type":"WebSite","@id":"https:\/\/lagranjafoods.com\/fr\/#website","url":"https:\/\/lagranjafoods.com\/fr\/","name":"La Granja Foods","description":"\u00a1Benvinguts a La Granja! Qualitat, sabor i frescor des de 1959.","publisher":{"@id":"https:\/\/lagranjafoods.com\/fr\/#organization"},"potentialAction":[{"@type":"SearchAction","target":{"@type":"EntryPoint","urlTemplate":"https:\/\/lagranjafoods.com\/fr\/?s={search_term_string}"},"query-input":{"@type":"PropertyValueSpecification","valueRequired":true,"valueName":"search_term_string"}}],"inLanguage":"fr-FR"},{"@type":"Organization","@id":"https:\/\/lagranjafoods.com\/fr\/#organization","name":"La Granja Foods","url":"https:\/\/lagranjafoods.com\/fr\/","logo":{"@type":"ImageObject","inLanguage":"fr-FR","@id":"https:\/\/lagranjafoods.com\/fr\/#\/schema\/logo\/image\/","url":"https:\/\/lagranjafoods.com\/wp-content\/uploads\/logo-lagranjafoods.png","contentUrl":"https:\/\/lagranjafoods.com\/wp-content\/uploads\/logo-lagranjafoods.png","width":539,"height":158,"caption":"La Granja Foods "},"image":{"@id":"https:\/\/lagranjafoods.com\/fr\/#\/schema\/logo\/image\/"}},{"@type":"Person","@id":"https:\/\/lagranjafoods.com\/fr\/#\/schema\/person\/a09ef344e5c3da6e521ed0a69afd694c","name":"conta"}]}},"_links":{"self":[{"href":"https:\/\/lagranjafoods.com\/fr\/wp-json\/wp\/v2\/posts\/58669","targetHints":{"allow":["GET"]}}],"collection":[{"href":"https:\/\/lagranjafoods.com\/fr\/wp-json\/wp\/v2\/posts"}],"about":[{"href":"https:\/\/lagranjafoods.com\/fr\/wp-json\/wp\/v2\/types\/post"}],"author":[{"embeddable":true,"href":"https:\/\/lagranjafoods.com\/fr\/wp-json\/wp\/v2\/users\/565"}],"replies":[{"embeddable":true,"href":"https:\/\/lagranjafoods.com\/fr\/wp-json\/wp\/v2\/comments?post=58669"}],"version-history":[{"count":1,"href":"https:\/\/lagranjafoods.com\/fr\/wp-json\/wp\/v2\/posts\/58669\/revisions"}],"predecessor-version":[{"id":58678,"href":"https:\/\/lagranjafoods.com\/fr\/wp-json\/wp\/v2\/posts\/58669\/revisions\/58678"}],"wp:featuredmedia":[{"embeddable":true,"href":"https:\/\/lagranjafoods.com\/fr\/wp-json\/wp\/v2\/media\/58673"}],"wp:attachment":[{"href":"https:\/\/lagranjafoods.com\/fr\/wp-json\/wp\/v2\/media?parent=58669"}],"wp:term":[{"taxonomy":"category","embeddable":true,"href":"https:\/\/lagranjafoods.com\/fr\/wp-json\/wp\/v2\/categories?post=58669"},{"taxonomy":"post_tag","embeddable":true,"href":"https:\/\/lagranjafoods.com\/fr\/wp-json\/wp\/v2\/tags?post=58669"}],"curies":[{"name":"wp","href":"https:\/\/api.w.org\/{rel}","templated":true}]}}