{"id":58617,"date":"2026-08-05T09:49:55","date_gmt":"2026-08-05T07:49:55","guid":{"rendered":"https:\/\/lagranjafoods.com\/?p=58617"},"modified":"2026-08-05T09:49:55","modified_gmt":"2026-08-05T07:49:55","slug":"carme-gol-recompensee-par-le-prix-dona-dempresa-de-la-fegp","status":"publish","type":"post","link":"https:\/\/lagranjafoods.com\/fr\/carme-gol-recompensee-par-le-prix-dona-dempresa-de-la-fegp\/","title":{"rendered":"Carme Gol, r\u00e9compens\u00e9e par le prix Dona d&#8217;empresa de la FEGP"},"content":{"rendered":"<p>Le 11 juin dernier, notre pr\u00e9sidente, Carme Gol, a re\u00e7u le Prix FEGP Dona d\u2019Empresa 2026. Il s\u2019agit d\u2019une reconnaissance amplement m\u00e9rit\u00e9e qui la consacre comme une figure cl\u00e9 du leadership au sein de l\u2019entreprise et qui met en valeur son parcours \u00e0 la t\u00eate de l\u2019organisation, fruit de son engagement et de son d\u00e9vouement constants.<\/p>\n<p>Ce prix met tout particuli\u00e8rement en avant un mod\u00e8le de leadership qui va au-del\u00e0 de la gestion du quotidien et qui repose sur une vision \u00e0 long terme, ax\u00e9e sur l\u2019am\u00e9lioration continue, la p\u00e9rennit\u00e9 du projet et la croissance partag\u00e9e de l\u2019organisation.<\/p>\n<p>Par ailleurs, ce prix r\u00e9affirme l\u2019importance du leadership f\u00e9minin dans le monde de l\u2019entreprise et reconna\u00eet le r\u00f4le et les efforts de femmes comme Carme, qui encouragent et dirigent des initiatives solides et durables, ayant un impact tangible sur le d\u00e9veloppement social et \u00e9conomique du territoire.<\/p>\n<p>Cette reconnaissance est \u00e9galement une source d\u2019inspiration pour continuer \u00e0 promouvoir un mod\u00e8le d\u2019entreprise fond\u00e9 sur l\u2019engagement, l\u2019innovation et la cr\u00e9ation de valeur, en mettant en lumi\u00e8re la contribution des femmes au tissu entrepreneurial et au progr\u00e8s de la soci\u00e9t\u00e9.<\/p>\n<p>Pour Carme Gol, cette reconnaissance est \u00e9galement un hommage \u00e0 toutes les personnes qui contribuent jour apr\u00e8s jour \u00e0 la croissance de l\u2019entreprise :<\/p>\n<p><em>\u00ab Je suis tr\u00e8s \u00e9mue et reconnaissante d\u2019avoir re\u00e7u le Prix de la Nit de l\u2019Empresa 2026 de la FEGP. Cette reconnaissance n\u2019est pas seulement la mienne, elle appartient \u00e0 toutes les femmes et \u00e0 tous les hommes qui font partie de La Granja. Gr\u00e2ce \u00e0 leur engagement, leurs efforts et leur passion, nous rendons chaque jour possible ce projet qui nous tient tant \u00e0 c\u0153ur. Merci \u00e0 la FEGP et au collectif Dones d\u2019Empresa pour cette distinction, et merci \u00e0 toute l\u2019\u00e9quipe de La Granja de l\u2019avoir rendue possible. \u00bb<\/em><\/p>\n<p>F\u00e9licitations, Carme ! Profite pleinement de ce prix amplement m\u00e9rit\u00e9. Tu le m\u00e9rites vraiment !<\/p>\n","protected":false},"excerpt":{"rendered":"<p>Le 11 juin dernier, notre pr\u00e9sidente, Carme Gol, a re\u00e7u le Prix FEGP Dona d\u2019Empresa 2026. Il s\u2019agit d\u2019une reconnaissance amplement m\u00e9rit\u00e9e qui la consacre comme une figure cl\u00e9 du &hellip;<\/p>\n","protected":false},"author":565,"featured_media":58621,"comment_status":"closed","ping_status":"closed","sticky":false,"template":"","format":"standard","meta":{"_acf_changed":false,"mc4wp_mailchimp_campaign":[],"footnotes":""},"categories":[860],"tags":[],"class_list":["post-58617","post","type-post","status-publish","format-standard","has-post-thumbnail","hentry","category-actualites"],"acf":[],"yoast_head":"<!-- This site is optimized with the Yoast SEO plugin v28.3 - https:\/\/yoast.com\/product\/yoast-seo-wordpress\/ -->\n<title>Carme Gol, r\u00e9compens\u00e9e par le prix Dona d&#039;empresa de la FEGP - La Granja Foods<\/title>\n<meta name=\"description\" content=\"Carme Gol, pr\u00e9sidente de La Granja, a re\u00e7u le Prix Dona d\u2019Empresa 2026 de la FEGP.\" \/>\n<meta name=\"robots\" content=\"index, follow, max-snippet:-1, max-image-preview:large, max-video-preview:-1\" \/>\n<link rel=\"canonical\" href=\"https:\/\/lagranjafoods.com\/fr\/carme-gol-recompensee-par-le-prix-dona-dempresa-de-la-fegp\/\" \/>\n<meta property=\"og:locale\" content=\"fr_FR\" \/>\n<meta property=\"og:type\" content=\"article\" \/>\n<meta property=\"og:title\" content=\"Carme Gol, r\u00e9compens\u00e9e par le prix Dona d&#039;empresa de la FEGP - La Granja Foods\" \/>\n<meta property=\"og:description\" content=\"Carme Gol, pr\u00e9sidente de La Granja, a re\u00e7u le Prix Dona d\u2019Empresa 2026 de la FEGP.\" \/>\n<meta property=\"og:url\" content=\"https:\/\/lagranjafoods.com\/fr\/carme-gol-recompensee-par-le-prix-dona-dempresa-de-la-fegp\/\" \/>\n<meta property=\"og:site_name\" content=\"La Granja Foods\" \/>\n<meta property=\"article:published_time\" content=\"2026-08-05T07:49:55+00:00\" \/>\n<meta property=\"og:image\" content=\"https:\/\/lagranjafoods.com\/wp-content\/uploads\/Premi-FEGP-2026-1024x768.png\" \/>\n\t<meta property=\"og:image:width\" content=\"1024\" \/>\n\t<meta property=\"og:image:height\" content=\"768\" \/>\n\t<meta property=\"og:image:type\" content=\"image\/png\" \/>\n<meta name=\"author\" content=\"conta\" \/>\n<meta name=\"twitter:card\" content=\"summary_large_image\" \/>\n<meta name=\"twitter:label1\" content=\"\u00c9crit par\" \/>\n\t<meta name=\"twitter:data1\" content=\"conta\" \/>\n\t<meta name=\"twitter:label2\" content=\"Dur\u00e9e de lecture estim\u00e9e\" \/>\n\t<meta name=\"twitter:data2\" content=\"2 minutes\" \/>\n<script type=\"application\/ld+json\" class=\"yoast-schema-graph\">{\"@context\":\"https:\\\/\\\/schema.org\",\"@graph\":[{\"@type\":\"Article\",\"@id\":\"https:\\\/\\\/lagranjafoods.com\\\/fr\\\/carme-gol-recompensee-par-le-prix-dona-dempresa-de-la-fegp\\\/#article\",\"isPartOf\":{\"@id\":\"https:\\\/\\\/lagranjafoods.com\\\/fr\\\/carme-gol-recompensee-par-le-prix-dona-dempresa-de-la-fegp\\\/\"},\"author\":{\"name\":\"conta\",\"@id\":\"https:\\\/\\\/lagranjafoods.com\\\/fr\\\/#\\\/schema\\\/person\\\/a09ef344e5c3da6e521ed0a69afd694c\"},\"headline\":\"Carme Gol, r\u00e9compens\u00e9e par le prix Dona d&#8217;empresa de la FEGP\",\"datePublished\":\"2026-08-05T07:49:55+00:00\",\"mainEntityOfPage\":{\"@id\":\"https:\\\/\\\/lagranjafoods.com\\\/fr\\\/carme-gol-recompensee-par-le-prix-dona-dempresa-de-la-fegp\\\/\"},\"wordCount\":359,\"publisher\":{\"@id\":\"https:\\\/\\\/lagranjafoods.com\\\/fr\\\/#organization\"},\"image\":{\"@id\":\"https:\\\/\\\/lagranjafoods.com\\\/fr\\\/carme-gol-recompensee-par-le-prix-dona-dempresa-de-la-fegp\\\/#primaryimage\"},\"thumbnailUrl\":\"https:\\\/\\\/lagranjafoods.com\\\/wp-content\\\/uploads\\\/Premi-FEGP-2026.png\",\"articleSection\":[\"Actualit\u00e9s\"],\"inLanguage\":\"fr-FR\"},{\"@type\":\"WebPage\",\"@id\":\"https:\\\/\\\/lagranjafoods.com\\\/fr\\\/carme-gol-recompensee-par-le-prix-dona-dempresa-de-la-fegp\\\/\",\"url\":\"https:\\\/\\\/lagranjafoods.com\\\/fr\\\/carme-gol-recompensee-par-le-prix-dona-dempresa-de-la-fegp\\\/\",\"name\":\"Carme Gol, r\u00e9compens\u00e9e par le prix Dona d'empresa de la FEGP - La Granja Foods\",\"isPartOf\":{\"@id\":\"https:\\\/\\\/lagranjafoods.com\\\/fr\\\/#website\"},\"primaryImageOfPage\":{\"@id\":\"https:\\\/\\\/lagranjafoods.com\\\/fr\\\/carme-gol-recompensee-par-le-prix-dona-dempresa-de-la-fegp\\\/#primaryimage\"},\"image\":{\"@id\":\"https:\\\/\\\/lagranjafoods.com\\\/fr\\\/carme-gol-recompensee-par-le-prix-dona-dempresa-de-la-fegp\\\/#primaryimage\"},\"thumbnailUrl\":\"https:\\\/\\\/lagranjafoods.com\\\/wp-content\\\/uploads\\\/Premi-FEGP-2026.png\",\"datePublished\":\"2026-08-05T07:49:55+00:00\",\"description\":\"Carme Gol, pr\u00e9sidente de La Granja, a re\u00e7u le Prix Dona d\u2019Empresa 2026 de la FEGP.\",\"breadcrumb\":{\"@id\":\"https:\\\/\\\/lagranjafoods.com\\\/fr\\\/carme-gol-recompensee-par-le-prix-dona-dempresa-de-la-fegp\\\/#breadcrumb\"},\"inLanguage\":\"fr-FR\",\"potentialAction\":[{\"@type\":\"ReadAction\",\"target\":[\"https:\\\/\\\/lagranjafoods.com\\\/fr\\\/carme-gol-recompensee-par-le-prix-dona-dempresa-de-la-fegp\\\/\"]}]},{\"@type\":\"ImageObject\",\"inLanguage\":\"fr-FR\",\"@id\":\"https:\\\/\\\/lagranjafoods.com\\\/fr\\\/carme-gol-recompensee-par-le-prix-dona-dempresa-de-la-fegp\\\/#primaryimage\",\"url\":\"https:\\\/\\\/lagranjafoods.com\\\/wp-content\\\/uploads\\\/Premi-FEGP-2026.png\",\"contentUrl\":\"https:\\\/\\\/lagranjafoods.com\\\/wp-content\\\/uploads\\\/Premi-FEGP-2026.png\",\"width\":2000,\"height\":1500},{\"@type\":\"BreadcrumbList\",\"@id\":\"https:\\\/\\\/lagranjafoods.com\\\/fr\\\/carme-gol-recompensee-par-le-prix-dona-dempresa-de-la-fegp\\\/#breadcrumb\",\"itemListElement\":[{\"@type\":\"ListItem\",\"position\":1,\"name\":\"Portada\",\"item\":\"https:\\\/\\\/lagranjafoods.com\\\/fr\\\/\"},{\"@type\":\"ListItem\",\"position\":2,\"name\":\"Carme Gol, r\u00e9compens\u00e9e par le prix Dona d&#8217;empresa de la FEGP\"}]},{\"@type\":\"WebSite\",\"@id\":\"https:\\\/\\\/lagranjafoods.com\\\/fr\\\/#website\",\"url\":\"https:\\\/\\\/lagranjafoods.com\\\/fr\\\/\",\"name\":\"La Granja Foods\",\"description\":\"\u00a1Benvinguts a La Granja! Qualitat, sabor i frescor des de 1959.\",\"publisher\":{\"@id\":\"https:\\\/\\\/lagranjafoods.com\\\/fr\\\/#organization\"},\"potentialAction\":[{\"@type\":\"SearchAction\",\"target\":{\"@type\":\"EntryPoint\",\"urlTemplate\":\"https:\\\/\\\/lagranjafoods.com\\\/fr\\\/?s={search_term_string}\"},\"query-input\":{\"@type\":\"PropertyValueSpecification\",\"valueRequired\":true,\"valueName\":\"search_term_string\"}}],\"inLanguage\":\"fr-FR\"},{\"@type\":\"Organization\",\"@id\":\"https:\\\/\\\/lagranjafoods.com\\\/fr\\\/#organization\",\"name\":\"La Granja Foods\",\"url\":\"https:\\\/\\\/lagranjafoods.com\\\/fr\\\/\",\"logo\":{\"@type\":\"ImageObject\",\"inLanguage\":\"fr-FR\",\"@id\":\"https:\\\/\\\/lagranjafoods.com\\\/fr\\\/#\\\/schema\\\/logo\\\/image\\\/\",\"url\":\"https:\\\/\\\/lagranjafoods.com\\\/wp-content\\\/uploads\\\/logo-lagranjafoods.png\",\"contentUrl\":\"https:\\\/\\\/lagranjafoods.com\\\/wp-content\\\/uploads\\\/logo-lagranjafoods.png\",\"width\":539,\"height\":158,\"caption\":\"La Granja Foods \"},\"image\":{\"@id\":\"https:\\\/\\\/lagranjafoods.com\\\/fr\\\/#\\\/schema\\\/logo\\\/image\\\/\"}},{\"@type\":\"Person\",\"@id\":\"https:\\\/\\\/lagranjafoods.com\\\/fr\\\/#\\\/schema\\\/person\\\/a09ef344e5c3da6e521ed0a69afd694c\",\"name\":\"conta\"}]}<\/script>\n<!-- \/ Yoast SEO plugin. -->","yoast_head_json":{"title":"Carme Gol, r\u00e9compens\u00e9e par le prix Dona d'empresa de la FEGP - La Granja Foods","description":"Carme Gol, pr\u00e9sidente de La Granja, a re\u00e7u le Prix Dona d\u2019Empresa 2026 de la FEGP.","robots":{"index":"index","follow":"follow","max-snippet":"max-snippet:-1","max-image-preview":"max-image-preview:large","max-video-preview":"max-video-preview:-1"},"canonical":"https:\/\/lagranjafoods.com\/fr\/carme-gol-recompensee-par-le-prix-dona-dempresa-de-la-fegp\/","og_locale":"fr_FR","og_type":"article","og_title":"Carme Gol, r\u00e9compens\u00e9e par le prix Dona d'empresa de la FEGP - La Granja Foods","og_description":"Carme Gol, pr\u00e9sidente de La Granja, a re\u00e7u le Prix Dona d\u2019Empresa 2026 de la FEGP.","og_url":"https:\/\/lagranjafoods.com\/fr\/carme-gol-recompensee-par-le-prix-dona-dempresa-de-la-fegp\/","og_site_name":"La Granja Foods","article_published_time":"2026-08-05T07:49:55+00:00","og_image":[{"width":1024,"height":768,"url":"https:\/\/lagranjafoods.com\/wp-content\/uploads\/Premi-FEGP-2026-1024x768.png","type":"image\/png"}],"author":"conta","twitter_card":"summary_large_image","twitter_misc":{"\u00c9crit par":"conta","Dur\u00e9e de lecture estim\u00e9e":"2 minutes"},"schema":{"@context":"https:\/\/schema.org","@graph":[{"@type":"Article","@id":"https:\/\/lagranjafoods.com\/fr\/carme-gol-recompensee-par-le-prix-dona-dempresa-de-la-fegp\/#article","isPartOf":{"@id":"https:\/\/lagranjafoods.com\/fr\/carme-gol-recompensee-par-le-prix-dona-dempresa-de-la-fegp\/"},"author":{"name":"conta","@id":"https:\/\/lagranjafoods.com\/fr\/#\/schema\/person\/a09ef344e5c3da6e521ed0a69afd694c"},"headline":"Carme Gol, r\u00e9compens\u00e9e par le prix Dona d&#8217;empresa de la FEGP","datePublished":"2026-08-05T07:49:55+00:00","mainEntityOfPage":{"@id":"https:\/\/lagranjafoods.com\/fr\/carme-gol-recompensee-par-le-prix-dona-dempresa-de-la-fegp\/"},"wordCount":359,"publisher":{"@id":"https:\/\/lagranjafoods.com\/fr\/#organization"},"image":{"@id":"https:\/\/lagranjafoods.com\/fr\/carme-gol-recompensee-par-le-prix-dona-dempresa-de-la-fegp\/#primaryimage"},"thumbnailUrl":"https:\/\/lagranjafoods.com\/wp-content\/uploads\/Premi-FEGP-2026.png","articleSection":["Actualit\u00e9s"],"inLanguage":"fr-FR"},{"@type":"WebPage","@id":"https:\/\/lagranjafoods.com\/fr\/carme-gol-recompensee-par-le-prix-dona-dempresa-de-la-fegp\/","url":"https:\/\/lagranjafoods.com\/fr\/carme-gol-recompensee-par-le-prix-dona-dempresa-de-la-fegp\/","name":"Carme Gol, r\u00e9compens\u00e9e par le prix Dona d'empresa de la FEGP - La Granja Foods","isPartOf":{"@id":"https:\/\/lagranjafoods.com\/fr\/#website"},"primaryImageOfPage":{"@id":"https:\/\/lagranjafoods.com\/fr\/carme-gol-recompensee-par-le-prix-dona-dempresa-de-la-fegp\/#primaryimage"},"image":{"@id":"https:\/\/lagranjafoods.com\/fr\/carme-gol-recompensee-par-le-prix-dona-dempresa-de-la-fegp\/#primaryimage"},"thumbnailUrl":"https:\/\/lagranjafoods.com\/wp-content\/uploads\/Premi-FEGP-2026.png","datePublished":"2026-08-05T07:49:55+00:00","description":"Carme Gol, pr\u00e9sidente de La Granja, a re\u00e7u le Prix Dona d\u2019Empresa 2026 de la FEGP.","breadcrumb":{"@id":"https:\/\/lagranjafoods.com\/fr\/carme-gol-recompensee-par-le-prix-dona-dempresa-de-la-fegp\/#breadcrumb"},"inLanguage":"fr-FR","potentialAction":[{"@type":"ReadAction","target":["https:\/\/lagranjafoods.com\/fr\/carme-gol-recompensee-par-le-prix-dona-dempresa-de-la-fegp\/"]}]},{"@type":"ImageObject","inLanguage":"fr-FR","@id":"https:\/\/lagranjafoods.com\/fr\/carme-gol-recompensee-par-le-prix-dona-dempresa-de-la-fegp\/#primaryimage","url":"https:\/\/lagranjafoods.com\/wp-content\/uploads\/Premi-FEGP-2026.png","contentUrl":"https:\/\/lagranjafoods.com\/wp-content\/uploads\/Premi-FEGP-2026.png","width":2000,"height":1500},{"@type":"BreadcrumbList","@id":"https:\/\/lagranjafoods.com\/fr\/carme-gol-recompensee-par-le-prix-dona-dempresa-de-la-fegp\/#breadcrumb","itemListElement":[{"@type":"ListItem","position":1,"name":"Portada","item":"https:\/\/lagranjafoods.com\/fr\/"},{"@type":"ListItem","position":2,"name":"Carme Gol, r\u00e9compens\u00e9e par le prix Dona d&#8217;empresa de la FEGP"}]},{"@type":"WebSite","@id":"https:\/\/lagranjafoods.com\/fr\/#website","url":"https:\/\/lagranjafoods.com\/fr\/","name":"La Granja Foods","description":"\u00a1Benvinguts a La Granja! Qualitat, sabor i frescor des de 1959.","publisher":{"@id":"https:\/\/lagranjafoods.com\/fr\/#organization"},"potentialAction":[{"@type":"SearchAction","target":{"@type":"EntryPoint","urlTemplate":"https:\/\/lagranjafoods.com\/fr\/?s={search_term_string}"},"query-input":{"@type":"PropertyValueSpecification","valueRequired":true,"valueName":"search_term_string"}}],"inLanguage":"fr-FR"},{"@type":"Organization","@id":"https:\/\/lagranjafoods.com\/fr\/#organization","name":"La Granja Foods","url":"https:\/\/lagranjafoods.com\/fr\/","logo":{"@type":"ImageObject","inLanguage":"fr-FR","@id":"https:\/\/lagranjafoods.com\/fr\/#\/schema\/logo\/image\/","url":"https:\/\/lagranjafoods.com\/wp-content\/uploads\/logo-lagranjafoods.png","contentUrl":"https:\/\/lagranjafoods.com\/wp-content\/uploads\/logo-lagranjafoods.png","width":539,"height":158,"caption":"La Granja Foods "},"image":{"@id":"https:\/\/lagranjafoods.com\/fr\/#\/schema\/logo\/image\/"}},{"@type":"Person","@id":"https:\/\/lagranjafoods.com\/fr\/#\/schema\/person\/a09ef344e5c3da6e521ed0a69afd694c","name":"conta"}]}},"_links":{"self":[{"href":"https:\/\/lagranjafoods.com\/fr\/wp-json\/wp\/v2\/posts\/58617","targetHints":{"allow":["GET"]}}],"collection":[{"href":"https:\/\/lagranjafoods.com\/fr\/wp-json\/wp\/v2\/posts"}],"about":[{"href":"https:\/\/lagranjafoods.com\/fr\/wp-json\/wp\/v2\/types\/post"}],"author":[{"embeddable":true,"href":"https:\/\/lagranjafoods.com\/fr\/wp-json\/wp\/v2\/users\/565"}],"replies":[{"embeddable":true,"href":"https:\/\/lagranjafoods.com\/fr\/wp-json\/wp\/v2\/comments?post=58617"}],"version-history":[{"count":1,"href":"https:\/\/lagranjafoods.com\/fr\/wp-json\/wp\/v2\/posts\/58617\/revisions"}],"predecessor-version":[{"id":58627,"href":"https:\/\/lagranjafoods.com\/fr\/wp-json\/wp\/v2\/posts\/58617\/revisions\/58627"}],"wp:featuredmedia":[{"embeddable":true,"href":"https:\/\/lagranjafoods.com\/fr\/wp-json\/wp\/v2\/media\/58621"}],"wp:attachment":[{"href":"https:\/\/lagranjafoods.com\/fr\/wp-json\/wp\/v2\/media?parent=58617"}],"wp:term":[{"taxonomy":"category","embeddable":true,"href":"https:\/\/lagranjafoods.com\/fr\/wp-json\/wp\/v2\/categories?post=58617"},{"taxonomy":"post_tag","embeddable":true,"href":"https:\/\/lagranjafoods.com\/fr\/wp-json\/wp\/v2\/tags?post=58617"}],"curies":[{"name":"wp","href":"https:\/\/api.w.org\/{rel}","templated":true}]}}