{"id":58525,"date":"2026-08-07T09:36:09","date_gmt":"2026-08-07T07:36:09","guid":{"rendered":"https:\/\/lagranjafoods.com\/?p=58525"},"modified":"2026-08-14T09:53:43","modified_gmt":"2026-08-14T07:53:43","slug":"collaboration-avec-toni-ponce-competiteur-aux-jeux-paralympiques","status":"publish","type":"post","link":"https:\/\/lagranjafoods.com\/fr\/collaboration-avec-toni-ponce-competiteur-aux-jeux-paralympiques\/","title":{"rendered":"Collaboration avec Toni Ponce, comp\u00e9titeur aux Jeux Paralympiques"},"content":{"rendered":"<p class=\"isSelectedEnd\">Chez La Granja Foods, nous sommes passionn\u00e9s par le sport et, surtout, par les valeurs qu\u2019il repr\u00e9sente : l\u2019effort, la pers\u00e9v\u00e9rance, la discipline et le d\u00e9passement de soi. C\u2019est pourquoi, en 2021, nous avons eu l\u2019opportunit\u00e9 de commencer un partenariat et de participer \u00e0 un projet tr\u00e8s sp\u00e9cial aux c\u00f4t\u00e9s de Toni Ponce, nageur paralympique et sportif qualifi\u00e9 pour les Jeux Paralympiques de Tokyo 2020, organis\u00e9s en 2021.<\/p>\n<p class=\"isSelectedEnd\">\u00c0 travers cette collaboration, nous avons souhait\u00e9 apporter notre contribution pour soutenir sa carri\u00e8re sportive et l\u2019aider \u00e0 continuer \u00e0 concourir au plus haut niveau. Aujourd\u2019hui, nous le soutenons dans le cadre d\u2019un partenariat destin\u00e9 \u00e0 l\u2019aider \u00e0 couvrir une partie des d\u00e9penses li\u00e9es \u00e0 sa pr\u00e9paration et \u00e0 sa participation aux comp\u00e9titions.<\/p>\n<p class=\"isSelectedEnd\">Mais cette collaboration va au-del\u00e0 du soutien financier. De temps en temps, Toni vient nous rendre visite chez La Granja Foods pour nous proposer des conf\u00e9rences de motivation et partager avec nous son exp\u00e9rience, les d\u00e9fis auxquels il a \u00e9t\u00e9 confront\u00e9 et son parcours de d\u00e9passement de soi. Ces rencontres nous permettent de d\u00e9couvrir directement tous les efforts qui se cachent derri\u00e8re le parcours d\u2019un sportif de haut niveau.<\/p>\n<p class=\"isSelectedEnd\">Depuis 2021, nous continuons \u00e0 l\u2019accompagner dans sa carri\u00e8re sportive, en partageant ses d\u00e9fis et en c\u00e9l\u00e9brant ses r\u00e9ussites. Nous sommes tr\u00e8s fiers de maintenir cette collaboration au fil du temps et de pouvoir, m\u00eame modestement, faire partie de son parcours.<\/p>\n<p class=\"isSelectedEnd\">Toni Ponce est une r\u00e9f\u00e9rence dans le sport paralympique et un v\u00e9ritable exemple de d\u00e9passement de soi. Son d\u00e9vouement, son engagement et sa passion pour la natation refl\u00e8tent des valeurs auxquelles nous sommes profond\u00e9ment attach\u00e9s et qui nous ont motiv\u00e9s \u00e0 commencer cette collaboration et \u00e0 rester \u00e0 ses c\u00f4t\u00e9s.<\/p>\n<p>Nous souhaitons f\u00e9liciter Toni pour tous les succ\u00e8s remport\u00e9s, notamment ses deux m\u00e9dailles d\u2019argent aux Jeux Paralympiques de Tokyo 2020, organis\u00e9s en 2021, ainsi que la m\u00e9daille d\u2019argent remport\u00e9e \u00e0 nouveau \u00e0 Paris en 2024. Nous sommes fiers de continuer \u00e0 l\u2019accompagner et de pouvoir \u00e9galement apprendre de lui, tant de son parcours sportif que de son histoire personnelle. Nous continuerons \u00e0 le soutenir dans les nouveaux d\u00e9fis \u00e0 venir et \u00e0 c\u00e9l\u00e9brer chacune de ses r\u00e9ussites.<\/p>\n","protected":false},"excerpt":{"rendered":"<p>Chez La Granja Foods, nous sommes passionn\u00e9s par le sport et, surtout, par les valeurs qu\u2019il repr\u00e9sente : l\u2019effort, la pers\u00e9v\u00e9rance, la discipline et le d\u00e9passement de soi. C\u2019est pourquoi, &hellip;<\/p>\n","protected":false},"author":565,"featured_media":58512,"comment_status":"closed","ping_status":"closed","sticky":false,"template":"","format":"standard","meta":{"_acf_changed":false,"mc4wp_mailchimp_campaign":[],"footnotes":""},"categories":[860],"tags":[],"class_list":["post-58525","post","type-post","status-publish","format-standard","has-post-thumbnail","hentry","category-actualites"],"acf":[],"yoast_head":"<!-- This site is optimized with the Yoast SEO plugin v28.3 - https:\/\/yoast.com\/product\/yoast-seo-wordpress\/ -->\n<title>Collaboration avec Toni Ponce, comp\u00e9titeur aux Jeux Paralympiques - La Granja Foods<\/title>\n<meta name=\"description\" content=\"La Granja Foods collabore avec Toni Ponce, une figure embl\u00e9matique du sport paralympique, inspir\u00e9e par sa capacit\u00e9 \u00e0 se d\u00e9passer, son engagement et sa passion.\" \/>\n<meta name=\"robots\" content=\"index, follow, max-snippet:-1, max-image-preview:large, max-video-preview:-1\" \/>\n<link rel=\"canonical\" href=\"https:\/\/lagranjafoods.com\/fr\/collaboration-avec-toni-ponce-competiteur-aux-jeux-paralympiques\/\" \/>\n<meta property=\"og:locale\" content=\"fr_FR\" \/>\n<meta property=\"og:type\" content=\"article\" \/>\n<meta property=\"og:title\" content=\"Collaboration avec Toni Ponce, comp\u00e9titeur aux Jeux Paralympiques - La Granja Foods\" \/>\n<meta property=\"og:description\" content=\"La Granja Foods collabore avec Toni Ponce, une figure embl\u00e9matique du sport paralympique, inspir\u00e9e par sa capacit\u00e9 \u00e0 se d\u00e9passer, son engagement et sa passion.\" \/>\n<meta property=\"og:url\" content=\"https:\/\/lagranjafoods.com\/fr\/collaboration-avec-toni-ponce-competiteur-aux-jeux-paralympiques\/\" \/>\n<meta property=\"og:site_name\" content=\"La Granja Foods\" \/>\n<meta property=\"article:published_time\" content=\"2026-08-07T07:36:09+00:00\" \/>\n<meta property=\"article:modified_time\" content=\"2026-08-14T07:53:43+00:00\" \/>\n<meta property=\"og:image\" content=\"https:\/\/lagranjafoods.com\/wp-content\/uploads\/Colaboracion-Toni-Ponce-1024x768.png\" \/>\n\t<meta property=\"og:image:width\" content=\"1024\" \/>\n\t<meta property=\"og:image:height\" content=\"768\" \/>\n\t<meta property=\"og:image:type\" content=\"image\/png\" \/>\n<meta name=\"author\" content=\"conta\" \/>\n<meta name=\"twitter:card\" content=\"summary_large_image\" \/>\n<meta name=\"twitter:label1\" content=\"\u00c9crit par\" \/>\n\t<meta name=\"twitter:data1\" content=\"conta\" \/>\n\t<meta name=\"twitter:label2\" content=\"Dur\u00e9e de lecture estim\u00e9e\" \/>\n\t<meta name=\"twitter:data2\" content=\"2 minutes\" \/>\n<script type=\"application\/ld+json\" class=\"yoast-schema-graph\">{\"@context\":\"https:\\\/\\\/schema.org\",\"@graph\":[{\"@type\":\"Article\",\"@id\":\"https:\\\/\\\/lagranjafoods.com\\\/fr\\\/collaboration-avec-toni-ponce-competiteur-aux-jeux-paralympiques\\\/#article\",\"isPartOf\":{\"@id\":\"https:\\\/\\\/lagranjafoods.com\\\/fr\\\/collaboration-avec-toni-ponce-competiteur-aux-jeux-paralympiques\\\/\"},\"author\":{\"name\":\"conta\",\"@id\":\"https:\\\/\\\/lagranjafoods.com\\\/fr\\\/#\\\/schema\\\/person\\\/a09ef344e5c3da6e521ed0a69afd694c\"},\"headline\":\"Collaboration avec Toni Ponce, comp\u00e9titeur aux Jeux Paralympiques\",\"datePublished\":\"2026-08-07T07:36:09+00:00\",\"dateModified\":\"2026-08-14T07:53:43+00:00\",\"mainEntityOfPage\":{\"@id\":\"https:\\\/\\\/lagranjafoods.com\\\/fr\\\/collaboration-avec-toni-ponce-competiteur-aux-jeux-paralympiques\\\/\"},\"wordCount\":404,\"publisher\":{\"@id\":\"https:\\\/\\\/lagranjafoods.com\\\/fr\\\/#organization\"},\"image\":{\"@id\":\"https:\\\/\\\/lagranjafoods.com\\\/fr\\\/collaboration-avec-toni-ponce-competiteur-aux-jeux-paralympiques\\\/#primaryimage\"},\"thumbnailUrl\":\"https:\\\/\\\/lagranjafoods.com\\\/wp-content\\\/uploads\\\/Colaboracion-Toni-Ponce.png\",\"articleSection\":[\"Actualit\u00e9s\"],\"inLanguage\":\"fr-FR\"},{\"@type\":\"WebPage\",\"@id\":\"https:\\\/\\\/lagranjafoods.com\\\/fr\\\/collaboration-avec-toni-ponce-competiteur-aux-jeux-paralympiques\\\/\",\"url\":\"https:\\\/\\\/lagranjafoods.com\\\/fr\\\/collaboration-avec-toni-ponce-competiteur-aux-jeux-paralympiques\\\/\",\"name\":\"Collaboration avec Toni Ponce, comp\u00e9titeur aux Jeux Paralympiques - La Granja Foods\",\"isPartOf\":{\"@id\":\"https:\\\/\\\/lagranjafoods.com\\\/fr\\\/#website\"},\"primaryImageOfPage\":{\"@id\":\"https:\\\/\\\/lagranjafoods.com\\\/fr\\\/collaboration-avec-toni-ponce-competiteur-aux-jeux-paralympiques\\\/#primaryimage\"},\"image\":{\"@id\":\"https:\\\/\\\/lagranjafoods.com\\\/fr\\\/collaboration-avec-toni-ponce-competiteur-aux-jeux-paralympiques\\\/#primaryimage\"},\"thumbnailUrl\":\"https:\\\/\\\/lagranjafoods.com\\\/wp-content\\\/uploads\\\/Colaboracion-Toni-Ponce.png\",\"datePublished\":\"2026-08-07T07:36:09+00:00\",\"dateModified\":\"2026-08-14T07:53:43+00:00\",\"description\":\"La Granja Foods collabore avec Toni Ponce, une figure embl\u00e9matique du sport paralympique, inspir\u00e9e par sa capacit\u00e9 \u00e0 se d\u00e9passer, son engagement et sa passion.\",\"breadcrumb\":{\"@id\":\"https:\\\/\\\/lagranjafoods.com\\\/fr\\\/collaboration-avec-toni-ponce-competiteur-aux-jeux-paralympiques\\\/#breadcrumb\"},\"inLanguage\":\"fr-FR\",\"potentialAction\":[{\"@type\":\"ReadAction\",\"target\":[\"https:\\\/\\\/lagranjafoods.com\\\/fr\\\/collaboration-avec-toni-ponce-competiteur-aux-jeux-paralympiques\\\/\"]}]},{\"@type\":\"ImageObject\",\"inLanguage\":\"fr-FR\",\"@id\":\"https:\\\/\\\/lagranjafoods.com\\\/fr\\\/collaboration-avec-toni-ponce-competiteur-aux-jeux-paralympiques\\\/#primaryimage\",\"url\":\"https:\\\/\\\/lagranjafoods.com\\\/wp-content\\\/uploads\\\/Colaboracion-Toni-Ponce.png\",\"contentUrl\":\"https:\\\/\\\/lagranjafoods.com\\\/wp-content\\\/uploads\\\/Colaboracion-Toni-Ponce.png\",\"width\":2000,\"height\":1500},{\"@type\":\"BreadcrumbList\",\"@id\":\"https:\\\/\\\/lagranjafoods.com\\\/fr\\\/collaboration-avec-toni-ponce-competiteur-aux-jeux-paralympiques\\\/#breadcrumb\",\"itemListElement\":[{\"@type\":\"ListItem\",\"position\":1,\"name\":\"Portada\",\"item\":\"https:\\\/\\\/lagranjafoods.com\\\/fr\\\/\"},{\"@type\":\"ListItem\",\"position\":2,\"name\":\"Collaboration avec Toni Ponce, comp\u00e9titeur aux Jeux Paralympiques\"}]},{\"@type\":\"WebSite\",\"@id\":\"https:\\\/\\\/lagranjafoods.com\\\/fr\\\/#website\",\"url\":\"https:\\\/\\\/lagranjafoods.com\\\/fr\\\/\",\"name\":\"La Granja Foods\",\"description\":\"\u00a1Benvinguts a La Granja! Qualitat, sabor i frescor des de 1959.\",\"publisher\":{\"@id\":\"https:\\\/\\\/lagranjafoods.com\\\/fr\\\/#organization\"},\"potentialAction\":[{\"@type\":\"SearchAction\",\"target\":{\"@type\":\"EntryPoint\",\"urlTemplate\":\"https:\\\/\\\/lagranjafoods.com\\\/fr\\\/?s={search_term_string}\"},\"query-input\":{\"@type\":\"PropertyValueSpecification\",\"valueRequired\":true,\"valueName\":\"search_term_string\"}}],\"inLanguage\":\"fr-FR\"},{\"@type\":\"Organization\",\"@id\":\"https:\\\/\\\/lagranjafoods.com\\\/fr\\\/#organization\",\"name\":\"La Granja Foods\",\"url\":\"https:\\\/\\\/lagranjafoods.com\\\/fr\\\/\",\"logo\":{\"@type\":\"ImageObject\",\"inLanguage\":\"fr-FR\",\"@id\":\"https:\\\/\\\/lagranjafoods.com\\\/fr\\\/#\\\/schema\\\/logo\\\/image\\\/\",\"url\":\"https:\\\/\\\/lagranjafoods.com\\\/wp-content\\\/uploads\\\/logo-lagranjafoods.png\",\"contentUrl\":\"https:\\\/\\\/lagranjafoods.com\\\/wp-content\\\/uploads\\\/logo-lagranjafoods.png\",\"width\":539,\"height\":158,\"caption\":\"La Granja Foods \"},\"image\":{\"@id\":\"https:\\\/\\\/lagranjafoods.com\\\/fr\\\/#\\\/schema\\\/logo\\\/image\\\/\"}},{\"@type\":\"Person\",\"@id\":\"https:\\\/\\\/lagranjafoods.com\\\/fr\\\/#\\\/schema\\\/person\\\/a09ef344e5c3da6e521ed0a69afd694c\",\"name\":\"conta\"}]}<\/script>\n<!-- \/ Yoast SEO plugin. -->","yoast_head_json":{"title":"Collaboration avec Toni Ponce, comp\u00e9titeur aux Jeux Paralympiques - La Granja Foods","description":"La Granja Foods collabore avec Toni Ponce, une figure embl\u00e9matique du sport paralympique, inspir\u00e9e par sa capacit\u00e9 \u00e0 se d\u00e9passer, son engagement et sa passion.","robots":{"index":"index","follow":"follow","max-snippet":"max-snippet:-1","max-image-preview":"max-image-preview:large","max-video-preview":"max-video-preview:-1"},"canonical":"https:\/\/lagranjafoods.com\/fr\/collaboration-avec-toni-ponce-competiteur-aux-jeux-paralympiques\/","og_locale":"fr_FR","og_type":"article","og_title":"Collaboration avec Toni Ponce, comp\u00e9titeur aux Jeux Paralympiques - La Granja Foods","og_description":"La Granja Foods collabore avec Toni Ponce, une figure embl\u00e9matique du sport paralympique, inspir\u00e9e par sa capacit\u00e9 \u00e0 se d\u00e9passer, son engagement et sa passion.","og_url":"https:\/\/lagranjafoods.com\/fr\/collaboration-avec-toni-ponce-competiteur-aux-jeux-paralympiques\/","og_site_name":"La Granja Foods","article_published_time":"2026-08-07T07:36:09+00:00","article_modified_time":"2026-08-14T07:53:43+00:00","og_image":[{"width":1024,"height":768,"url":"https:\/\/lagranjafoods.com\/wp-content\/uploads\/Colaboracion-Toni-Ponce-1024x768.png","type":"image\/png"}],"author":"conta","twitter_card":"summary_large_image","twitter_misc":{"\u00c9crit par":"conta","Dur\u00e9e de lecture estim\u00e9e":"2 minutes"},"schema":{"@context":"https:\/\/schema.org","@graph":[{"@type":"Article","@id":"https:\/\/lagranjafoods.com\/fr\/collaboration-avec-toni-ponce-competiteur-aux-jeux-paralympiques\/#article","isPartOf":{"@id":"https:\/\/lagranjafoods.com\/fr\/collaboration-avec-toni-ponce-competiteur-aux-jeux-paralympiques\/"},"author":{"name":"conta","@id":"https:\/\/lagranjafoods.com\/fr\/#\/schema\/person\/a09ef344e5c3da6e521ed0a69afd694c"},"headline":"Collaboration avec Toni Ponce, comp\u00e9titeur aux Jeux Paralympiques","datePublished":"2026-08-07T07:36:09+00:00","dateModified":"2026-08-14T07:53:43+00:00","mainEntityOfPage":{"@id":"https:\/\/lagranjafoods.com\/fr\/collaboration-avec-toni-ponce-competiteur-aux-jeux-paralympiques\/"},"wordCount":404,"publisher":{"@id":"https:\/\/lagranjafoods.com\/fr\/#organization"},"image":{"@id":"https:\/\/lagranjafoods.com\/fr\/collaboration-avec-toni-ponce-competiteur-aux-jeux-paralympiques\/#primaryimage"},"thumbnailUrl":"https:\/\/lagranjafoods.com\/wp-content\/uploads\/Colaboracion-Toni-Ponce.png","articleSection":["Actualit\u00e9s"],"inLanguage":"fr-FR"},{"@type":"WebPage","@id":"https:\/\/lagranjafoods.com\/fr\/collaboration-avec-toni-ponce-competiteur-aux-jeux-paralympiques\/","url":"https:\/\/lagranjafoods.com\/fr\/collaboration-avec-toni-ponce-competiteur-aux-jeux-paralympiques\/","name":"Collaboration avec Toni Ponce, comp\u00e9titeur aux Jeux Paralympiques - La Granja Foods","isPartOf":{"@id":"https:\/\/lagranjafoods.com\/fr\/#website"},"primaryImageOfPage":{"@id":"https:\/\/lagranjafoods.com\/fr\/collaboration-avec-toni-ponce-competiteur-aux-jeux-paralympiques\/#primaryimage"},"image":{"@id":"https:\/\/lagranjafoods.com\/fr\/collaboration-avec-toni-ponce-competiteur-aux-jeux-paralympiques\/#primaryimage"},"thumbnailUrl":"https:\/\/lagranjafoods.com\/wp-content\/uploads\/Colaboracion-Toni-Ponce.png","datePublished":"2026-08-07T07:36:09+00:00","dateModified":"2026-08-14T07:53:43+00:00","description":"La Granja Foods collabore avec Toni Ponce, une figure embl\u00e9matique du sport paralympique, inspir\u00e9e par sa capacit\u00e9 \u00e0 se d\u00e9passer, son engagement et sa passion.","breadcrumb":{"@id":"https:\/\/lagranjafoods.com\/fr\/collaboration-avec-toni-ponce-competiteur-aux-jeux-paralympiques\/#breadcrumb"},"inLanguage":"fr-FR","potentialAction":[{"@type":"ReadAction","target":["https:\/\/lagranjafoods.com\/fr\/collaboration-avec-toni-ponce-competiteur-aux-jeux-paralympiques\/"]}]},{"@type":"ImageObject","inLanguage":"fr-FR","@id":"https:\/\/lagranjafoods.com\/fr\/collaboration-avec-toni-ponce-competiteur-aux-jeux-paralympiques\/#primaryimage","url":"https:\/\/lagranjafoods.com\/wp-content\/uploads\/Colaboracion-Toni-Ponce.png","contentUrl":"https:\/\/lagranjafoods.com\/wp-content\/uploads\/Colaboracion-Toni-Ponce.png","width":2000,"height":1500},{"@type":"BreadcrumbList","@id":"https:\/\/lagranjafoods.com\/fr\/collaboration-avec-toni-ponce-competiteur-aux-jeux-paralympiques\/#breadcrumb","itemListElement":[{"@type":"ListItem","position":1,"name":"Portada","item":"https:\/\/lagranjafoods.com\/fr\/"},{"@type":"ListItem","position":2,"name":"Collaboration avec Toni Ponce, comp\u00e9titeur aux Jeux Paralympiques"}]},{"@type":"WebSite","@id":"https:\/\/lagranjafoods.com\/fr\/#website","url":"https:\/\/lagranjafoods.com\/fr\/","name":"La Granja Foods","description":"\u00a1Benvinguts a La Granja! Qualitat, sabor i frescor des de 1959.","publisher":{"@id":"https:\/\/lagranjafoods.com\/fr\/#organization"},"potentialAction":[{"@type":"SearchAction","target":{"@type":"EntryPoint","urlTemplate":"https:\/\/lagranjafoods.com\/fr\/?s={search_term_string}"},"query-input":{"@type":"PropertyValueSpecification","valueRequired":true,"valueName":"search_term_string"}}],"inLanguage":"fr-FR"},{"@type":"Organization","@id":"https:\/\/lagranjafoods.com\/fr\/#organization","name":"La Granja Foods","url":"https:\/\/lagranjafoods.com\/fr\/","logo":{"@type":"ImageObject","inLanguage":"fr-FR","@id":"https:\/\/lagranjafoods.com\/fr\/#\/schema\/logo\/image\/","url":"https:\/\/lagranjafoods.com\/wp-content\/uploads\/logo-lagranjafoods.png","contentUrl":"https:\/\/lagranjafoods.com\/wp-content\/uploads\/logo-lagranjafoods.png","width":539,"height":158,"caption":"La Granja Foods "},"image":{"@id":"https:\/\/lagranjafoods.com\/fr\/#\/schema\/logo\/image\/"}},{"@type":"Person","@id":"https:\/\/lagranjafoods.com\/fr\/#\/schema\/person\/a09ef344e5c3da6e521ed0a69afd694c","name":"conta"}]}},"_links":{"self":[{"href":"https:\/\/lagranjafoods.com\/fr\/wp-json\/wp\/v2\/posts\/58525","targetHints":{"allow":["GET"]}}],"collection":[{"href":"https:\/\/lagranjafoods.com\/fr\/wp-json\/wp\/v2\/posts"}],"about":[{"href":"https:\/\/lagranjafoods.com\/fr\/wp-json\/wp\/v2\/types\/post"}],"author":[{"embeddable":true,"href":"https:\/\/lagranjafoods.com\/fr\/wp-json\/wp\/v2\/users\/565"}],"replies":[{"embeddable":true,"href":"https:\/\/lagranjafoods.com\/fr\/wp-json\/wp\/v2\/comments?post=58525"}],"version-history":[{"count":2,"href":"https:\/\/lagranjafoods.com\/fr\/wp-json\/wp\/v2\/posts\/58525\/revisions"}],"predecessor-version":[{"id":58652,"href":"https:\/\/lagranjafoods.com\/fr\/wp-json\/wp\/v2\/posts\/58525\/revisions\/58652"}],"wp:featuredmedia":[{"embeddable":true,"href":"https:\/\/lagranjafoods.com\/fr\/wp-json\/wp\/v2\/media\/58512"}],"wp:attachment":[{"href":"https:\/\/lagranjafoods.com\/fr\/wp-json\/wp\/v2\/media?parent=58525"}],"wp:term":[{"taxonomy":"category","embeddable":true,"href":"https:\/\/lagranjafoods.com\/fr\/wp-json\/wp\/v2\/categories?post=58525"},{"taxonomy":"post_tag","embeddable":true,"href":"https:\/\/lagranjafoods.com\/fr\/wp-json\/wp\/v2\/tags?post=58525"}],"curies":[{"name":"wp","href":"https:\/\/api.w.org\/{rel}","templated":true}]}}