{"id":58490,"date":"2026-07-29T11:53:59","date_gmt":"2026-07-29T09:53:59","guid":{"rendered":"https:\/\/lagranjafoods.com\/?p=58490"},"modified":"2026-07-29T12:11:37","modified_gmt":"2026-07-29T10:11:37","slug":"visite-du-conseiller-de-la-generalitat-oscar-ordeig","status":"publish","type":"post","link":"https:\/\/lagranjafoods.com\/fr\/visite-du-conseiller-de-la-generalitat-oscar-ordeig\/","title":{"rendered":"La Granja Foods accueille la visite institutionnelle du conseiller \u00d2scar Ordeig"},"content":{"rendered":"<p class=\"isSelectedEnd\"><strong>\u00d2scar Ordeig visite les installations de l\u2019entreprise afin de d\u00e9couvrir de premi\u00e8re main son activit\u00e9, ses projets d\u2019avenir et son engagement en faveur du secteur agroalimentaire catalan<\/strong><\/p>\n<p class=\"isSelectedEnd\"><strong>Ol\u00e8rdola, le 28 juillet.<\/strong> La Granja Foods a accueilli hier la visite institutionnelle d\u2019<strong>\u00d2scar Ordeig<\/strong>, conseiller \u00e0 l\u2019Agriculture, \u00e0 l\u2019\u00c9levage, \u00e0 la P\u00eache et \u00e0 l\u2019Alimentation de la Generalitat de Catalunya, accompagn\u00e9 de <strong>Rosa Cubel<\/strong>, secr\u00e9taire g\u00e9n\u00e9rale \u00e0 l\u2019Alimentation du D\u00e9partement de l\u2019Agriculture, de l\u2019\u00c9levage, de la P\u00eache et de l\u2019Alimentation ; <strong>Llu\u00eds Valls<\/strong>, d\u00e9l\u00e9gu\u00e9 du Gouvernement de la Generalitat dans le Pened\u00e8s ; <strong>Irene Mercader<\/strong>, directrice des Services territoriaux dans le Pened\u00e8s du D\u00e9partement de l\u2019Agriculture, de l\u2019\u00c9levage, de la P\u00eache et de l\u2019Alimentation ; <strong>Jordi \u00c0lvarez<\/strong>, maire d\u2019Ol\u00e8rdola, et <strong>Francisco Romero<\/strong>, maire de Vilafranca del Pened\u00e8s.<\/p>\n<p class=\"isSelectedEnd\">La visite a d\u00e9but\u00e9 par une r\u00e9union au si\u00e8ge de La Granja Foods, au cours de laquelle l\u2019\u00e9quipe de direction a pr\u00e9sent\u00e9 l\u2019histoire de l\u2019entreprise, son \u00e9volution ainsi que les principaux projets strat\u00e9giques qui soutiennent sa croissance. La pr\u00e9sentation a \u00e9galement permis d\u2019aborder les d\u00e9fis et les opportunit\u00e9s du secteur agroalimentaire, ainsi que l\u2019engagement de l\u2019entreprise en faveur de l\u2019innovation, de la qualit\u00e9 et du d\u00e9veloppement durable.<\/p>\n<p class=\"isSelectedEnd\">La d\u00e9l\u00e9gation institutionnelle a ensuite visit\u00e9 le site de production, o\u00f9 elle a pu d\u00e9couvrir les processus de fabrication, les normes de qualit\u00e9 et de s\u00e9curit\u00e9 alimentaire, ainsi que les investissements et les initiatives que La Granja Foods d\u00e9veloppe afin de continuer \u00e0 renforcer sa comp\u00e9titivit\u00e9 et sa capacit\u00e9 de production.<\/p>\n<p class=\"isSelectedEnd\">Cette rencontre a permis d\u2019\u00e9changer sur les principaux d\u00e9fis du secteur agroalimentaire et de mettre en valeur le r\u00f4le des entreprises du territoire dans la cr\u00e9ation d\u2019emplois, l\u2019innovation et le d\u00e9veloppement \u00e9conomique de la Catalogne.<\/p>\n<p class=\"isSelectedEnd\">La Granja Foods se f\u00e9licite de cette visite institutionnelle, qui a permis de pr\u00e9senter la r\u00e9alit\u00e9 de l\u2019entreprise et de partager son engagement en faveur d\u2019un mod\u00e8le de croissance fond\u00e9 sur la qualit\u00e9, l\u2019innovation et l\u2019ancrage territorial.<\/p>\n<p><strong>\u00ab Pour La Granja Foods, c\u2019est une grande fiert\u00e9 d\u2019avoir accueilli cette visite institutionnelle et d\u2019avoir pu pr\u00e9senter le travail que nous r\u00e9alisons chaque jour. Nous sommes convaincus que la collaboration entre les institutions et le tissu \u00e9conomique est essentielle pour continuer \u00e0 promouvoir un secteur agroalimentaire fort, innovant et comp\u00e9titif \u00bb, souligne Sergi L\u00f3pez Gol, CEO de La Granja Foods.<\/strong><\/p>\n\n\n<p class=\"wp-block-paragraph\"><\/p>\n","protected":false},"excerpt":{"rendered":"<p>\u00d2scar Ordeig visite les installations de l\u2019entreprise afin de d\u00e9couvrir de premi\u00e8re main son activit\u00e9, ses projets d\u2019avenir et son engagement en faveur du secteur agroalimentaire catalan Ol\u00e8rdola, le 28 &hellip;<\/p>\n","protected":false},"author":565,"featured_media":58495,"comment_status":"closed","ping_status":"open","sticky":false,"template":"","format":"standard","meta":{"_acf_changed":false,"mc4wp_mailchimp_campaign":[],"footnotes":""},"categories":[860],"tags":[819],"class_list":["post-58490","post","type-post","status-publish","format-standard","has-post-thumbnail","hentry","category-actualites","tag-sans-gluten"],"acf":[],"yoast_head":"<!-- This site is optimized with the Yoast SEO plugin v28.3 - https:\/\/yoast.com\/product\/yoast-seo-wordpress\/ -->\n<title>La Granja Foods accueille la visite institutionnelle du conseiller \u00d2scar Ordeig - La Granja Foods<\/title>\n<meta name=\"description\" content=\"La Granja Foods accueille la visite d\u2019\u00d2scar Ordeig, conseiller \u00e0 l\u2019Agriculture, \u00e0 l\u2019\u00c9levage, \u00e0 la P\u00eache et \u00e0 l\u2019Alimentation de la Generalitat de Catalunya.\" \/>\n<meta name=\"robots\" content=\"index, follow, max-snippet:-1, max-image-preview:large, max-video-preview:-1\" \/>\n<link rel=\"canonical\" href=\"https:\/\/lagranjafoods.com\/fr\/visite-du-conseiller-de-la-generalitat-oscar-ordeig\/\" \/>\n<meta property=\"og:locale\" content=\"fr_FR\" \/>\n<meta property=\"og:type\" content=\"article\" \/>\n<meta property=\"og:title\" content=\"La Granja Foods accueille la visite institutionnelle du conseiller \u00d2scar Ordeig - La Granja Foods\" \/>\n<meta property=\"og:description\" content=\"La Granja Foods accueille la visite d\u2019\u00d2scar Ordeig, conseiller \u00e0 l\u2019Agriculture, \u00e0 l\u2019\u00c9levage, \u00e0 la P\u00eache et \u00e0 l\u2019Alimentation de la Generalitat de Catalunya.\" \/>\n<meta property=\"og:url\" content=\"https:\/\/lagranjafoods.com\/fr\/visite-du-conseiller-de-la-generalitat-oscar-ordeig\/\" \/>\n<meta property=\"og:site_name\" content=\"La Granja Foods\" \/>\n<meta property=\"article:published_time\" content=\"2026-07-29T09:53:59+00:00\" \/>\n<meta property=\"article:modified_time\" content=\"2026-07-29T10:11:37+00:00\" \/>\n<meta property=\"og:image\" content=\"https:\/\/lagranjafoods.com\/wp-content\/uploads\/Visita-del-conseller-de-la-Generalitat-1024x768.png\" \/>\n\t<meta property=\"og:image:width\" content=\"1024\" \/>\n\t<meta property=\"og:image:height\" content=\"768\" \/>\n\t<meta property=\"og:image:type\" content=\"image\/png\" \/>\n<meta name=\"author\" content=\"conta\" \/>\n<meta name=\"twitter:card\" content=\"summary_large_image\" \/>\n<meta name=\"twitter:label1\" content=\"\u00c9crit par\" \/>\n\t<meta name=\"twitter:data1\" content=\"conta\" \/>\n\t<meta name=\"twitter:label2\" content=\"Dur\u00e9e de lecture estim\u00e9e\" \/>\n\t<meta name=\"twitter:data2\" content=\"2 minutes\" \/>\n<script type=\"application\/ld+json\" class=\"yoast-schema-graph\">{\"@context\":\"https:\\\/\\\/schema.org\",\"@graph\":[{\"@type\":\"Article\",\"@id\":\"https:\\\/\\\/lagranjafoods.com\\\/fr\\\/visite-du-conseiller-de-la-generalitat-oscar-ordeig\\\/#article\",\"isPartOf\":{\"@id\":\"https:\\\/\\\/lagranjafoods.com\\\/fr\\\/visite-du-conseiller-de-la-generalitat-oscar-ordeig\\\/\"},\"author\":{\"name\":\"conta\",\"@id\":\"https:\\\/\\\/lagranjafoods.com\\\/fr\\\/#\\\/schema\\\/person\\\/a09ef344e5c3da6e521ed0a69afd694c\"},\"headline\":\"La Granja Foods accueille la visite institutionnelle du conseiller \u00d2scar Ordeig\",\"datePublished\":\"2026-07-29T09:53:59+00:00\",\"dateModified\":\"2026-07-29T10:11:37+00:00\",\"mainEntityOfPage\":{\"@id\":\"https:\\\/\\\/lagranjafoods.com\\\/fr\\\/visite-du-conseiller-de-la-generalitat-oscar-ordeig\\\/\"},\"wordCount\":450,\"publisher\":{\"@id\":\"https:\\\/\\\/lagranjafoods.com\\\/fr\\\/#organization\"},\"image\":{\"@id\":\"https:\\\/\\\/lagranjafoods.com\\\/fr\\\/visite-du-conseiller-de-la-generalitat-oscar-ordeig\\\/#primaryimage\"},\"thumbnailUrl\":\"https:\\\/\\\/lagranjafoods.com\\\/wp-content\\\/uploads\\\/Visita-del-conseller-de-la-Generalitat.png\",\"keywords\":[\"Sans gluten\"],\"articleSection\":[\"Actualit\u00e9s\"],\"inLanguage\":\"fr-FR\"},{\"@type\":\"WebPage\",\"@id\":\"https:\\\/\\\/lagranjafoods.com\\\/fr\\\/visite-du-conseiller-de-la-generalitat-oscar-ordeig\\\/\",\"url\":\"https:\\\/\\\/lagranjafoods.com\\\/fr\\\/visite-du-conseiller-de-la-generalitat-oscar-ordeig\\\/\",\"name\":\"La Granja Foods accueille la visite institutionnelle du conseiller \u00d2scar Ordeig - La Granja Foods\",\"isPartOf\":{\"@id\":\"https:\\\/\\\/lagranjafoods.com\\\/fr\\\/#website\"},\"primaryImageOfPage\":{\"@id\":\"https:\\\/\\\/lagranjafoods.com\\\/fr\\\/visite-du-conseiller-de-la-generalitat-oscar-ordeig\\\/#primaryimage\"},\"image\":{\"@id\":\"https:\\\/\\\/lagranjafoods.com\\\/fr\\\/visite-du-conseiller-de-la-generalitat-oscar-ordeig\\\/#primaryimage\"},\"thumbnailUrl\":\"https:\\\/\\\/lagranjafoods.com\\\/wp-content\\\/uploads\\\/Visita-del-conseller-de-la-Generalitat.png\",\"datePublished\":\"2026-07-29T09:53:59+00:00\",\"dateModified\":\"2026-07-29T10:11:37+00:00\",\"description\":\"La Granja Foods accueille la visite d\u2019\u00d2scar Ordeig, conseiller \u00e0 l\u2019Agriculture, \u00e0 l\u2019\u00c9levage, \u00e0 la P\u00eache et \u00e0 l\u2019Alimentation de la Generalitat de Catalunya.\",\"breadcrumb\":{\"@id\":\"https:\\\/\\\/lagranjafoods.com\\\/fr\\\/visite-du-conseiller-de-la-generalitat-oscar-ordeig\\\/#breadcrumb\"},\"inLanguage\":\"fr-FR\",\"potentialAction\":[{\"@type\":\"ReadAction\",\"target\":[\"https:\\\/\\\/lagranjafoods.com\\\/fr\\\/visite-du-conseiller-de-la-generalitat-oscar-ordeig\\\/\"]}]},{\"@type\":\"ImageObject\",\"inLanguage\":\"fr-FR\",\"@id\":\"https:\\\/\\\/lagranjafoods.com\\\/fr\\\/visite-du-conseiller-de-la-generalitat-oscar-ordeig\\\/#primaryimage\",\"url\":\"https:\\\/\\\/lagranjafoods.com\\\/wp-content\\\/uploads\\\/Visita-del-conseller-de-la-Generalitat.png\",\"contentUrl\":\"https:\\\/\\\/lagranjafoods.com\\\/wp-content\\\/uploads\\\/Visita-del-conseller-de-la-Generalitat.png\",\"width\":2000,\"height\":1500},{\"@type\":\"BreadcrumbList\",\"@id\":\"https:\\\/\\\/lagranjafoods.com\\\/fr\\\/visite-du-conseiller-de-la-generalitat-oscar-ordeig\\\/#breadcrumb\",\"itemListElement\":[{\"@type\":\"ListItem\",\"position\":1,\"name\":\"Portada\",\"item\":\"https:\\\/\\\/lagranjafoods.com\\\/fr\\\/\"},{\"@type\":\"ListItem\",\"position\":2,\"name\":\"La Granja Foods accueille la visite institutionnelle du conseiller \u00d2scar Ordeig\"}]},{\"@type\":\"WebSite\",\"@id\":\"https:\\\/\\\/lagranjafoods.com\\\/fr\\\/#website\",\"url\":\"https:\\\/\\\/lagranjafoods.com\\\/fr\\\/\",\"name\":\"La Granja Foods\",\"description\":\"\u00a1Benvinguts a La Granja! Qualitat, sabor i frescor des de 1959.\",\"publisher\":{\"@id\":\"https:\\\/\\\/lagranjafoods.com\\\/fr\\\/#organization\"},\"potentialAction\":[{\"@type\":\"SearchAction\",\"target\":{\"@type\":\"EntryPoint\",\"urlTemplate\":\"https:\\\/\\\/lagranjafoods.com\\\/fr\\\/?s={search_term_string}\"},\"query-input\":{\"@type\":\"PropertyValueSpecification\",\"valueRequired\":true,\"valueName\":\"search_term_string\"}}],\"inLanguage\":\"fr-FR\"},{\"@type\":\"Organization\",\"@id\":\"https:\\\/\\\/lagranjafoods.com\\\/fr\\\/#organization\",\"name\":\"La Granja Foods\",\"url\":\"https:\\\/\\\/lagranjafoods.com\\\/fr\\\/\",\"logo\":{\"@type\":\"ImageObject\",\"inLanguage\":\"fr-FR\",\"@id\":\"https:\\\/\\\/lagranjafoods.com\\\/fr\\\/#\\\/schema\\\/logo\\\/image\\\/\",\"url\":\"https:\\\/\\\/lagranjafoods.com\\\/wp-content\\\/uploads\\\/logo-lagranjafoods.png\",\"contentUrl\":\"https:\\\/\\\/lagranjafoods.com\\\/wp-content\\\/uploads\\\/logo-lagranjafoods.png\",\"width\":539,\"height\":158,\"caption\":\"La Granja Foods \"},\"image\":{\"@id\":\"https:\\\/\\\/lagranjafoods.com\\\/fr\\\/#\\\/schema\\\/logo\\\/image\\\/\"}},{\"@type\":\"Person\",\"@id\":\"https:\\\/\\\/lagranjafoods.com\\\/fr\\\/#\\\/schema\\\/person\\\/a09ef344e5c3da6e521ed0a69afd694c\",\"name\":\"conta\"}]}<\/script>\n<!-- \/ Yoast SEO plugin. -->","yoast_head_json":{"title":"La Granja Foods accueille la visite institutionnelle du conseiller \u00d2scar Ordeig - La Granja Foods","description":"La Granja Foods accueille la visite d\u2019\u00d2scar Ordeig, conseiller \u00e0 l\u2019Agriculture, \u00e0 l\u2019\u00c9levage, \u00e0 la P\u00eache et \u00e0 l\u2019Alimentation de la Generalitat de Catalunya.","robots":{"index":"index","follow":"follow","max-snippet":"max-snippet:-1","max-image-preview":"max-image-preview:large","max-video-preview":"max-video-preview:-1"},"canonical":"https:\/\/lagranjafoods.com\/fr\/visite-du-conseiller-de-la-generalitat-oscar-ordeig\/","og_locale":"fr_FR","og_type":"article","og_title":"La Granja Foods accueille la visite institutionnelle du conseiller \u00d2scar Ordeig - La Granja Foods","og_description":"La Granja Foods accueille la visite d\u2019\u00d2scar Ordeig, conseiller \u00e0 l\u2019Agriculture, \u00e0 l\u2019\u00c9levage, \u00e0 la P\u00eache et \u00e0 l\u2019Alimentation de la Generalitat de Catalunya.","og_url":"https:\/\/lagranjafoods.com\/fr\/visite-du-conseiller-de-la-generalitat-oscar-ordeig\/","og_site_name":"La Granja Foods","article_published_time":"2026-07-29T09:53:59+00:00","article_modified_time":"2026-07-29T10:11:37+00:00","og_image":[{"width":1024,"height":768,"url":"https:\/\/lagranjafoods.com\/wp-content\/uploads\/Visita-del-conseller-de-la-Generalitat-1024x768.png","type":"image\/png"}],"author":"conta","twitter_card":"summary_large_image","twitter_misc":{"\u00c9crit par":"conta","Dur\u00e9e de lecture estim\u00e9e":"2 minutes"},"schema":{"@context":"https:\/\/schema.org","@graph":[{"@type":"Article","@id":"https:\/\/lagranjafoods.com\/fr\/visite-du-conseiller-de-la-generalitat-oscar-ordeig\/#article","isPartOf":{"@id":"https:\/\/lagranjafoods.com\/fr\/visite-du-conseiller-de-la-generalitat-oscar-ordeig\/"},"author":{"name":"conta","@id":"https:\/\/lagranjafoods.com\/fr\/#\/schema\/person\/a09ef344e5c3da6e521ed0a69afd694c"},"headline":"La Granja Foods accueille la visite institutionnelle du conseiller \u00d2scar Ordeig","datePublished":"2026-07-29T09:53:59+00:00","dateModified":"2026-07-29T10:11:37+00:00","mainEntityOfPage":{"@id":"https:\/\/lagranjafoods.com\/fr\/visite-du-conseiller-de-la-generalitat-oscar-ordeig\/"},"wordCount":450,"publisher":{"@id":"https:\/\/lagranjafoods.com\/fr\/#organization"},"image":{"@id":"https:\/\/lagranjafoods.com\/fr\/visite-du-conseiller-de-la-generalitat-oscar-ordeig\/#primaryimage"},"thumbnailUrl":"https:\/\/lagranjafoods.com\/wp-content\/uploads\/Visita-del-conseller-de-la-Generalitat.png","keywords":["Sans gluten"],"articleSection":["Actualit\u00e9s"],"inLanguage":"fr-FR"},{"@type":"WebPage","@id":"https:\/\/lagranjafoods.com\/fr\/visite-du-conseiller-de-la-generalitat-oscar-ordeig\/","url":"https:\/\/lagranjafoods.com\/fr\/visite-du-conseiller-de-la-generalitat-oscar-ordeig\/","name":"La Granja Foods accueille la visite institutionnelle du conseiller \u00d2scar Ordeig - La Granja Foods","isPartOf":{"@id":"https:\/\/lagranjafoods.com\/fr\/#website"},"primaryImageOfPage":{"@id":"https:\/\/lagranjafoods.com\/fr\/visite-du-conseiller-de-la-generalitat-oscar-ordeig\/#primaryimage"},"image":{"@id":"https:\/\/lagranjafoods.com\/fr\/visite-du-conseiller-de-la-generalitat-oscar-ordeig\/#primaryimage"},"thumbnailUrl":"https:\/\/lagranjafoods.com\/wp-content\/uploads\/Visita-del-conseller-de-la-Generalitat.png","datePublished":"2026-07-29T09:53:59+00:00","dateModified":"2026-07-29T10:11:37+00:00","description":"La Granja Foods accueille la visite d\u2019\u00d2scar Ordeig, conseiller \u00e0 l\u2019Agriculture, \u00e0 l\u2019\u00c9levage, \u00e0 la P\u00eache et \u00e0 l\u2019Alimentation de la Generalitat de Catalunya.","breadcrumb":{"@id":"https:\/\/lagranjafoods.com\/fr\/visite-du-conseiller-de-la-generalitat-oscar-ordeig\/#breadcrumb"},"inLanguage":"fr-FR","potentialAction":[{"@type":"ReadAction","target":["https:\/\/lagranjafoods.com\/fr\/visite-du-conseiller-de-la-generalitat-oscar-ordeig\/"]}]},{"@type":"ImageObject","inLanguage":"fr-FR","@id":"https:\/\/lagranjafoods.com\/fr\/visite-du-conseiller-de-la-generalitat-oscar-ordeig\/#primaryimage","url":"https:\/\/lagranjafoods.com\/wp-content\/uploads\/Visita-del-conseller-de-la-Generalitat.png","contentUrl":"https:\/\/lagranjafoods.com\/wp-content\/uploads\/Visita-del-conseller-de-la-Generalitat.png","width":2000,"height":1500},{"@type":"BreadcrumbList","@id":"https:\/\/lagranjafoods.com\/fr\/visite-du-conseiller-de-la-generalitat-oscar-ordeig\/#breadcrumb","itemListElement":[{"@type":"ListItem","position":1,"name":"Portada","item":"https:\/\/lagranjafoods.com\/fr\/"},{"@type":"ListItem","position":2,"name":"La Granja Foods accueille la visite institutionnelle du conseiller \u00d2scar Ordeig"}]},{"@type":"WebSite","@id":"https:\/\/lagranjafoods.com\/fr\/#website","url":"https:\/\/lagranjafoods.com\/fr\/","name":"La Granja Foods","description":"\u00a1Benvinguts a La Granja! Qualitat, sabor i frescor des de 1959.","publisher":{"@id":"https:\/\/lagranjafoods.com\/fr\/#organization"},"potentialAction":[{"@type":"SearchAction","target":{"@type":"EntryPoint","urlTemplate":"https:\/\/lagranjafoods.com\/fr\/?s={search_term_string}"},"query-input":{"@type":"PropertyValueSpecification","valueRequired":true,"valueName":"search_term_string"}}],"inLanguage":"fr-FR"},{"@type":"Organization","@id":"https:\/\/lagranjafoods.com\/fr\/#organization","name":"La Granja Foods","url":"https:\/\/lagranjafoods.com\/fr\/","logo":{"@type":"ImageObject","inLanguage":"fr-FR","@id":"https:\/\/lagranjafoods.com\/fr\/#\/schema\/logo\/image\/","url":"https:\/\/lagranjafoods.com\/wp-content\/uploads\/logo-lagranjafoods.png","contentUrl":"https:\/\/lagranjafoods.com\/wp-content\/uploads\/logo-lagranjafoods.png","width":539,"height":158,"caption":"La Granja Foods "},"image":{"@id":"https:\/\/lagranjafoods.com\/fr\/#\/schema\/logo\/image\/"}},{"@type":"Person","@id":"https:\/\/lagranjafoods.com\/fr\/#\/schema\/person\/a09ef344e5c3da6e521ed0a69afd694c","name":"conta"}]}},"_links":{"self":[{"href":"https:\/\/lagranjafoods.com\/fr\/wp-json\/wp\/v2\/posts\/58490","targetHints":{"allow":["GET"]}}],"collection":[{"href":"https:\/\/lagranjafoods.com\/fr\/wp-json\/wp\/v2\/posts"}],"about":[{"href":"https:\/\/lagranjafoods.com\/fr\/wp-json\/wp\/v2\/types\/post"}],"author":[{"embeddable":true,"href":"https:\/\/lagranjafoods.com\/fr\/wp-json\/wp\/v2\/users\/565"}],"replies":[{"embeddable":true,"href":"https:\/\/lagranjafoods.com\/fr\/wp-json\/wp\/v2\/comments?post=58490"}],"version-history":[{"count":3,"href":"https:\/\/lagranjafoods.com\/fr\/wp-json\/wp\/v2\/posts\/58490\/revisions"}],"predecessor-version":[{"id":58504,"href":"https:\/\/lagranjafoods.com\/fr\/wp-json\/wp\/v2\/posts\/58490\/revisions\/58504"}],"wp:featuredmedia":[{"embeddable":true,"href":"https:\/\/lagranjafoods.com\/fr\/wp-json\/wp\/v2\/media\/58495"}],"wp:attachment":[{"href":"https:\/\/lagranjafoods.com\/fr\/wp-json\/wp\/v2\/media?parent=58490"}],"wp:term":[{"taxonomy":"category","embeddable":true,"href":"https:\/\/lagranjafoods.com\/fr\/wp-json\/wp\/v2\/categories?post=58490"},{"taxonomy":"post_tag","embeddable":true,"href":"https:\/\/lagranjafoods.com\/fr\/wp-json\/wp\/v2\/tags?post=58490"}],"curies":[{"name":"wp","href":"https:\/\/api.w.org\/{rel}","templated":true}]}}