{"id":57756,"date":"2026-06-30T09:41:16","date_gmt":"2026-06-30T07:41:16","guid":{"rendered":"http:\/\/lagranjafoods.com\/?p=57756"},"modified":"2026-06-30T10:32:29","modified_gmt":"2026-06-30T08:32:29","slug":"collaboration-avec-novell-nouvelles-propositions-sans-gluten-et-sans-lactose","status":"publish","type":"post","link":"https:\/\/lagranjafoods.com\/fr\/collaboration-avec-novell-nouvelles-propositions-sans-gluten-et-sans-lactose\/","title":{"rendered":"Collaboration avec Novell : nouvelles propositions sans gluten et sans lactose"},"content":{"rendered":"<p class=\"PDq2pG_selectionAnchorContainer\" data-start=\"1926\" data-end=\"2239\">Dans le cadre de notre engagement en faveur de l\u2019innovation et du d\u00e9veloppement de nouveaux produits, nous sommes particuli\u00e8rement heureux d\u2019annoncer notre collaboration avec <strong>Caf\u00e8s Novell<\/strong>, entreprise de r\u00e9f\u00e9rence dans le secteur du caf\u00e9 avec laquelle nous partageons une proximit\u00e9 et un ancrage territorial forts.<\/p>\n<p data-start=\"2241\" data-end=\"2772\">Cette alliance s\u2019inscrit dans la philosophie de <strong>La Granja Foods<\/strong> consistant \u00e0 d\u00e9velopper des produits diff\u00e9renciants aux c\u00f4t\u00e9s de marques partageant nos valeurs d\u2019excellence, d\u2019innovation et de proximit\u00e9. Dans ce contexte, des initiatives telles que la gamme Special Editions ont permis des collaborations avec des entreprises comme La Fageda, Alemany 1879, Tea Shop ou Torrons Vicens, contribuant \u00e0 explorer de nouvelles exp\u00e9riences gustatives et \u00e0 proposer des offres capables de surprendre un consommateur toujours plus exigeant.<\/p>\n<p data-start=\"2774\" data-end=\"2950\" data-is-last-node=\"\" data-is-only-node=\"\">Avec Caf\u00e8s Novell, nous franchissons une nouvelle \u00e9tape sur ce chemin partag\u00e9 entre deux entreprises du Pened\u00e8s, aux trajectoires familiales et \u00e0 une m\u00eame vision de la qualit\u00e9.<\/p>\n<p>De cette union sont n\u00e9es deux nouvelles propositions con\u00e7ues pour offrir saveur, qualit\u00e9 et options adapt\u00e9es \u00e0 diff\u00e9rents besoins alimentaires :<\/p>\n<p><a href=\"https:\/\/lagranjafoods.com\/fr\/produit\/cake-au-tiramisu-sans-gluten-et-sans-lactose-novell\/\">\u2022 G\u00e2teau de type tiramisu sans gluten et sans lactose<\/a><br \/><a href=\"https:\/\/lagranjafoods.com\/fr\/produit\/mini-madeleines-au-cafe-novell-sans-gluten-et-sans-lactose\/\">\u2022 Mini muffins au caf\u00e9 sans gluten et sans lactose<\/a><\/p>\n<p>Ces deux produits ont \u00e9t\u00e9 d\u00e9velopp\u00e9s avec le plus grand soin, afin de pr\u00e9server toute leur saveur et leur texture caract\u00e9ristiques, tout en proposant des alternatives adapt\u00e9es aux personnes intol\u00e9rantes.<\/p>\n<p>Depuis leur lancement, ces produits ont \u00e9t\u00e9 tr\u00e8s bien accueillis, confirmant l\u2019int\u00e9r\u00eat croissant pour les options sans gluten et sans lactose qui ne renoncent pas au plaisir d\u2019une bonne p\u00e2tisserie.<\/p>\n<p>Cette collaboration renforce notre engagement \u00e0 continuer d\u2019\u00e9largir notre gamme sans gluten et sans lactose, en pla\u00e7ant toujours la qualit\u00e9 et le plaisir au c\u0153ur de notre d\u00e9marche.<\/p>\n\n\n<p class=\"wp-block-paragraph\"><\/p>\n","protected":false},"excerpt":{"rendered":"<p>Dans le cadre de notre engagement en faveur de l\u2019innovation et du d\u00e9veloppement de nouveaux produits, nous sommes particuli\u00e8rement heureux d\u2019annoncer notre collaboration avec Caf\u00e8s Novell, entreprise de r\u00e9f\u00e9rence dans &hellip;<\/p>\n","protected":false},"author":565,"featured_media":57762,"comment_status":"closed","ping_status":"open","sticky":false,"template":"","format":"standard","meta":{"_acf_changed":false,"mc4wp_mailchimp_campaign":[],"footnotes":""},"categories":[860],"tags":[819],"class_list":["post-57756","post","type-post","status-publish","format-standard","has-post-thumbnail","hentry","category-actualites","tag-sans-gluten"],"acf":[],"yoast_head":"<!-- This site is optimized with the Yoast SEO plugin v28.3 - https:\/\/yoast.com\/product\/yoast-seo-wordpress\/ -->\n<title>Collaboration avec Novell : nouvelles propositions sans gluten et sans lactose - La Granja Foods<\/title>\n<meta name=\"description\" content=\"Innovation et saveur r\u00e9unies dans notre collaboration avec Novell, deux nouvelles r\u00e9f\u00e9rences sans gluten et sans lactose \u00e0 savourer sans limites.\" \/>\n<meta name=\"robots\" content=\"index, follow, max-snippet:-1, max-image-preview:large, max-video-preview:-1\" \/>\n<link rel=\"canonical\" href=\"https:\/\/lagranjafoods.com\/fr\/collaboration-avec-novell-nouvelles-propositions-sans-gluten-et-sans-lactose\/\" \/>\n<meta property=\"og:locale\" content=\"fr_FR\" \/>\n<meta property=\"og:type\" content=\"article\" \/>\n<meta property=\"og:title\" content=\"Collaboration avec Novell : nouvelles propositions sans gluten et sans lactose - La Granja Foods\" \/>\n<meta property=\"og:description\" content=\"Innovation et saveur r\u00e9unies dans notre collaboration avec Novell, deux nouvelles r\u00e9f\u00e9rences sans gluten et sans lactose \u00e0 savourer sans limites.\" \/>\n<meta property=\"og:url\" content=\"https:\/\/lagranjafoods.com\/fr\/collaboration-avec-novell-nouvelles-propositions-sans-gluten-et-sans-lactose\/\" \/>\n<meta property=\"og:site_name\" content=\"La Granja Foods\" \/>\n<meta property=\"article:published_time\" content=\"2026-06-30T07:41:16+00:00\" \/>\n<meta property=\"article:modified_time\" content=\"2026-06-30T08:32:29+00:00\" \/>\n<meta property=\"og:image\" content=\"https:\/\/lagranjafoods.com\/wp-content\/uploads\/Colaboracion-con-Novell-nuevas-propuestas-sin-gluten-y-sin-lactosa.jpg\" \/>\n\t<meta property=\"og:image:width\" content=\"2000\" \/>\n\t<meta property=\"og:image:height\" content=\"1500\" \/>\n\t<meta property=\"og:image:type\" content=\"image\/jpeg\" \/>\n<meta name=\"author\" content=\"conta\" \/>\n<meta name=\"twitter:card\" content=\"summary_large_image\" \/>\n<meta name=\"twitter:label1\" content=\"\u00c9crit par\" \/>\n\t<meta name=\"twitter:data1\" content=\"conta\" \/>\n\t<meta name=\"twitter:label2\" content=\"Dur\u00e9e de lecture estim\u00e9e\" \/>\n\t<meta name=\"twitter:data2\" content=\"2 minutes\" \/>\n<script type=\"application\/ld+json\" class=\"yoast-schema-graph\">{\"@context\":\"https:\\\/\\\/schema.org\",\"@graph\":[{\"@type\":\"Article\",\"@id\":\"https:\\\/\\\/lagranjafoods.com\\\/fr\\\/collaboration-avec-novell-nouvelles-propositions-sans-gluten-et-sans-lactose\\\/#article\",\"isPartOf\":{\"@id\":\"https:\\\/\\\/lagranjafoods.com\\\/fr\\\/collaboration-avec-novell-nouvelles-propositions-sans-gluten-et-sans-lactose\\\/\"},\"author\":{\"name\":\"conta\",\"@id\":\"https:\\\/\\\/lagranjafoods.com\\\/fr\\\/#\\\/schema\\\/person\\\/a09ef344e5c3da6e521ed0a69afd694c\"},\"headline\":\"Collaboration avec Novell : nouvelles propositions sans gluten et sans lactose\",\"datePublished\":\"2026-06-30T07:41:16+00:00\",\"dateModified\":\"2026-06-30T08:32:29+00:00\",\"mainEntityOfPage\":{\"@id\":\"https:\\\/\\\/lagranjafoods.com\\\/fr\\\/collaboration-avec-novell-nouvelles-propositions-sans-gluten-et-sans-lactose\\\/\"},\"wordCount\":317,\"publisher\":{\"@id\":\"https:\\\/\\\/lagranjafoods.com\\\/fr\\\/#organization\"},\"image\":{\"@id\":\"https:\\\/\\\/lagranjafoods.com\\\/fr\\\/collaboration-avec-novell-nouvelles-propositions-sans-gluten-et-sans-lactose\\\/#primaryimage\"},\"thumbnailUrl\":\"https:\\\/\\\/lagranjafoods.com\\\/wp-content\\\/uploads\\\/Colaboracion-con-Novell-nuevas-propuestas-sin-gluten-y-sin-lactosa.jpg\",\"keywords\":[\"Sans gluten\"],\"articleSection\":[\"Actualit\u00e9s\"],\"inLanguage\":\"fr-FR\"},{\"@type\":\"WebPage\",\"@id\":\"https:\\\/\\\/lagranjafoods.com\\\/fr\\\/collaboration-avec-novell-nouvelles-propositions-sans-gluten-et-sans-lactose\\\/\",\"url\":\"https:\\\/\\\/lagranjafoods.com\\\/fr\\\/collaboration-avec-novell-nouvelles-propositions-sans-gluten-et-sans-lactose\\\/\",\"name\":\"Collaboration avec Novell : nouvelles propositions sans gluten et sans lactose - La Granja Foods\",\"isPartOf\":{\"@id\":\"https:\\\/\\\/lagranjafoods.com\\\/fr\\\/#website\"},\"primaryImageOfPage\":{\"@id\":\"https:\\\/\\\/lagranjafoods.com\\\/fr\\\/collaboration-avec-novell-nouvelles-propositions-sans-gluten-et-sans-lactose\\\/#primaryimage\"},\"image\":{\"@id\":\"https:\\\/\\\/lagranjafoods.com\\\/fr\\\/collaboration-avec-novell-nouvelles-propositions-sans-gluten-et-sans-lactose\\\/#primaryimage\"},\"thumbnailUrl\":\"https:\\\/\\\/lagranjafoods.com\\\/wp-content\\\/uploads\\\/Colaboracion-con-Novell-nuevas-propuestas-sin-gluten-y-sin-lactosa.jpg\",\"datePublished\":\"2026-06-30T07:41:16+00:00\",\"dateModified\":\"2026-06-30T08:32:29+00:00\",\"description\":\"Innovation et saveur r\u00e9unies dans notre collaboration avec Novell, deux nouvelles r\u00e9f\u00e9rences sans gluten et sans lactose \u00e0 savourer sans limites.\",\"breadcrumb\":{\"@id\":\"https:\\\/\\\/lagranjafoods.com\\\/fr\\\/collaboration-avec-novell-nouvelles-propositions-sans-gluten-et-sans-lactose\\\/#breadcrumb\"},\"inLanguage\":\"fr-FR\",\"potentialAction\":[{\"@type\":\"ReadAction\",\"target\":[\"https:\\\/\\\/lagranjafoods.com\\\/fr\\\/collaboration-avec-novell-nouvelles-propositions-sans-gluten-et-sans-lactose\\\/\"]}]},{\"@type\":\"ImageObject\",\"inLanguage\":\"fr-FR\",\"@id\":\"https:\\\/\\\/lagranjafoods.com\\\/fr\\\/collaboration-avec-novell-nouvelles-propositions-sans-gluten-et-sans-lactose\\\/#primaryimage\",\"url\":\"https:\\\/\\\/lagranjafoods.com\\\/wp-content\\\/uploads\\\/Colaboracion-con-Novell-nuevas-propuestas-sin-gluten-y-sin-lactosa.jpg\",\"contentUrl\":\"https:\\\/\\\/lagranjafoods.com\\\/wp-content\\\/uploads\\\/Colaboracion-con-Novell-nuevas-propuestas-sin-gluten-y-sin-lactosa.jpg\",\"width\":2000,\"height\":1500},{\"@type\":\"BreadcrumbList\",\"@id\":\"https:\\\/\\\/lagranjafoods.com\\\/fr\\\/collaboration-avec-novell-nouvelles-propositions-sans-gluten-et-sans-lactose\\\/#breadcrumb\",\"itemListElement\":[{\"@type\":\"ListItem\",\"position\":1,\"name\":\"Portada\",\"item\":\"https:\\\/\\\/lagranjafoods.com\\\/fr\\\/\"},{\"@type\":\"ListItem\",\"position\":2,\"name\":\"Collaboration avec Novell : nouvelles propositions sans gluten et sans lactose\"}]},{\"@type\":\"WebSite\",\"@id\":\"https:\\\/\\\/lagranjafoods.com\\\/fr\\\/#website\",\"url\":\"https:\\\/\\\/lagranjafoods.com\\\/fr\\\/\",\"name\":\"La Granja Foods\",\"description\":\"\u00a1Benvinguts a La Granja! Qualitat, sabor i frescor des de 1959.\",\"publisher\":{\"@id\":\"https:\\\/\\\/lagranjafoods.com\\\/fr\\\/#organization\"},\"potentialAction\":[{\"@type\":\"SearchAction\",\"target\":{\"@type\":\"EntryPoint\",\"urlTemplate\":\"https:\\\/\\\/lagranjafoods.com\\\/fr\\\/?s={search_term_string}\"},\"query-input\":{\"@type\":\"PropertyValueSpecification\",\"valueRequired\":true,\"valueName\":\"search_term_string\"}}],\"inLanguage\":\"fr-FR\"},{\"@type\":\"Organization\",\"@id\":\"https:\\\/\\\/lagranjafoods.com\\\/fr\\\/#organization\",\"name\":\"La Granja Foods\",\"url\":\"https:\\\/\\\/lagranjafoods.com\\\/fr\\\/\",\"logo\":{\"@type\":\"ImageObject\",\"inLanguage\":\"fr-FR\",\"@id\":\"https:\\\/\\\/lagranjafoods.com\\\/fr\\\/#\\\/schema\\\/logo\\\/image\\\/\",\"url\":\"https:\\\/\\\/lagranjafoods.com\\\/wp-content\\\/uploads\\\/logo-lagranjafoods.png\",\"contentUrl\":\"https:\\\/\\\/lagranjafoods.com\\\/wp-content\\\/uploads\\\/logo-lagranjafoods.png\",\"width\":539,\"height\":158,\"caption\":\"La Granja Foods \"},\"image\":{\"@id\":\"https:\\\/\\\/lagranjafoods.com\\\/fr\\\/#\\\/schema\\\/logo\\\/image\\\/\"}},{\"@type\":\"Person\",\"@id\":\"https:\\\/\\\/lagranjafoods.com\\\/fr\\\/#\\\/schema\\\/person\\\/a09ef344e5c3da6e521ed0a69afd694c\",\"name\":\"conta\"}]}<\/script>\n<!-- \/ Yoast SEO plugin. -->","yoast_head_json":{"title":"Collaboration avec Novell : nouvelles propositions sans gluten et sans lactose - La Granja Foods","description":"Innovation et saveur r\u00e9unies dans notre collaboration avec Novell, deux nouvelles r\u00e9f\u00e9rences sans gluten et sans lactose \u00e0 savourer sans limites.","robots":{"index":"index","follow":"follow","max-snippet":"max-snippet:-1","max-image-preview":"max-image-preview:large","max-video-preview":"max-video-preview:-1"},"canonical":"https:\/\/lagranjafoods.com\/fr\/collaboration-avec-novell-nouvelles-propositions-sans-gluten-et-sans-lactose\/","og_locale":"fr_FR","og_type":"article","og_title":"Collaboration avec Novell : nouvelles propositions sans gluten et sans lactose - La Granja Foods","og_description":"Innovation et saveur r\u00e9unies dans notre collaboration avec Novell, deux nouvelles r\u00e9f\u00e9rences sans gluten et sans lactose \u00e0 savourer sans limites.","og_url":"https:\/\/lagranjafoods.com\/fr\/collaboration-avec-novell-nouvelles-propositions-sans-gluten-et-sans-lactose\/","og_site_name":"La Granja Foods","article_published_time":"2026-06-30T07:41:16+00:00","article_modified_time":"2026-06-30T08:32:29+00:00","og_image":[{"width":2000,"height":1500,"url":"https:\/\/lagranjafoods.com\/wp-content\/uploads\/Colaboracion-con-Novell-nuevas-propuestas-sin-gluten-y-sin-lactosa.jpg","type":"image\/jpeg"}],"author":"conta","twitter_card":"summary_large_image","twitter_misc":{"\u00c9crit par":"conta","Dur\u00e9e de lecture estim\u00e9e":"2 minutes"},"schema":{"@context":"https:\/\/schema.org","@graph":[{"@type":"Article","@id":"https:\/\/lagranjafoods.com\/fr\/collaboration-avec-novell-nouvelles-propositions-sans-gluten-et-sans-lactose\/#article","isPartOf":{"@id":"https:\/\/lagranjafoods.com\/fr\/collaboration-avec-novell-nouvelles-propositions-sans-gluten-et-sans-lactose\/"},"author":{"name":"conta","@id":"https:\/\/lagranjafoods.com\/fr\/#\/schema\/person\/a09ef344e5c3da6e521ed0a69afd694c"},"headline":"Collaboration avec Novell : nouvelles propositions sans gluten et sans lactose","datePublished":"2026-06-30T07:41:16+00:00","dateModified":"2026-06-30T08:32:29+00:00","mainEntityOfPage":{"@id":"https:\/\/lagranjafoods.com\/fr\/collaboration-avec-novell-nouvelles-propositions-sans-gluten-et-sans-lactose\/"},"wordCount":317,"publisher":{"@id":"https:\/\/lagranjafoods.com\/fr\/#organization"},"image":{"@id":"https:\/\/lagranjafoods.com\/fr\/collaboration-avec-novell-nouvelles-propositions-sans-gluten-et-sans-lactose\/#primaryimage"},"thumbnailUrl":"https:\/\/lagranjafoods.com\/wp-content\/uploads\/Colaboracion-con-Novell-nuevas-propuestas-sin-gluten-y-sin-lactosa.jpg","keywords":["Sans gluten"],"articleSection":["Actualit\u00e9s"],"inLanguage":"fr-FR"},{"@type":"WebPage","@id":"https:\/\/lagranjafoods.com\/fr\/collaboration-avec-novell-nouvelles-propositions-sans-gluten-et-sans-lactose\/","url":"https:\/\/lagranjafoods.com\/fr\/collaboration-avec-novell-nouvelles-propositions-sans-gluten-et-sans-lactose\/","name":"Collaboration avec Novell : nouvelles propositions sans gluten et sans lactose - La Granja Foods","isPartOf":{"@id":"https:\/\/lagranjafoods.com\/fr\/#website"},"primaryImageOfPage":{"@id":"https:\/\/lagranjafoods.com\/fr\/collaboration-avec-novell-nouvelles-propositions-sans-gluten-et-sans-lactose\/#primaryimage"},"image":{"@id":"https:\/\/lagranjafoods.com\/fr\/collaboration-avec-novell-nouvelles-propositions-sans-gluten-et-sans-lactose\/#primaryimage"},"thumbnailUrl":"https:\/\/lagranjafoods.com\/wp-content\/uploads\/Colaboracion-con-Novell-nuevas-propuestas-sin-gluten-y-sin-lactosa.jpg","datePublished":"2026-06-30T07:41:16+00:00","dateModified":"2026-06-30T08:32:29+00:00","description":"Innovation et saveur r\u00e9unies dans notre collaboration avec Novell, deux nouvelles r\u00e9f\u00e9rences sans gluten et sans lactose \u00e0 savourer sans limites.","breadcrumb":{"@id":"https:\/\/lagranjafoods.com\/fr\/collaboration-avec-novell-nouvelles-propositions-sans-gluten-et-sans-lactose\/#breadcrumb"},"inLanguage":"fr-FR","potentialAction":[{"@type":"ReadAction","target":["https:\/\/lagranjafoods.com\/fr\/collaboration-avec-novell-nouvelles-propositions-sans-gluten-et-sans-lactose\/"]}]},{"@type":"ImageObject","inLanguage":"fr-FR","@id":"https:\/\/lagranjafoods.com\/fr\/collaboration-avec-novell-nouvelles-propositions-sans-gluten-et-sans-lactose\/#primaryimage","url":"https:\/\/lagranjafoods.com\/wp-content\/uploads\/Colaboracion-con-Novell-nuevas-propuestas-sin-gluten-y-sin-lactosa.jpg","contentUrl":"https:\/\/lagranjafoods.com\/wp-content\/uploads\/Colaboracion-con-Novell-nuevas-propuestas-sin-gluten-y-sin-lactosa.jpg","width":2000,"height":1500},{"@type":"BreadcrumbList","@id":"https:\/\/lagranjafoods.com\/fr\/collaboration-avec-novell-nouvelles-propositions-sans-gluten-et-sans-lactose\/#breadcrumb","itemListElement":[{"@type":"ListItem","position":1,"name":"Portada","item":"https:\/\/lagranjafoods.com\/fr\/"},{"@type":"ListItem","position":2,"name":"Collaboration avec Novell : nouvelles propositions sans gluten et sans lactose"}]},{"@type":"WebSite","@id":"https:\/\/lagranjafoods.com\/fr\/#website","url":"https:\/\/lagranjafoods.com\/fr\/","name":"La Granja Foods","description":"\u00a1Benvinguts a La Granja! Qualitat, sabor i frescor des de 1959.","publisher":{"@id":"https:\/\/lagranjafoods.com\/fr\/#organization"},"potentialAction":[{"@type":"SearchAction","target":{"@type":"EntryPoint","urlTemplate":"https:\/\/lagranjafoods.com\/fr\/?s={search_term_string}"},"query-input":{"@type":"PropertyValueSpecification","valueRequired":true,"valueName":"search_term_string"}}],"inLanguage":"fr-FR"},{"@type":"Organization","@id":"https:\/\/lagranjafoods.com\/fr\/#organization","name":"La Granja Foods","url":"https:\/\/lagranjafoods.com\/fr\/","logo":{"@type":"ImageObject","inLanguage":"fr-FR","@id":"https:\/\/lagranjafoods.com\/fr\/#\/schema\/logo\/image\/","url":"https:\/\/lagranjafoods.com\/wp-content\/uploads\/logo-lagranjafoods.png","contentUrl":"https:\/\/lagranjafoods.com\/wp-content\/uploads\/logo-lagranjafoods.png","width":539,"height":158,"caption":"La Granja Foods "},"image":{"@id":"https:\/\/lagranjafoods.com\/fr\/#\/schema\/logo\/image\/"}},{"@type":"Person","@id":"https:\/\/lagranjafoods.com\/fr\/#\/schema\/person\/a09ef344e5c3da6e521ed0a69afd694c","name":"conta"}]}},"_links":{"self":[{"href":"https:\/\/lagranjafoods.com\/fr\/wp-json\/wp\/v2\/posts\/57756","targetHints":{"allow":["GET"]}}],"collection":[{"href":"https:\/\/lagranjafoods.com\/fr\/wp-json\/wp\/v2\/posts"}],"about":[{"href":"https:\/\/lagranjafoods.com\/fr\/wp-json\/wp\/v2\/types\/post"}],"author":[{"embeddable":true,"href":"https:\/\/lagranjafoods.com\/fr\/wp-json\/wp\/v2\/users\/565"}],"replies":[{"embeddable":true,"href":"https:\/\/lagranjafoods.com\/fr\/wp-json\/wp\/v2\/comments?post=57756"}],"version-history":[{"count":0,"href":"https:\/\/lagranjafoods.com\/fr\/wp-json\/wp\/v2\/posts\/57756\/revisions"}],"wp:featuredmedia":[{"embeddable":true,"href":"https:\/\/lagranjafoods.com\/fr\/wp-json\/wp\/v2\/media\/57762"}],"wp:attachment":[{"href":"https:\/\/lagranjafoods.com\/fr\/wp-json\/wp\/v2\/media?parent=57756"}],"wp:term":[{"taxonomy":"category","embeddable":true,"href":"https:\/\/lagranjafoods.com\/fr\/wp-json\/wp\/v2\/categories?post=57756"},{"taxonomy":"post_tag","embeddable":true,"href":"https:\/\/lagranjafoods.com\/fr\/wp-json\/wp\/v2\/tags?post=57756"}],"curies":[{"name":"wp","href":"https:\/\/api.w.org\/{rel}","templated":true}]}}