{"id":47418,"date":"2023-06-19T11:52:39","date_gmt":"2023-06-19T09:52:39","guid":{"rendered":"http:\/\/lagranjafoods.com\/tarte-au-citron-sans-gluten-et-sans-lactose\/"},"modified":"2023-06-19T11:52:39","modified_gmt":"2023-06-19T09:52:39","slug":"tarte-au-citron-sans-gluten-et-sans-lactose","status":"publish","type":"post","link":"https:\/\/lagranjafoods.com\/fr\/tarte-au-citron-sans-gluten-et-sans-lactose\/","title":{"rendered":"Tarte au citron sans gluten et sans lactose"},"content":{"rendered":"<h2><span style=\"font-weight: 400;\">INGR\u00c9DIENTS<\/span><\/h2>\n<p>POUR LA P\u00c2TE \u00c0 TARTE<\/p>\n<ul>\n<li><span style=\"font-weight: 400;\">G\u00e2teau original sans gluten par La Granja Foods<\/span><\/li>\n<li><span style=\"font-weight: 400;\">100 ml de lait sans lactose<\/span><\/li>\n<\/ul>\n<p>POUR LA CR\u00c8ME AU CITRON<\/p>\n<ul>\n<li><span style=\"font-weight: 400;\">4 citrons  <\/span><\/li>\n<li>5 \u0153ufs (4 jaunes et un \u0153uf entier)<\/li>\n<li>125 g de beurre sans lactose<\/li>\n<li>200 g de sucre<\/li>\n<li>4 feuilles de g\u00e9latine<\/li>\n<\/ul>\n<div><\/div>\n<h2><span style=\"font-weight: 400;\">VINIFICATION<\/span><\/h2>\n<p><span style=\"font-weight: 400;\">Il est tr\u00e8s important pour cette recette de pr\u00e9parer correctement le caramel sal\u00e9 ou la sauce caramel ; pour cela, nous allons tr\u00e8s bien expliquer comment effectuer cette \u00e9tape importante :  <\/span><\/p>\n<ol>\n<li>Commencez par mettre les six portions du paquet de g\u00e2teau original sans gluten de La Granja dans un bol et introduisez 100 ml de lait sans lactose, ce qui \u00e9quivaut \u00e0 un demi-verre. P\u00e9trissez les deux produits avec vos mains jusqu\u2019\u00e0 ce qu\u2019ils soient m\u00e9lang\u00e9s.  <\/li>\n<li>Recouvrez un moule rond de forme \u00e0 ressort avec le m\u00e9lange et mettez-le de c\u00f4t\u00e9 au r\u00e9frig\u00e9rateur.<\/li>\n<li>R\u00e2pez la pelure d\u2019un citron et \u00e9crasez avec le sucre. Dans une casserole, mettez les 3 jaunes : l\u2019\u0153uf, le jus de 4 citrons et le sucre. M\u00e9langez avec une cuill\u00e8re en bois jusqu\u2019\u00e0 obtenir un m\u00e9lange homog\u00e8ne.  <\/li>\n<li>Faites cuire le m\u00e9lange au bain-marie et remuez sans arr\u00eat avec la cuill\u00e8re jusqu\u2019\u00e0 ce que la cr\u00e8me commence \u00e0 \u00e9paissir, mais sans \u00e9bullition. Hydratez les 4 feuilles de g\u00e9latine dans de l\u2019eau froide et mettez-les dans le m\u00e9lange, remuez jusqu\u2019\u00e0 ce qu\u2019elles se d\u00e9fassent. <\/li>\n<li>Retirez la casserole du feu et ajoutez le beurre hach\u00e9. Remuez avec un fouet jusqu\u2019\u00e0 ce que ce soit incorpor\u00e9 et mettez la cr\u00e8me au citron sur le g\u00e2teau dans le moule \u00e0 ressort. Mettez-le au r\u00e9frig\u00e9rateur pendant environ 8 heures.  <\/li>\n<li>En garniture, tu peux utiliser de la meringue et des amandes tranch\u00e9es&#8230; Et profite !<\/li>\n<li style=\"list-style-type: none;\">\n<\/ol>\n","protected":false},"excerpt":{"rendered":"<p>INGR\u00c9DIENTS POUR LA P\u00c2TE \u00c0 TARTE G\u00e2teau original sans gluten par La Granja Foods 100 ml de lait sans lactose POUR LA CR\u00c8ME AU CITRON 4 citrons 5 \u0153ufs (4 &hellip;<\/p>\n","protected":false},"author":1,"featured_media":47419,"comment_status":"closed","ping_status":"open","sticky":false,"template":"","format":"standard","meta":{"_acf_changed":false,"mc4wp_mailchimp_campaign":[],"footnotes":""},"categories":[859],"tags":[829],"class_list":["post-47418","post","type-post","status-publish","format-standard","has-post-thumbnail","hentry","category-recettes","tag-fruitssans-glutensans-lactose"],"acf":[],"yoast_head":"<!-- This site is optimized with the Yoast SEO plugin v28.3 - https:\/\/yoast.com\/product\/yoast-seo-wordpress\/ -->\n<title>Tarte au citron sans gluten et sans lactose - La Granja Foods<\/title>\n<meta name=\"description\" content=\"INGR\u00c9DIENTS POUR LA P\u00c2TE \u00c0 TARTE G\u00e2teau original sans gluten par La Granja Foods 100 ml de lait sans lactose POUR LA CR\u00c8ME AU CITRON 4 citrons 5 \u0153ufs (4\" \/>\n<meta name=\"robots\" content=\"index, follow, max-snippet:-1, max-image-preview:large, max-video-preview:-1\" \/>\n<link rel=\"canonical\" href=\"https:\/\/lagranjafoods.com\/fr\/tarte-au-citron-sans-gluten-et-sans-lactose\/\" \/>\n<meta property=\"og:locale\" content=\"fr_FR\" \/>\n<meta property=\"og:type\" content=\"article\" \/>\n<meta property=\"og:title\" content=\"Tarte au citron sans gluten et sans lactose - La Granja Foods\" \/>\n<meta property=\"og:description\" content=\"INGR\u00c9DIENTS POUR LA P\u00c2TE \u00c0 TARTE G\u00e2teau original sans gluten par La Granja Foods 100 ml de lait sans lactose POUR LA CR\u00c8ME AU CITRON 4 citrons 5 \u0153ufs (4\" \/>\n<meta property=\"og:url\" content=\"https:\/\/lagranjafoods.com\/fr\/tarte-au-citron-sans-gluten-et-sans-lactose\/\" \/>\n<meta property=\"og:site_name\" content=\"La Granja Foods\" \/>\n<meta property=\"article:published_time\" content=\"2023-06-19T09:52:39+00:00\" \/>\n<meta property=\"og:image\" content=\"https:\/\/lagranjafoods.com\/wp-content\/uploads\/Banner-Lemon-Pie.jpg\" \/>\n\t<meta property=\"og:image:width\" content=\"1250\" \/>\n\t<meta property=\"og:image:height\" content=\"938\" \/>\n\t<meta property=\"og:image:type\" content=\"image\/jpeg\" \/>\n<meta name=\"author\" content=\"emfasi\" \/>\n<meta name=\"twitter:card\" content=\"summary_large_image\" \/>\n<meta name=\"twitter:label1\" content=\"\u00c9crit par\" \/>\n\t<meta name=\"twitter:data1\" content=\"emfasi\" \/>\n\t<meta name=\"twitter:label2\" content=\"Dur\u00e9e de lecture estim\u00e9e\" \/>\n\t<meta name=\"twitter:data2\" content=\"1 minute\" \/>\n<script type=\"application\/ld+json\" class=\"yoast-schema-graph\">{\"@context\":\"https:\\\/\\\/schema.org\",\"@graph\":[{\"@type\":\"Article\",\"@id\":\"https:\\\/\\\/lagranjafoods.com\\\/fr\\\/tarte-au-citron-sans-gluten-et-sans-lactose\\\/#article\",\"isPartOf\":{\"@id\":\"https:\\\/\\\/lagranjafoods.com\\\/fr\\\/tarte-au-citron-sans-gluten-et-sans-lactose\\\/\"},\"author\":{\"name\":\"emfasi\",\"@id\":\"https:\\\/\\\/lagranjafoods.com\\\/fr\\\/#\\\/schema\\\/person\\\/8620ca73cfc2e9a8afd326de202a03db\"},\"headline\":\"Tarte au citron sans gluten et sans lactose\",\"datePublished\":\"2023-06-19T09:52:39+00:00\",\"mainEntityOfPage\":{\"@id\":\"https:\\\/\\\/lagranjafoods.com\\\/fr\\\/tarte-au-citron-sans-gluten-et-sans-lactose\\\/\"},\"wordCount\":307,\"publisher\":{\"@id\":\"https:\\\/\\\/lagranjafoods.com\\\/fr\\\/#organization\"},\"image\":{\"@id\":\"https:\\\/\\\/lagranjafoods.com\\\/fr\\\/tarte-au-citron-sans-gluten-et-sans-lactose\\\/#primaryimage\"},\"thumbnailUrl\":\"https:\\\/\\\/lagranjafoods.com\\\/wp-content\\\/uploads\\\/Banner-Lemon-Pie.jpg\",\"keywords\":[\"fruits|Sans gluten|sans lactose\"],\"articleSection\":[\"Recettes\"],\"inLanguage\":\"fr-FR\"},{\"@type\":\"WebPage\",\"@id\":\"https:\\\/\\\/lagranjafoods.com\\\/fr\\\/tarte-au-citron-sans-gluten-et-sans-lactose\\\/\",\"url\":\"https:\\\/\\\/lagranjafoods.com\\\/fr\\\/tarte-au-citron-sans-gluten-et-sans-lactose\\\/\",\"name\":\"Tarte au citron sans gluten et sans lactose - La Granja Foods\",\"isPartOf\":{\"@id\":\"https:\\\/\\\/lagranjafoods.com\\\/fr\\\/#website\"},\"primaryImageOfPage\":{\"@id\":\"https:\\\/\\\/lagranjafoods.com\\\/fr\\\/tarte-au-citron-sans-gluten-et-sans-lactose\\\/#primaryimage\"},\"image\":{\"@id\":\"https:\\\/\\\/lagranjafoods.com\\\/fr\\\/tarte-au-citron-sans-gluten-et-sans-lactose\\\/#primaryimage\"},\"thumbnailUrl\":\"https:\\\/\\\/lagranjafoods.com\\\/wp-content\\\/uploads\\\/Banner-Lemon-Pie.jpg\",\"datePublished\":\"2023-06-19T09:52:39+00:00\",\"description\":\"INGR\u00c9DIENTS POUR LA P\u00c2TE \u00c0 TARTE G\u00e2teau original sans gluten par La Granja Foods 100 ml de lait sans lactose POUR LA CR\u00c8ME AU CITRON 4 citrons 5 \u0153ufs (4\",\"breadcrumb\":{\"@id\":\"https:\\\/\\\/lagranjafoods.com\\\/fr\\\/tarte-au-citron-sans-gluten-et-sans-lactose\\\/#breadcrumb\"},\"inLanguage\":\"fr-FR\",\"potentialAction\":[{\"@type\":\"ReadAction\",\"target\":[\"https:\\\/\\\/lagranjafoods.com\\\/fr\\\/tarte-au-citron-sans-gluten-et-sans-lactose\\\/\"]}]},{\"@type\":\"ImageObject\",\"inLanguage\":\"fr-FR\",\"@id\":\"https:\\\/\\\/lagranjafoods.com\\\/fr\\\/tarte-au-citron-sans-gluten-et-sans-lactose\\\/#primaryimage\",\"url\":\"https:\\\/\\\/lagranjafoods.com\\\/wp-content\\\/uploads\\\/Banner-Lemon-Pie.jpg\",\"contentUrl\":\"https:\\\/\\\/lagranjafoods.com\\\/wp-content\\\/uploads\\\/Banner-Lemon-Pie.jpg\",\"width\":1250,\"height\":938},{\"@type\":\"BreadcrumbList\",\"@id\":\"https:\\\/\\\/lagranjafoods.com\\\/fr\\\/tarte-au-citron-sans-gluten-et-sans-lactose\\\/#breadcrumb\",\"itemListElement\":[{\"@type\":\"ListItem\",\"position\":1,\"name\":\"Portada\",\"item\":\"https:\\\/\\\/lagranjafoods.com\\\/fr\\\/\"},{\"@type\":\"ListItem\",\"position\":2,\"name\":\"Tarte au citron sans gluten et sans lactose\"}]},{\"@type\":\"WebSite\",\"@id\":\"https:\\\/\\\/lagranjafoods.com\\\/fr\\\/#website\",\"url\":\"https:\\\/\\\/lagranjafoods.com\\\/fr\\\/\",\"name\":\"La Granja Foods\",\"description\":\"\u00a1Benvinguts a La Granja! Qualitat, sabor i frescor des de 1959.\",\"publisher\":{\"@id\":\"https:\\\/\\\/lagranjafoods.com\\\/fr\\\/#organization\"},\"potentialAction\":[{\"@type\":\"SearchAction\",\"target\":{\"@type\":\"EntryPoint\",\"urlTemplate\":\"https:\\\/\\\/lagranjafoods.com\\\/fr\\\/?s={search_term_string}\"},\"query-input\":{\"@type\":\"PropertyValueSpecification\",\"valueRequired\":true,\"valueName\":\"search_term_string\"}}],\"inLanguage\":\"fr-FR\"},{\"@type\":\"Organization\",\"@id\":\"https:\\\/\\\/lagranjafoods.com\\\/fr\\\/#organization\",\"name\":\"La Granja Foods\",\"url\":\"https:\\\/\\\/lagranjafoods.com\\\/fr\\\/\",\"logo\":{\"@type\":\"ImageObject\",\"inLanguage\":\"fr-FR\",\"@id\":\"https:\\\/\\\/lagranjafoods.com\\\/fr\\\/#\\\/schema\\\/logo\\\/image\\\/\",\"url\":\"https:\\\/\\\/lagranjafoods.com\\\/wp-content\\\/uploads\\\/logo-lagranjafoods.png\",\"contentUrl\":\"https:\\\/\\\/lagranjafoods.com\\\/wp-content\\\/uploads\\\/logo-lagranjafoods.png\",\"width\":539,\"height\":158,\"caption\":\"La Granja Foods \"},\"image\":{\"@id\":\"https:\\\/\\\/lagranjafoods.com\\\/fr\\\/#\\\/schema\\\/logo\\\/image\\\/\"}},{\"@type\":\"Person\",\"@id\":\"https:\\\/\\\/lagranjafoods.com\\\/fr\\\/#\\\/schema\\\/person\\\/8620ca73cfc2e9a8afd326de202a03db\",\"name\":\"emfasi\",\"sameAs\":[\"http:\\\/\\\/lagranjafoods.com\"]}]}<\/script>\n<!-- \/ Yoast SEO plugin. -->","yoast_head_json":{"title":"Tarte au citron sans gluten et sans lactose - La Granja Foods","description":"INGR\u00c9DIENTS POUR LA P\u00c2TE \u00c0 TARTE G\u00e2teau original sans gluten par La Granja Foods 100 ml de lait sans lactose POUR LA CR\u00c8ME AU CITRON 4 citrons 5 \u0153ufs (4","robots":{"index":"index","follow":"follow","max-snippet":"max-snippet:-1","max-image-preview":"max-image-preview:large","max-video-preview":"max-video-preview:-1"},"canonical":"https:\/\/lagranjafoods.com\/fr\/tarte-au-citron-sans-gluten-et-sans-lactose\/","og_locale":"fr_FR","og_type":"article","og_title":"Tarte au citron sans gluten et sans lactose - La Granja Foods","og_description":"INGR\u00c9DIENTS POUR LA P\u00c2TE \u00c0 TARTE G\u00e2teau original sans gluten par La Granja Foods 100 ml de lait sans lactose POUR LA CR\u00c8ME AU CITRON 4 citrons 5 \u0153ufs (4","og_url":"https:\/\/lagranjafoods.com\/fr\/tarte-au-citron-sans-gluten-et-sans-lactose\/","og_site_name":"La Granja Foods","article_published_time":"2023-06-19T09:52:39+00:00","og_image":[{"width":1250,"height":938,"url":"https:\/\/lagranjafoods.com\/wp-content\/uploads\/Banner-Lemon-Pie.jpg","type":"image\/jpeg"}],"author":"emfasi","twitter_card":"summary_large_image","twitter_misc":{"\u00c9crit par":"emfasi","Dur\u00e9e de lecture estim\u00e9e":"1 minute"},"schema":{"@context":"https:\/\/schema.org","@graph":[{"@type":"Article","@id":"https:\/\/lagranjafoods.com\/fr\/tarte-au-citron-sans-gluten-et-sans-lactose\/#article","isPartOf":{"@id":"https:\/\/lagranjafoods.com\/fr\/tarte-au-citron-sans-gluten-et-sans-lactose\/"},"author":{"name":"emfasi","@id":"https:\/\/lagranjafoods.com\/fr\/#\/schema\/person\/8620ca73cfc2e9a8afd326de202a03db"},"headline":"Tarte au citron sans gluten et sans lactose","datePublished":"2023-06-19T09:52:39+00:00","mainEntityOfPage":{"@id":"https:\/\/lagranjafoods.com\/fr\/tarte-au-citron-sans-gluten-et-sans-lactose\/"},"wordCount":307,"publisher":{"@id":"https:\/\/lagranjafoods.com\/fr\/#organization"},"image":{"@id":"https:\/\/lagranjafoods.com\/fr\/tarte-au-citron-sans-gluten-et-sans-lactose\/#primaryimage"},"thumbnailUrl":"https:\/\/lagranjafoods.com\/wp-content\/uploads\/Banner-Lemon-Pie.jpg","keywords":["fruits|Sans gluten|sans lactose"],"articleSection":["Recettes"],"inLanguage":"fr-FR"},{"@type":"WebPage","@id":"https:\/\/lagranjafoods.com\/fr\/tarte-au-citron-sans-gluten-et-sans-lactose\/","url":"https:\/\/lagranjafoods.com\/fr\/tarte-au-citron-sans-gluten-et-sans-lactose\/","name":"Tarte au citron sans gluten et sans lactose - La Granja Foods","isPartOf":{"@id":"https:\/\/lagranjafoods.com\/fr\/#website"},"primaryImageOfPage":{"@id":"https:\/\/lagranjafoods.com\/fr\/tarte-au-citron-sans-gluten-et-sans-lactose\/#primaryimage"},"image":{"@id":"https:\/\/lagranjafoods.com\/fr\/tarte-au-citron-sans-gluten-et-sans-lactose\/#primaryimage"},"thumbnailUrl":"https:\/\/lagranjafoods.com\/wp-content\/uploads\/Banner-Lemon-Pie.jpg","datePublished":"2023-06-19T09:52:39+00:00","description":"INGR\u00c9DIENTS POUR LA P\u00c2TE \u00c0 TARTE G\u00e2teau original sans gluten par La Granja Foods 100 ml de lait sans lactose POUR LA CR\u00c8ME AU CITRON 4 citrons 5 \u0153ufs (4","breadcrumb":{"@id":"https:\/\/lagranjafoods.com\/fr\/tarte-au-citron-sans-gluten-et-sans-lactose\/#breadcrumb"},"inLanguage":"fr-FR","potentialAction":[{"@type":"ReadAction","target":["https:\/\/lagranjafoods.com\/fr\/tarte-au-citron-sans-gluten-et-sans-lactose\/"]}]},{"@type":"ImageObject","inLanguage":"fr-FR","@id":"https:\/\/lagranjafoods.com\/fr\/tarte-au-citron-sans-gluten-et-sans-lactose\/#primaryimage","url":"https:\/\/lagranjafoods.com\/wp-content\/uploads\/Banner-Lemon-Pie.jpg","contentUrl":"https:\/\/lagranjafoods.com\/wp-content\/uploads\/Banner-Lemon-Pie.jpg","width":1250,"height":938},{"@type":"BreadcrumbList","@id":"https:\/\/lagranjafoods.com\/fr\/tarte-au-citron-sans-gluten-et-sans-lactose\/#breadcrumb","itemListElement":[{"@type":"ListItem","position":1,"name":"Portada","item":"https:\/\/lagranjafoods.com\/fr\/"},{"@type":"ListItem","position":2,"name":"Tarte au citron sans gluten et sans lactose"}]},{"@type":"WebSite","@id":"https:\/\/lagranjafoods.com\/fr\/#website","url":"https:\/\/lagranjafoods.com\/fr\/","name":"La Granja Foods","description":"\u00a1Benvinguts a La Granja! Qualitat, sabor i frescor des de 1959.","publisher":{"@id":"https:\/\/lagranjafoods.com\/fr\/#organization"},"potentialAction":[{"@type":"SearchAction","target":{"@type":"EntryPoint","urlTemplate":"https:\/\/lagranjafoods.com\/fr\/?s={search_term_string}"},"query-input":{"@type":"PropertyValueSpecification","valueRequired":true,"valueName":"search_term_string"}}],"inLanguage":"fr-FR"},{"@type":"Organization","@id":"https:\/\/lagranjafoods.com\/fr\/#organization","name":"La Granja Foods","url":"https:\/\/lagranjafoods.com\/fr\/","logo":{"@type":"ImageObject","inLanguage":"fr-FR","@id":"https:\/\/lagranjafoods.com\/fr\/#\/schema\/logo\/image\/","url":"https:\/\/lagranjafoods.com\/wp-content\/uploads\/logo-lagranjafoods.png","contentUrl":"https:\/\/lagranjafoods.com\/wp-content\/uploads\/logo-lagranjafoods.png","width":539,"height":158,"caption":"La Granja Foods "},"image":{"@id":"https:\/\/lagranjafoods.com\/fr\/#\/schema\/logo\/image\/"}},{"@type":"Person","@id":"https:\/\/lagranjafoods.com\/fr\/#\/schema\/person\/8620ca73cfc2e9a8afd326de202a03db","name":"emfasi","sameAs":["http:\/\/lagranjafoods.com"]}]}},"_links":{"self":[{"href":"https:\/\/lagranjafoods.com\/fr\/wp-json\/wp\/v2\/posts\/47418","targetHints":{"allow":["GET"]}}],"collection":[{"href":"https:\/\/lagranjafoods.com\/fr\/wp-json\/wp\/v2\/posts"}],"about":[{"href":"https:\/\/lagranjafoods.com\/fr\/wp-json\/wp\/v2\/types\/post"}],"author":[{"embeddable":true,"href":"https:\/\/lagranjafoods.com\/fr\/wp-json\/wp\/v2\/users\/1"}],"replies":[{"embeddable":true,"href":"https:\/\/lagranjafoods.com\/fr\/wp-json\/wp\/v2\/comments?post=47418"}],"version-history":[{"count":0,"href":"https:\/\/lagranjafoods.com\/fr\/wp-json\/wp\/v2\/posts\/47418\/revisions"}],"wp:featuredmedia":[{"embeddable":true,"href":"https:\/\/lagranjafoods.com\/fr\/wp-json\/wp\/v2\/media\/47419"}],"wp:attachment":[{"href":"https:\/\/lagranjafoods.com\/fr\/wp-json\/wp\/v2\/media?parent=47418"}],"wp:term":[{"taxonomy":"category","embeddable":true,"href":"https:\/\/lagranjafoods.com\/fr\/wp-json\/wp\/v2\/categories?post=47418"},{"taxonomy":"post_tag","embeddable":true,"href":"https:\/\/lagranjafoods.com\/fr\/wp-json\/wp\/v2\/tags?post=47418"}],"curies":[{"name":"wp","href":"https:\/\/api.w.org\/{rel}","templated":true}]}}