{"id":47409,"date":"2022-11-15T18:23:24","date_gmt":"2022-11-15T16:23:24","guid":{"rendered":"http:\/\/lagranjafoods.com\/des-pommes-au-caramel-sale-et-des-biscuits\/"},"modified":"2022-11-15T18:23:24","modified_gmt":"2022-11-15T16:23:24","slug":"des-pommes-au-caramel-sale-et-des-biscuits","status":"publish","type":"post","link":"https:\/\/lagranjafoods.com\/fr\/des-pommes-au-caramel-sale-et-des-biscuits\/","title":{"rendered":"Des pommes au caramel sal\u00e9 et des biscuits"},"content":{"rendered":"<h2><span style=\"font-weight: 400;\">INGR\u00c9DIENTS<\/span><\/h2>\n<ul>\n<li><span style=\"font-weight: 400;\">Biscuits bio \u00e0 l\u2019avoine et au lin de La Granja Foods<\/span><\/li>\n<li><span style=\"font-weight: 400;\">Autant de pommes que de portions n\u00e9cessaires, elles peuvent \u00eatre vertes ou rouges.  <\/span><\/li>\n<li><span style=\"font-weight: 400;\">1\/2 tasse de sucre blanc ou 100 grains.  <\/span><\/li>\n<li><span style=\"font-weight: 400;\">2 cuill\u00e8res \u00e0 soupe d\u2019eau<\/span><\/li>\n<li><span style=\"font-weight: 400;\">  1 petite cuill\u00e8re \u00e0 soupe de beurre<\/span><\/li>\n<li>6 petites cuill\u00e8res \u00e0 soupe de cr\u00e8me liquide<\/li>\n<li>Un grain de sel.<\/li>\n<\/ul>\n<h2><span style=\"font-weight: 400;\">VINIFICATION<\/span><\/h2>\n<p><span style=\"font-weight: 400;\">Il est tr\u00e8s important pour cette recette de pr\u00e9parer correctement le caramel sal\u00e9 ou la sauce caramel ; pour cela, nous allons tr\u00e8s bien expliquer comment effectuer cette \u00e9tape importante :  <\/span><\/p>\n<ol>\n<li style=\"font-weight: 400;\" aria-level=\"1\"><span style=\"font-weight: 400;\">Dans une petite casserole ou une casserole, ajoutez les 100 grammes de sucre avec les deux cuill\u00e8res \u00e0 soupe d\u2019eau et commencez \u00e0 cuire \u00e0 feu moyen. Remuez un peu pour que l\u2019eau s\u2019int\u00e8gre bien au sucre et, sans s\u2019arr\u00eater de v\u00e9rifier, nous verrons comment le sirop cuit petit \u00e0 petit. L\u2019objectif est que la couleur du sucre avec l\u2019eau ait une apparence ambr\u00e9e ou dor\u00e9e ; juste au moment o\u00f9 le sucre est dor\u00e9, on introduit la petite cuill\u00e8re \u00e0 soupe de beurre en remuant, jusqu\u2019\u00e0 ce qu\u2019elle soit compl\u00e8tement int\u00e9gr\u00e9e. \u00c9teignez le feu et ajoutez les 6 petites cuill\u00e8res \u00e0 soupe de cr\u00e8me liquide tout en remuant constamment jusqu\u2019\u00e0 obtenir une sauce homog\u00e8ne et ajoutez une pinc\u00e9e de sel. Laisse-le reposer.      <\/span><\/li>\n<li aria-level=\"1\">Lavez les pommes, avec un couteau, retirez la tige ou la tige de la pomme et placez un b\u00e2ton ou une tige en bois au centre.<\/li>\n<li style=\"font-weight: 400;\" aria-level=\"1\"><span style=\"font-weight: 400;\">Avec un mortier et un pilon, coupez les <\/span><span style=\"font-weight: 400;\">biscuits bio \u00e0 l\u2019avoine et au lin de La Granja Foods et posez-les sur une assiette plate. <\/span> <\/li>\n<li style=\"font-weight: 400;\" aria-level=\"1\"><span style=\"font-weight: 400;\">Nous allons maintenant d\u00e9corer nos pommes avec la sauce caramel et les biscuits, comme vous pouvez le voir sur l\u2019image ci-dessus, pour cela nous prenons la pomme du b\u00e2tonnet, la mettons dans la marmite o\u00f9 nous avons la sauce caramel ou le caramel sal\u00e9, puis nous enrobons la pomme dans l\u2019assiette de biscuits hach\u00e9s. R\u00e9p\u00e9tez le processus avec les pommes suivantes.   <\/span><\/li>\n<li aria-level=\"1\">En plus <span style=\"font-weight: 400;\">des biscuits bio \u00e0 l\u2019avoine et au lin de La Granja Foods, vous pouvez aussi utiliser d\u2019autres garnitures comme des noix hach\u00e9es, de la noix de coco r\u00e2p\u00e9e, des c\u00e9r\u00e9ales ou du riz gonfl\u00e9&#8230; Et d\u00e9gustez-vous avec La Granja Foods !<\/span><\/li>\n<\/ol>\n","protected":false},"excerpt":{"rendered":"<p>INGR\u00c9DIENTS Biscuits bio \u00e0 l\u2019avoine et au lin de La Granja Foods Autant de pommes que de portions n\u00e9cessaires, elles peuvent \u00eatre vertes ou rouges. 1\/2 tasse de sucre blanc &hellip;<\/p>\n","protected":false},"author":1,"featured_media":47411,"comment_status":"closed","ping_status":"open","sticky":false,"template":"","format":"standard","meta":{"_acf_changed":false,"mc4wp_mailchimp_campaign":[],"footnotes":""},"categories":[859],"tags":[],"class_list":["post-47409","post","type-post","status-publish","format-standard","has-post-thumbnail","hentry","category-recettes"],"acf":[],"yoast_head":"<!-- This site is optimized with the Yoast SEO plugin v28.3 - https:\/\/yoast.com\/product\/yoast-seo-wordpress\/ -->\n<title>Des pommes au caramel sal\u00e9 et des biscuits - La Granja Foods<\/title>\n<meta name=\"description\" content=\"Essayez de pr\u00e9parer cette recette d\u00e9licieuse pour vos amis et votre famille !\" \/>\n<meta name=\"robots\" content=\"index, follow, max-snippet:-1, max-image-preview:large, max-video-preview:-1\" \/>\n<link rel=\"canonical\" href=\"https:\/\/lagranjafoods.com\/fr\/des-pommes-au-caramel-sale-et-des-biscuits\/\" \/>\n<meta property=\"og:locale\" content=\"fr_FR\" \/>\n<meta property=\"og:type\" content=\"article\" \/>\n<meta property=\"og:title\" content=\"Des pommes au caramel sal\u00e9 et des biscuits - La Granja Foods\" \/>\n<meta property=\"og:description\" content=\"Essayez de pr\u00e9parer cette recette d\u00e9licieuse pour vos amis et votre famille !\" \/>\n<meta property=\"og:url\" content=\"https:\/\/lagranjafoods.com\/fr\/des-pommes-au-caramel-sale-et-des-biscuits\/\" \/>\n<meta property=\"og:site_name\" content=\"La Granja Foods\" \/>\n<meta property=\"article:published_time\" content=\"2022-11-15T16:23:24+00:00\" \/>\n<meta property=\"og:image\" content=\"https:\/\/lagranjafoods.com\/wp-content\/uploads\/Banner-recetario-2000-\u00d7-1500-px-7.jpg\" \/>\n\t<meta property=\"og:image:width\" content=\"2000\" \/>\n\t<meta property=\"og:image:height\" content=\"1500\" \/>\n\t<meta property=\"og:image:type\" content=\"image\/jpeg\" \/>\n<meta name=\"author\" content=\"emfasi\" \/>\n<meta name=\"twitter:card\" content=\"summary_large_image\" \/>\n<meta name=\"twitter:label1\" content=\"\u00c9crit par\" \/>\n\t<meta name=\"twitter:data1\" content=\"emfasi\" \/>\n\t<meta name=\"twitter:label2\" content=\"Dur\u00e9e de lecture estim\u00e9e\" \/>\n\t<meta name=\"twitter:data2\" content=\"2 minutes\" \/>\n<script type=\"application\/ld+json\" class=\"yoast-schema-graph\">{\"@context\":\"https:\\\/\\\/schema.org\",\"@graph\":[{\"@type\":\"Article\",\"@id\":\"https:\\\/\\\/lagranjafoods.com\\\/fr\\\/des-pommes-au-caramel-sale-et-des-biscuits\\\/#article\",\"isPartOf\":{\"@id\":\"https:\\\/\\\/lagranjafoods.com\\\/fr\\\/des-pommes-au-caramel-sale-et-des-biscuits\\\/\"},\"author\":{\"name\":\"emfasi\",\"@id\":\"https:\\\/\\\/lagranjafoods.com\\\/fr\\\/#\\\/schema\\\/person\\\/8620ca73cfc2e9a8afd326de202a03db\"},\"headline\":\"Des pommes au caramel sal\u00e9 et des biscuits\",\"datePublished\":\"2022-11-15T16:23:24+00:00\",\"mainEntityOfPage\":{\"@id\":\"https:\\\/\\\/lagranjafoods.com\\\/fr\\\/des-pommes-au-caramel-sale-et-des-biscuits\\\/\"},\"wordCount\":401,\"publisher\":{\"@id\":\"https:\\\/\\\/lagranjafoods.com\\\/fr\\\/#organization\"},\"image\":{\"@id\":\"https:\\\/\\\/lagranjafoods.com\\\/fr\\\/des-pommes-au-caramel-sale-et-des-biscuits\\\/#primaryimage\"},\"thumbnailUrl\":\"https:\\\/\\\/lagranjafoods.com\\\/wp-content\\\/uploads\\\/Banner-recetario-2000-\u00d7-1500-px-7.jpg\",\"articleSection\":[\"Recettes\"],\"inLanguage\":\"fr-FR\"},{\"@type\":\"WebPage\",\"@id\":\"https:\\\/\\\/lagranjafoods.com\\\/fr\\\/des-pommes-au-caramel-sale-et-des-biscuits\\\/\",\"url\":\"https:\\\/\\\/lagranjafoods.com\\\/fr\\\/des-pommes-au-caramel-sale-et-des-biscuits\\\/\",\"name\":\"Des pommes au caramel sal\u00e9 et des biscuits - La Granja Foods\",\"isPartOf\":{\"@id\":\"https:\\\/\\\/lagranjafoods.com\\\/fr\\\/#website\"},\"primaryImageOfPage\":{\"@id\":\"https:\\\/\\\/lagranjafoods.com\\\/fr\\\/des-pommes-au-caramel-sale-et-des-biscuits\\\/#primaryimage\"},\"image\":{\"@id\":\"https:\\\/\\\/lagranjafoods.com\\\/fr\\\/des-pommes-au-caramel-sale-et-des-biscuits\\\/#primaryimage\"},\"thumbnailUrl\":\"https:\\\/\\\/lagranjafoods.com\\\/wp-content\\\/uploads\\\/Banner-recetario-2000-\u00d7-1500-px-7.jpg\",\"datePublished\":\"2022-11-15T16:23:24+00:00\",\"description\":\"Essayez de pr\u00e9parer cette recette d\u00e9licieuse pour vos amis et votre famille !\",\"breadcrumb\":{\"@id\":\"https:\\\/\\\/lagranjafoods.com\\\/fr\\\/des-pommes-au-caramel-sale-et-des-biscuits\\\/#breadcrumb\"},\"inLanguage\":\"fr-FR\",\"potentialAction\":[{\"@type\":\"ReadAction\",\"target\":[\"https:\\\/\\\/lagranjafoods.com\\\/fr\\\/des-pommes-au-caramel-sale-et-des-biscuits\\\/\"]}]},{\"@type\":\"ImageObject\",\"inLanguage\":\"fr-FR\",\"@id\":\"https:\\\/\\\/lagranjafoods.com\\\/fr\\\/des-pommes-au-caramel-sale-et-des-biscuits\\\/#primaryimage\",\"url\":\"https:\\\/\\\/lagranjafoods.com\\\/wp-content\\\/uploads\\\/Banner-recetario-2000-\u00d7-1500-px-7.jpg\",\"contentUrl\":\"https:\\\/\\\/lagranjafoods.com\\\/wp-content\\\/uploads\\\/Banner-recetario-2000-\u00d7-1500-px-7.jpg\",\"width\":2000,\"height\":1500},{\"@type\":\"BreadcrumbList\",\"@id\":\"https:\\\/\\\/lagranjafoods.com\\\/fr\\\/des-pommes-au-caramel-sale-et-des-biscuits\\\/#breadcrumb\",\"itemListElement\":[{\"@type\":\"ListItem\",\"position\":1,\"name\":\"Portada\",\"item\":\"https:\\\/\\\/lagranjafoods.com\\\/fr\\\/\"},{\"@type\":\"ListItem\",\"position\":2,\"name\":\"Des pommes au caramel sal\u00e9 et des biscuits\"}]},{\"@type\":\"WebSite\",\"@id\":\"https:\\\/\\\/lagranjafoods.com\\\/fr\\\/#website\",\"url\":\"https:\\\/\\\/lagranjafoods.com\\\/fr\\\/\",\"name\":\"La Granja Foods\",\"description\":\"\u00a1Benvinguts a La Granja! Qualitat, sabor i frescor des de 1959.\",\"publisher\":{\"@id\":\"https:\\\/\\\/lagranjafoods.com\\\/fr\\\/#organization\"},\"potentialAction\":[{\"@type\":\"SearchAction\",\"target\":{\"@type\":\"EntryPoint\",\"urlTemplate\":\"https:\\\/\\\/lagranjafoods.com\\\/fr\\\/?s={search_term_string}\"},\"query-input\":{\"@type\":\"PropertyValueSpecification\",\"valueRequired\":true,\"valueName\":\"search_term_string\"}}],\"inLanguage\":\"fr-FR\"},{\"@type\":\"Organization\",\"@id\":\"https:\\\/\\\/lagranjafoods.com\\\/fr\\\/#organization\",\"name\":\"La Granja Foods\",\"url\":\"https:\\\/\\\/lagranjafoods.com\\\/fr\\\/\",\"logo\":{\"@type\":\"ImageObject\",\"inLanguage\":\"fr-FR\",\"@id\":\"https:\\\/\\\/lagranjafoods.com\\\/fr\\\/#\\\/schema\\\/logo\\\/image\\\/\",\"url\":\"https:\\\/\\\/lagranjafoods.com\\\/wp-content\\\/uploads\\\/logo-lagranjafoods.png\",\"contentUrl\":\"https:\\\/\\\/lagranjafoods.com\\\/wp-content\\\/uploads\\\/logo-lagranjafoods.png\",\"width\":539,\"height\":158,\"caption\":\"La Granja Foods \"},\"image\":{\"@id\":\"https:\\\/\\\/lagranjafoods.com\\\/fr\\\/#\\\/schema\\\/logo\\\/image\\\/\"}},{\"@type\":\"Person\",\"@id\":\"https:\\\/\\\/lagranjafoods.com\\\/fr\\\/#\\\/schema\\\/person\\\/8620ca73cfc2e9a8afd326de202a03db\",\"name\":\"emfasi\",\"sameAs\":[\"http:\\\/\\\/lagranjafoods.com\"]}]}<\/script>\n<!-- \/ Yoast SEO plugin. -->","yoast_head_json":{"title":"Des pommes au caramel sal\u00e9 et des biscuits - La Granja Foods","description":"Essayez de pr\u00e9parer cette recette d\u00e9licieuse pour vos amis et votre famille !","robots":{"index":"index","follow":"follow","max-snippet":"max-snippet:-1","max-image-preview":"max-image-preview:large","max-video-preview":"max-video-preview:-1"},"canonical":"https:\/\/lagranjafoods.com\/fr\/des-pommes-au-caramel-sale-et-des-biscuits\/","og_locale":"fr_FR","og_type":"article","og_title":"Des pommes au caramel sal\u00e9 et des biscuits - La Granja Foods","og_description":"Essayez de pr\u00e9parer cette recette d\u00e9licieuse pour vos amis et votre famille !","og_url":"https:\/\/lagranjafoods.com\/fr\/des-pommes-au-caramel-sale-et-des-biscuits\/","og_site_name":"La Granja Foods","article_published_time":"2022-11-15T16:23:24+00:00","og_image":[{"width":2000,"height":1500,"url":"https:\/\/lagranjafoods.com\/wp-content\/uploads\/Banner-recetario-2000-\u00d7-1500-px-7.jpg","type":"image\/jpeg"}],"author":"emfasi","twitter_card":"summary_large_image","twitter_misc":{"\u00c9crit par":"emfasi","Dur\u00e9e de lecture estim\u00e9e":"2 minutes"},"schema":{"@context":"https:\/\/schema.org","@graph":[{"@type":"Article","@id":"https:\/\/lagranjafoods.com\/fr\/des-pommes-au-caramel-sale-et-des-biscuits\/#article","isPartOf":{"@id":"https:\/\/lagranjafoods.com\/fr\/des-pommes-au-caramel-sale-et-des-biscuits\/"},"author":{"name":"emfasi","@id":"https:\/\/lagranjafoods.com\/fr\/#\/schema\/person\/8620ca73cfc2e9a8afd326de202a03db"},"headline":"Des pommes au caramel sal\u00e9 et des biscuits","datePublished":"2022-11-15T16:23:24+00:00","mainEntityOfPage":{"@id":"https:\/\/lagranjafoods.com\/fr\/des-pommes-au-caramel-sale-et-des-biscuits\/"},"wordCount":401,"publisher":{"@id":"https:\/\/lagranjafoods.com\/fr\/#organization"},"image":{"@id":"https:\/\/lagranjafoods.com\/fr\/des-pommes-au-caramel-sale-et-des-biscuits\/#primaryimage"},"thumbnailUrl":"https:\/\/lagranjafoods.com\/wp-content\/uploads\/Banner-recetario-2000-\u00d7-1500-px-7.jpg","articleSection":["Recettes"],"inLanguage":"fr-FR"},{"@type":"WebPage","@id":"https:\/\/lagranjafoods.com\/fr\/des-pommes-au-caramel-sale-et-des-biscuits\/","url":"https:\/\/lagranjafoods.com\/fr\/des-pommes-au-caramel-sale-et-des-biscuits\/","name":"Des pommes au caramel sal\u00e9 et des biscuits - La Granja Foods","isPartOf":{"@id":"https:\/\/lagranjafoods.com\/fr\/#website"},"primaryImageOfPage":{"@id":"https:\/\/lagranjafoods.com\/fr\/des-pommes-au-caramel-sale-et-des-biscuits\/#primaryimage"},"image":{"@id":"https:\/\/lagranjafoods.com\/fr\/des-pommes-au-caramel-sale-et-des-biscuits\/#primaryimage"},"thumbnailUrl":"https:\/\/lagranjafoods.com\/wp-content\/uploads\/Banner-recetario-2000-\u00d7-1500-px-7.jpg","datePublished":"2022-11-15T16:23:24+00:00","description":"Essayez de pr\u00e9parer cette recette d\u00e9licieuse pour vos amis et votre famille !","breadcrumb":{"@id":"https:\/\/lagranjafoods.com\/fr\/des-pommes-au-caramel-sale-et-des-biscuits\/#breadcrumb"},"inLanguage":"fr-FR","potentialAction":[{"@type":"ReadAction","target":["https:\/\/lagranjafoods.com\/fr\/des-pommes-au-caramel-sale-et-des-biscuits\/"]}]},{"@type":"ImageObject","inLanguage":"fr-FR","@id":"https:\/\/lagranjafoods.com\/fr\/des-pommes-au-caramel-sale-et-des-biscuits\/#primaryimage","url":"https:\/\/lagranjafoods.com\/wp-content\/uploads\/Banner-recetario-2000-\u00d7-1500-px-7.jpg","contentUrl":"https:\/\/lagranjafoods.com\/wp-content\/uploads\/Banner-recetario-2000-\u00d7-1500-px-7.jpg","width":2000,"height":1500},{"@type":"BreadcrumbList","@id":"https:\/\/lagranjafoods.com\/fr\/des-pommes-au-caramel-sale-et-des-biscuits\/#breadcrumb","itemListElement":[{"@type":"ListItem","position":1,"name":"Portada","item":"https:\/\/lagranjafoods.com\/fr\/"},{"@type":"ListItem","position":2,"name":"Des pommes au caramel sal\u00e9 et des biscuits"}]},{"@type":"WebSite","@id":"https:\/\/lagranjafoods.com\/fr\/#website","url":"https:\/\/lagranjafoods.com\/fr\/","name":"La Granja Foods","description":"\u00a1Benvinguts a La Granja! Qualitat, sabor i frescor des de 1959.","publisher":{"@id":"https:\/\/lagranjafoods.com\/fr\/#organization"},"potentialAction":[{"@type":"SearchAction","target":{"@type":"EntryPoint","urlTemplate":"https:\/\/lagranjafoods.com\/fr\/?s={search_term_string}"},"query-input":{"@type":"PropertyValueSpecification","valueRequired":true,"valueName":"search_term_string"}}],"inLanguage":"fr-FR"},{"@type":"Organization","@id":"https:\/\/lagranjafoods.com\/fr\/#organization","name":"La Granja Foods","url":"https:\/\/lagranjafoods.com\/fr\/","logo":{"@type":"ImageObject","inLanguage":"fr-FR","@id":"https:\/\/lagranjafoods.com\/fr\/#\/schema\/logo\/image\/","url":"https:\/\/lagranjafoods.com\/wp-content\/uploads\/logo-lagranjafoods.png","contentUrl":"https:\/\/lagranjafoods.com\/wp-content\/uploads\/logo-lagranjafoods.png","width":539,"height":158,"caption":"La Granja Foods "},"image":{"@id":"https:\/\/lagranjafoods.com\/fr\/#\/schema\/logo\/image\/"}},{"@type":"Person","@id":"https:\/\/lagranjafoods.com\/fr\/#\/schema\/person\/8620ca73cfc2e9a8afd326de202a03db","name":"emfasi","sameAs":["http:\/\/lagranjafoods.com"]}]}},"_links":{"self":[{"href":"https:\/\/lagranjafoods.com\/fr\/wp-json\/wp\/v2\/posts\/47409","targetHints":{"allow":["GET"]}}],"collection":[{"href":"https:\/\/lagranjafoods.com\/fr\/wp-json\/wp\/v2\/posts"}],"about":[{"href":"https:\/\/lagranjafoods.com\/fr\/wp-json\/wp\/v2\/types\/post"}],"author":[{"embeddable":true,"href":"https:\/\/lagranjafoods.com\/fr\/wp-json\/wp\/v2\/users\/1"}],"replies":[{"embeddable":true,"href":"https:\/\/lagranjafoods.com\/fr\/wp-json\/wp\/v2\/comments?post=47409"}],"version-history":[{"count":0,"href":"https:\/\/lagranjafoods.com\/fr\/wp-json\/wp\/v2\/posts\/47409\/revisions"}],"wp:featuredmedia":[{"embeddable":true,"href":"https:\/\/lagranjafoods.com\/fr\/wp-json\/wp\/v2\/media\/47411"}],"wp:attachment":[{"href":"https:\/\/lagranjafoods.com\/fr\/wp-json\/wp\/v2\/media?parent=47409"}],"wp:term":[{"taxonomy":"category","embeddable":true,"href":"https:\/\/lagranjafoods.com\/fr\/wp-json\/wp\/v2\/categories?post=47409"},{"taxonomy":"post_tag","embeddable":true,"href":"https:\/\/lagranjafoods.com\/fr\/wp-json\/wp\/v2\/tags?post=47409"}],"curies":[{"name":"wp","href":"https:\/\/api.w.org\/{rel}","templated":true}]}}