{"id":47389,"date":"2022-10-18T11:41:03","date_gmt":"2022-10-18T09:41:03","guid":{"rendered":"http:\/\/lagranjafoods.com\/gateau-danniversaire-sans-gluten-et-sans-lactose\/"},"modified":"2022-10-18T11:41:03","modified_gmt":"2022-10-18T09:41:03","slug":"gateau-danniversaire-sans-gluten-et-sans-lactose","status":"publish","type":"post","link":"https:\/\/lagranjafoods.com\/fr\/gateau-danniversaire-sans-gluten-et-sans-lactose\/","title":{"rendered":"G\u00e2teau d\u2019anniversaire sans gluten et sans lactose"},"content":{"rendered":"<h2><span style=\"font-weight: 400;\">INGR\u00c9DIENTS<\/span><\/h2>\n<ul>\n<li>G\u00e2teau original sans gluten de La Granja<\/li>\n<li>1 tasse de framboises et myrtilles ou de baies selon le go\u00fbt<\/li>\n<li>Zeste de la peau d\u2019une demi-orange<\/li>\n<li>2 dates de Medjoul<\/li>\n<li>1\u20442 tasse d\u2019eau<\/li>\n<li>400 grammes de fromage frais sans lactose*<\/li>\n<li>Ar\u00f4me de vanille, quantit\u00e9 au go\u00fbt*<br \/>\n* Tous les ingr\u00e9dients sont sans gluten ni lactose<\/li>\n<\/ul>\n<h2><span style=\"font-weight: 400;\">VINIFICATION<\/span><\/h2>\n<ol>\n<li style=\"font-weight: 400;\" aria-level=\"1\">Nous avons commenc\u00e9 par concevoir la forme du g\u00e2teau d\u2019anniversaire, nous avons choisi le chiffre 4, mais vous pouvez choisir le num\u00e9ro ou la forme que vous souhaitez en utilisant les portions du G\u00e2teau Original Sans Gluten de La Granja. Une fois la forme choisie, l\u2019\u00e9tape suivante consiste \u00e0 couper les portions du g\u00e2teau en deux, car au centre nous introduirons les fruits rouges \u00e9cras\u00e9s. <\/li>\n<li aria-level=\"1\">Une fois que vous avez coup\u00e9 les portions du g\u00e2teau en deux, avec une fourchette ou un fouet, nous \u00e9craserons les fruits rouges et les disposerons sur les moiti\u00e9s, et au-dessus, nous placerons l\u2019autre moiti\u00e9 de la portion.<\/li>\n<li aria-level=\"1\">Dans un blender, nous introduirons la pelure r\u00e2p\u00e9e d\u2019une demi-orange, les deux dattes de Medjoul sans peau ni noyau, ainsi que l\u2019eau. Nous allons cr\u00e9er une sorte de caramel liquide pour sucrer le fromage \u00e0 la cr\u00e8me que nous ferons ensuite. Mets de c\u00f4t\u00e9.  <\/li>\n<li aria-level=\"1\">Dans un bol ou un r\u00e9cipient, nous m\u00e9langerons les deux pots de fromage frais sans lactose, le caramel liquide que nous venons de pr\u00e9parer et l\u2019ar\u00f4me de vanille au go\u00fbt (nous avons ajout\u00e9 une cuill\u00e8re \u00e0 soupe). M\u00e9langez tout jusqu\u2019\u00e0 obtenir une p\u00e2te homog\u00e8ne. <\/li>\n<li aria-level=\"1\">Avec une spatule, nous recouvrons tout le g\u00e2teau, comme sur l\u2019image, et le d\u00e9corons avec ce que nous aimons le plus : fruits, fleurs ou chocolat.<\/li>\n<\/ol>\n","protected":false},"excerpt":{"rendered":"<p>INGR\u00c9DIENTS G\u00e2teau original sans gluten de La Granja 1 tasse de framboises et myrtilles ou de baies selon le go\u00fbt Zeste de la peau d\u2019une demi-orange 2 dates de Medjoul &hellip;<\/p>\n","protected":false},"author":1,"featured_media":47390,"comment_status":"closed","ping_status":"open","sticky":false,"template":"","format":"standard","meta":{"_acf_changed":false,"mc4wp_mailchimp_campaign":[],"footnotes":""},"categories":[859],"tags":[],"class_list":["post-47389","post","type-post","status-publish","format-standard","has-post-thumbnail","hentry","category-recettes"],"acf":[],"yoast_head":"<!-- This site is optimized with the Yoast SEO plugin v28.3 - https:\/\/yoast.com\/product\/yoast-seo-wordpress\/ -->\n<title>G\u00e2teau d\u2019anniversaire sans gluten et sans lactose - La Granja Foods<\/title>\n<meta name=\"description\" content=\"INGR\u00c9DIENTS G\u00e2teau original sans gluten de La Granja 1 tasse de framboises et myrtilles ou de baies selon le go\u00fbt Zeste de la peau d\u2019une demi-orange 2\" \/>\n<meta name=\"robots\" content=\"index, follow, max-snippet:-1, max-image-preview:large, max-video-preview:-1\" \/>\n<link rel=\"canonical\" href=\"https:\/\/lagranjafoods.com\/fr\/gateau-danniversaire-sans-gluten-et-sans-lactose\/\" \/>\n<meta property=\"og:locale\" content=\"fr_FR\" \/>\n<meta property=\"og:type\" content=\"article\" \/>\n<meta property=\"og:title\" content=\"G\u00e2teau d\u2019anniversaire sans gluten et sans lactose - La Granja Foods\" \/>\n<meta property=\"og:description\" content=\"INGR\u00c9DIENTS G\u00e2teau original sans gluten de La Granja 1 tasse de framboises et myrtilles ou de baies selon le go\u00fbt Zeste de la peau d\u2019une demi-orange 2\" \/>\n<meta property=\"og:url\" content=\"https:\/\/lagranjafoods.com\/fr\/gateau-danniversaire-sans-gluten-et-sans-lactose\/\" \/>\n<meta property=\"og:site_name\" content=\"La Granja Foods\" \/>\n<meta property=\"article:published_time\" content=\"2022-10-18T09:41:03+00:00\" \/>\n<meta property=\"og:image\" content=\"https:\/\/lagranjafoods.com\/wp-content\/uploads\/15-1.jpg\" \/>\n\t<meta property=\"og:image:width\" content=\"2000\" \/>\n\t<meta property=\"og:image:height\" content=\"1500\" \/>\n\t<meta property=\"og:image:type\" content=\"image\/jpeg\" \/>\n<meta name=\"author\" content=\"emfasi\" \/>\n<meta name=\"twitter:card\" content=\"summary_large_image\" \/>\n<meta name=\"twitter:label1\" content=\"\u00c9crit par\" \/>\n\t<meta name=\"twitter:data1\" content=\"emfasi\" \/>\n\t<meta name=\"twitter:label2\" content=\"Dur\u00e9e de lecture estim\u00e9e\" \/>\n\t<meta name=\"twitter:data2\" content=\"2 minutes\" \/>\n<script type=\"application\/ld+json\" class=\"yoast-schema-graph\">{\"@context\":\"https:\\\/\\\/schema.org\",\"@graph\":[{\"@type\":\"Article\",\"@id\":\"https:\\\/\\\/lagranjafoods.com\\\/fr\\\/gateau-danniversaire-sans-gluten-et-sans-lactose\\\/#article\",\"isPartOf\":{\"@id\":\"https:\\\/\\\/lagranjafoods.com\\\/fr\\\/gateau-danniversaire-sans-gluten-et-sans-lactose\\\/\"},\"author\":{\"name\":\"emfasi\",\"@id\":\"https:\\\/\\\/lagranjafoods.com\\\/fr\\\/#\\\/schema\\\/person\\\/8620ca73cfc2e9a8afd326de202a03db\"},\"headline\":\"G\u00e2teau d\u2019anniversaire sans gluten et sans lactose\",\"datePublished\":\"2022-10-18T09:41:03+00:00\",\"mainEntityOfPage\":{\"@id\":\"https:\\\/\\\/lagranjafoods.com\\\/fr\\\/gateau-danniversaire-sans-gluten-et-sans-lactose\\\/\"},\"wordCount\":310,\"publisher\":{\"@id\":\"https:\\\/\\\/lagranjafoods.com\\\/fr\\\/#organization\"},\"image\":{\"@id\":\"https:\\\/\\\/lagranjafoods.com\\\/fr\\\/gateau-danniversaire-sans-gluten-et-sans-lactose\\\/#primaryimage\"},\"thumbnailUrl\":\"https:\\\/\\\/lagranjafoods.com\\\/wp-content\\\/uploads\\\/15-1.jpg\",\"articleSection\":[\"Recettes\"],\"inLanguage\":\"fr-FR\"},{\"@type\":\"WebPage\",\"@id\":\"https:\\\/\\\/lagranjafoods.com\\\/fr\\\/gateau-danniversaire-sans-gluten-et-sans-lactose\\\/\",\"url\":\"https:\\\/\\\/lagranjafoods.com\\\/fr\\\/gateau-danniversaire-sans-gluten-et-sans-lactose\\\/\",\"name\":\"G\u00e2teau d\u2019anniversaire sans gluten et sans lactose - La Granja Foods\",\"isPartOf\":{\"@id\":\"https:\\\/\\\/lagranjafoods.com\\\/fr\\\/#website\"},\"primaryImageOfPage\":{\"@id\":\"https:\\\/\\\/lagranjafoods.com\\\/fr\\\/gateau-danniversaire-sans-gluten-et-sans-lactose\\\/#primaryimage\"},\"image\":{\"@id\":\"https:\\\/\\\/lagranjafoods.com\\\/fr\\\/gateau-danniversaire-sans-gluten-et-sans-lactose\\\/#primaryimage\"},\"thumbnailUrl\":\"https:\\\/\\\/lagranjafoods.com\\\/wp-content\\\/uploads\\\/15-1.jpg\",\"datePublished\":\"2022-10-18T09:41:03+00:00\",\"description\":\"INGR\u00c9DIENTS G\u00e2teau original sans gluten de La Granja 1 tasse de framboises et myrtilles ou de baies selon le go\u00fbt Zeste de la peau d\u2019une demi-orange 2\",\"breadcrumb\":{\"@id\":\"https:\\\/\\\/lagranjafoods.com\\\/fr\\\/gateau-danniversaire-sans-gluten-et-sans-lactose\\\/#breadcrumb\"},\"inLanguage\":\"fr-FR\",\"potentialAction\":[{\"@type\":\"ReadAction\",\"target\":[\"https:\\\/\\\/lagranjafoods.com\\\/fr\\\/gateau-danniversaire-sans-gluten-et-sans-lactose\\\/\"]}]},{\"@type\":\"ImageObject\",\"inLanguage\":\"fr-FR\",\"@id\":\"https:\\\/\\\/lagranjafoods.com\\\/fr\\\/gateau-danniversaire-sans-gluten-et-sans-lactose\\\/#primaryimage\",\"url\":\"https:\\\/\\\/lagranjafoods.com\\\/wp-content\\\/uploads\\\/15-1.jpg\",\"contentUrl\":\"https:\\\/\\\/lagranjafoods.com\\\/wp-content\\\/uploads\\\/15-1.jpg\",\"width\":2000,\"height\":1500},{\"@type\":\"BreadcrumbList\",\"@id\":\"https:\\\/\\\/lagranjafoods.com\\\/fr\\\/gateau-danniversaire-sans-gluten-et-sans-lactose\\\/#breadcrumb\",\"itemListElement\":[{\"@type\":\"ListItem\",\"position\":1,\"name\":\"Portada\",\"item\":\"https:\\\/\\\/lagranjafoods.com\\\/fr\\\/\"},{\"@type\":\"ListItem\",\"position\":2,\"name\":\"G\u00e2teau d\u2019anniversaire sans gluten et sans lactose\"}]},{\"@type\":\"WebSite\",\"@id\":\"https:\\\/\\\/lagranjafoods.com\\\/fr\\\/#website\",\"url\":\"https:\\\/\\\/lagranjafoods.com\\\/fr\\\/\",\"name\":\"La Granja Foods\",\"description\":\"\u00a1Benvinguts a La Granja! Qualitat, sabor i frescor des de 1959.\",\"publisher\":{\"@id\":\"https:\\\/\\\/lagranjafoods.com\\\/fr\\\/#organization\"},\"potentialAction\":[{\"@type\":\"SearchAction\",\"target\":{\"@type\":\"EntryPoint\",\"urlTemplate\":\"https:\\\/\\\/lagranjafoods.com\\\/fr\\\/?s={search_term_string}\"},\"query-input\":{\"@type\":\"PropertyValueSpecification\",\"valueRequired\":true,\"valueName\":\"search_term_string\"}}],\"inLanguage\":\"fr-FR\"},{\"@type\":\"Organization\",\"@id\":\"https:\\\/\\\/lagranjafoods.com\\\/fr\\\/#organization\",\"name\":\"La Granja Foods\",\"url\":\"https:\\\/\\\/lagranjafoods.com\\\/fr\\\/\",\"logo\":{\"@type\":\"ImageObject\",\"inLanguage\":\"fr-FR\",\"@id\":\"https:\\\/\\\/lagranjafoods.com\\\/fr\\\/#\\\/schema\\\/logo\\\/image\\\/\",\"url\":\"https:\\\/\\\/lagranjafoods.com\\\/wp-content\\\/uploads\\\/logo-lagranjafoods.png\",\"contentUrl\":\"https:\\\/\\\/lagranjafoods.com\\\/wp-content\\\/uploads\\\/logo-lagranjafoods.png\",\"width\":539,\"height\":158,\"caption\":\"La Granja Foods \"},\"image\":{\"@id\":\"https:\\\/\\\/lagranjafoods.com\\\/fr\\\/#\\\/schema\\\/logo\\\/image\\\/\"}},{\"@type\":\"Person\",\"@id\":\"https:\\\/\\\/lagranjafoods.com\\\/fr\\\/#\\\/schema\\\/person\\\/8620ca73cfc2e9a8afd326de202a03db\",\"name\":\"emfasi\",\"sameAs\":[\"http:\\\/\\\/lagranjafoods.com\"]}]}<\/script>\n<!-- \/ Yoast SEO plugin. -->","yoast_head_json":{"title":"G\u00e2teau d\u2019anniversaire sans gluten et sans lactose - La Granja Foods","description":"INGR\u00c9DIENTS G\u00e2teau original sans gluten de La Granja 1 tasse de framboises et myrtilles ou de baies selon le go\u00fbt Zeste de la peau d\u2019une demi-orange 2","robots":{"index":"index","follow":"follow","max-snippet":"max-snippet:-1","max-image-preview":"max-image-preview:large","max-video-preview":"max-video-preview:-1"},"canonical":"https:\/\/lagranjafoods.com\/fr\/gateau-danniversaire-sans-gluten-et-sans-lactose\/","og_locale":"fr_FR","og_type":"article","og_title":"G\u00e2teau d\u2019anniversaire sans gluten et sans lactose - La Granja Foods","og_description":"INGR\u00c9DIENTS G\u00e2teau original sans gluten de La Granja 1 tasse de framboises et myrtilles ou de baies selon le go\u00fbt Zeste de la peau d\u2019une demi-orange 2","og_url":"https:\/\/lagranjafoods.com\/fr\/gateau-danniversaire-sans-gluten-et-sans-lactose\/","og_site_name":"La Granja Foods","article_published_time":"2022-10-18T09:41:03+00:00","og_image":[{"width":2000,"height":1500,"url":"https:\/\/lagranjafoods.com\/wp-content\/uploads\/15-1.jpg","type":"image\/jpeg"}],"author":"emfasi","twitter_card":"summary_large_image","twitter_misc":{"\u00c9crit par":"emfasi","Dur\u00e9e de lecture estim\u00e9e":"2 minutes"},"schema":{"@context":"https:\/\/schema.org","@graph":[{"@type":"Article","@id":"https:\/\/lagranjafoods.com\/fr\/gateau-danniversaire-sans-gluten-et-sans-lactose\/#article","isPartOf":{"@id":"https:\/\/lagranjafoods.com\/fr\/gateau-danniversaire-sans-gluten-et-sans-lactose\/"},"author":{"name":"emfasi","@id":"https:\/\/lagranjafoods.com\/fr\/#\/schema\/person\/8620ca73cfc2e9a8afd326de202a03db"},"headline":"G\u00e2teau d\u2019anniversaire sans gluten et sans lactose","datePublished":"2022-10-18T09:41:03+00:00","mainEntityOfPage":{"@id":"https:\/\/lagranjafoods.com\/fr\/gateau-danniversaire-sans-gluten-et-sans-lactose\/"},"wordCount":310,"publisher":{"@id":"https:\/\/lagranjafoods.com\/fr\/#organization"},"image":{"@id":"https:\/\/lagranjafoods.com\/fr\/gateau-danniversaire-sans-gluten-et-sans-lactose\/#primaryimage"},"thumbnailUrl":"https:\/\/lagranjafoods.com\/wp-content\/uploads\/15-1.jpg","articleSection":["Recettes"],"inLanguage":"fr-FR"},{"@type":"WebPage","@id":"https:\/\/lagranjafoods.com\/fr\/gateau-danniversaire-sans-gluten-et-sans-lactose\/","url":"https:\/\/lagranjafoods.com\/fr\/gateau-danniversaire-sans-gluten-et-sans-lactose\/","name":"G\u00e2teau d\u2019anniversaire sans gluten et sans lactose - La Granja Foods","isPartOf":{"@id":"https:\/\/lagranjafoods.com\/fr\/#website"},"primaryImageOfPage":{"@id":"https:\/\/lagranjafoods.com\/fr\/gateau-danniversaire-sans-gluten-et-sans-lactose\/#primaryimage"},"image":{"@id":"https:\/\/lagranjafoods.com\/fr\/gateau-danniversaire-sans-gluten-et-sans-lactose\/#primaryimage"},"thumbnailUrl":"https:\/\/lagranjafoods.com\/wp-content\/uploads\/15-1.jpg","datePublished":"2022-10-18T09:41:03+00:00","description":"INGR\u00c9DIENTS G\u00e2teau original sans gluten de La Granja 1 tasse de framboises et myrtilles ou de baies selon le go\u00fbt Zeste de la peau d\u2019une demi-orange 2","breadcrumb":{"@id":"https:\/\/lagranjafoods.com\/fr\/gateau-danniversaire-sans-gluten-et-sans-lactose\/#breadcrumb"},"inLanguage":"fr-FR","potentialAction":[{"@type":"ReadAction","target":["https:\/\/lagranjafoods.com\/fr\/gateau-danniversaire-sans-gluten-et-sans-lactose\/"]}]},{"@type":"ImageObject","inLanguage":"fr-FR","@id":"https:\/\/lagranjafoods.com\/fr\/gateau-danniversaire-sans-gluten-et-sans-lactose\/#primaryimage","url":"https:\/\/lagranjafoods.com\/wp-content\/uploads\/15-1.jpg","contentUrl":"https:\/\/lagranjafoods.com\/wp-content\/uploads\/15-1.jpg","width":2000,"height":1500},{"@type":"BreadcrumbList","@id":"https:\/\/lagranjafoods.com\/fr\/gateau-danniversaire-sans-gluten-et-sans-lactose\/#breadcrumb","itemListElement":[{"@type":"ListItem","position":1,"name":"Portada","item":"https:\/\/lagranjafoods.com\/fr\/"},{"@type":"ListItem","position":2,"name":"G\u00e2teau d\u2019anniversaire sans gluten et sans lactose"}]},{"@type":"WebSite","@id":"https:\/\/lagranjafoods.com\/fr\/#website","url":"https:\/\/lagranjafoods.com\/fr\/","name":"La Granja Foods","description":"\u00a1Benvinguts a La Granja! Qualitat, sabor i frescor des de 1959.","publisher":{"@id":"https:\/\/lagranjafoods.com\/fr\/#organization"},"potentialAction":[{"@type":"SearchAction","target":{"@type":"EntryPoint","urlTemplate":"https:\/\/lagranjafoods.com\/fr\/?s={search_term_string}"},"query-input":{"@type":"PropertyValueSpecification","valueRequired":true,"valueName":"search_term_string"}}],"inLanguage":"fr-FR"},{"@type":"Organization","@id":"https:\/\/lagranjafoods.com\/fr\/#organization","name":"La Granja Foods","url":"https:\/\/lagranjafoods.com\/fr\/","logo":{"@type":"ImageObject","inLanguage":"fr-FR","@id":"https:\/\/lagranjafoods.com\/fr\/#\/schema\/logo\/image\/","url":"https:\/\/lagranjafoods.com\/wp-content\/uploads\/logo-lagranjafoods.png","contentUrl":"https:\/\/lagranjafoods.com\/wp-content\/uploads\/logo-lagranjafoods.png","width":539,"height":158,"caption":"La Granja Foods "},"image":{"@id":"https:\/\/lagranjafoods.com\/fr\/#\/schema\/logo\/image\/"}},{"@type":"Person","@id":"https:\/\/lagranjafoods.com\/fr\/#\/schema\/person\/8620ca73cfc2e9a8afd326de202a03db","name":"emfasi","sameAs":["http:\/\/lagranjafoods.com"]}]}},"_links":{"self":[{"href":"https:\/\/lagranjafoods.com\/fr\/wp-json\/wp\/v2\/posts\/47389","targetHints":{"allow":["GET"]}}],"collection":[{"href":"https:\/\/lagranjafoods.com\/fr\/wp-json\/wp\/v2\/posts"}],"about":[{"href":"https:\/\/lagranjafoods.com\/fr\/wp-json\/wp\/v2\/types\/post"}],"author":[{"embeddable":true,"href":"https:\/\/lagranjafoods.com\/fr\/wp-json\/wp\/v2\/users\/1"}],"replies":[{"embeddable":true,"href":"https:\/\/lagranjafoods.com\/fr\/wp-json\/wp\/v2\/comments?post=47389"}],"version-history":[{"count":0,"href":"https:\/\/lagranjafoods.com\/fr\/wp-json\/wp\/v2\/posts\/47389\/revisions"}],"wp:featuredmedia":[{"embeddable":true,"href":"https:\/\/lagranjafoods.com\/fr\/wp-json\/wp\/v2\/media\/47390"}],"wp:attachment":[{"href":"https:\/\/lagranjafoods.com\/fr\/wp-json\/wp\/v2\/media?parent=47389"}],"wp:term":[{"taxonomy":"category","embeddable":true,"href":"https:\/\/lagranjafoods.com\/fr\/wp-json\/wp\/v2\/categories?post=47389"},{"taxonomy":"post_tag","embeddable":true,"href":"https:\/\/lagranjafoods.com\/fr\/wp-json\/wp\/v2\/tags?post=47389"}],"curies":[{"name":"wp","href":"https:\/\/api.w.org\/{rel}","templated":true}]}}