{"id":47367,"date":"2022-09-26T17:25:39","date_gmt":"2022-09-26T15:25:39","guid":{"rendered":"http:\/\/lagranjafoods.com\/gateaux-pop-sans-gluten-a-la-noix-de-coco-et-a-la-banane\/"},"modified":"2022-09-26T17:25:39","modified_gmt":"2022-09-26T15:25:39","slug":"gateaux-pop-sans-gluten-a-la-noix-de-coco-et-a-la-banane","status":"publish","type":"post","link":"https:\/\/lagranjafoods.com\/fr\/gateaux-pop-sans-gluten-a-la-noix-de-coco-et-a-la-banane\/","title":{"rendered":"G\u00e2teaux pop sans gluten \u00e0 la noix de coco et \u00e0 la banane"},"content":{"rendered":"<h2><span style=\"font-weight: 400;\">INGR\u00c9DIENTS<\/span><\/h2>\n<ul>\n<li>1 paquet de g\u00e2teau La Granja sans gluten \u00e0 la noix de coco et \u00e0 la banane<\/li>\n<li>1 tasse de noisettes pel\u00e9es<\/li>\n<li>1\u20442 tasse de lait de coco en conserve<\/li>\n<li>1 tasse de noix de coco r\u00e2p\u00e9e<\/li>\n<li>1 tablette de chocolat blanc sans gluten\n<div class=\"page\" title=\"Page 2\">\n<div class=\"section\">\n<div class=\"layoutArea\">\n<div class=\"column\">\n<p>*Tous les ingr\u00e9dients sont sans gluten.<\/p>\n<\/div>\n<\/div>\n<\/div>\n<\/div>\n<\/li>\n<\/ul>\n<h2><span style=\"font-weight: 400;\">VINIFICATION<\/span><\/h2>\n<ol>\n<li style=\"font-weight: 400;\" aria-level=\"1\">D\u2019abord, nous allons faire la p\u00e2te pour faire les Pop Cakes ou les boules de g\u00e2teau \u00e9ponge. D\u2019abord, nous coupons les noisettes en petits morceaux (sans les moudre) et les faisons griller dans une po\u00eale, il n\u2019est pas n\u00e9cessaire d\u2019utiliser de l\u2019huile. Une fois grill\u00e9s, retirez-les du feu pour qu\u2019ils ne br\u00fblent pas et laissez-les reposer.  <\/li>\n<li style=\"font-weight: 400;\" aria-level=\"1\">Dans un bol, ajoutez le g\u00e2teau \u00e0 la noix de coco et \u00e0 la banane sans gluten \u00e9miett\u00e9 de La Granja, nous le froissons \u00e0 la main. Ajoutez 1\u20442 tasse de lait de coco en conserve, 4 cuill\u00e8res \u00e0 soupe de noix de coco r\u00e2p\u00e9e et de noisettes pel\u00e9es au g\u00e2teau \u00e9miett\u00e9. <\/li>\n<li style=\"font-weight: 400;\" aria-level=\"1\">Les mains propres, p\u00e9trissez jusqu\u2019\u00e0 obtenir un m\u00e9lange homog\u00e8ne avec tous les ingr\u00e9dients du bol. Nous allons faire des boules, essayer de faire que toutes les boules ou Pop Cakes soient de la m\u00eame taille. Laissez-le reposer au r\u00e9frig\u00e9rateur pendant une heure pour que les boules prennent de la consistance.  <\/li>\n<li style=\"font-weight: 400;\" aria-level=\"1\">En attendant, faites fondre le chocolat blanc au bain-marie ou au micro-ondes et laissez-le reposer pour \u00e9viter qu\u2019il ne br\u00fble.<\/li>\n<li style=\"font-weight: 400;\" aria-level=\"1\">Ajoutez le chocolat fondu dans un bol et le reste de la noix de coco r\u00e2p\u00e9e sur une assiette, puis enrobez les boules pour leur donner la touche finale. Et profitez-en avec La Granja Foods ! <\/li>\n<\/ol>\n","protected":false},"excerpt":{"rendered":"<p>INGR\u00c9DIENTS 1 paquet de g\u00e2teau La Granja sans gluten \u00e0 la noix de coco et \u00e0 la banane 1 tasse de noisettes pel\u00e9es 1\u20442 tasse de lait de coco en &hellip;<\/p>\n","protected":false},"author":1,"featured_media":47369,"comment_status":"closed","ping_status":"open","sticky":false,"template":"","format":"standard","meta":{"_acf_changed":false,"mc4wp_mailchimp_campaign":[],"footnotes":""},"categories":[859],"tags":[819],"class_list":["post-47367","post","type-post","status-publish","format-standard","has-post-thumbnail","hentry","category-recettes","tag-sans-gluten"],"acf":[],"yoast_head":"<!-- This site is optimized with the Yoast SEO plugin v28.3 - https:\/\/yoast.com\/product\/yoast-seo-wordpress\/ -->\n<title>G\u00e2teaux pop sans gluten \u00e0 la noix de coco et \u00e0 la banane - La Granja Foods<\/title>\n<meta name=\"description\" content=\"G\u00e2teaux \u00e0 la noix de coco et \u00e0 la banane sans gluten. Irr\u00e9sistible et id\u00e9ale pour passer un bon moment et profiter avec amis et famille\" \/>\n<meta name=\"robots\" content=\"index, follow, max-snippet:-1, max-image-preview:large, max-video-preview:-1\" \/>\n<link rel=\"canonical\" href=\"https:\/\/lagranjafoods.com\/fr\/gateaux-pop-sans-gluten-a-la-noix-de-coco-et-a-la-banane\/\" \/>\n<meta property=\"og:locale\" content=\"fr_FR\" \/>\n<meta property=\"og:type\" content=\"article\" \/>\n<meta property=\"og:title\" content=\"G\u00e2teaux pop sans gluten \u00e0 la noix de coco et \u00e0 la banane - La Granja Foods\" \/>\n<meta property=\"og:description\" content=\"G\u00e2teaux \u00e0 la noix de coco et \u00e0 la banane sans gluten. Irr\u00e9sistible et id\u00e9ale pour passer un bon moment et profiter avec amis et famille\" \/>\n<meta property=\"og:url\" content=\"https:\/\/lagranjafoods.com\/fr\/gateaux-pop-sans-gluten-a-la-noix-de-coco-et-a-la-banane\/\" \/>\n<meta property=\"og:site_name\" content=\"La Granja Foods\" \/>\n<meta property=\"article:published_time\" content=\"2022-09-26T15:25:39+00:00\" \/>\n<meta property=\"og:image\" content=\"https:\/\/lagranjafoods.com\/wp-content\/uploads\/Pop-cakes-sin-gluten-la-granja-2.jpg\" \/>\n\t<meta property=\"og:image:width\" content=\"2000\" \/>\n\t<meta property=\"og:image:height\" content=\"1500\" \/>\n\t<meta property=\"og:image:type\" content=\"image\/jpeg\" \/>\n<meta name=\"author\" content=\"emfasi\" \/>\n<meta name=\"twitter:card\" content=\"summary_large_image\" \/>\n<meta name=\"twitter:label1\" content=\"\u00c9crit par\" \/>\n\t<meta name=\"twitter:data1\" content=\"emfasi\" \/>\n\t<meta name=\"twitter:label2\" content=\"Dur\u00e9e de lecture estim\u00e9e\" \/>\n\t<meta name=\"twitter:data2\" content=\"1 minute\" \/>\n<script type=\"application\/ld+json\" class=\"yoast-schema-graph\">{\"@context\":\"https:\\\/\\\/schema.org\",\"@graph\":[{\"@type\":\"Article\",\"@id\":\"https:\\\/\\\/lagranjafoods.com\\\/fr\\\/gateaux-pop-sans-gluten-a-la-noix-de-coco-et-a-la-banane\\\/#article\",\"isPartOf\":{\"@id\":\"https:\\\/\\\/lagranjafoods.com\\\/fr\\\/gateaux-pop-sans-gluten-a-la-noix-de-coco-et-a-la-banane\\\/\"},\"author\":{\"name\":\"emfasi\",\"@id\":\"https:\\\/\\\/lagranjafoods.com\\\/fr\\\/#\\\/schema\\\/person\\\/8620ca73cfc2e9a8afd326de202a03db\"},\"headline\":\"G\u00e2teaux pop sans gluten \u00e0 la noix de coco et \u00e0 la banane\",\"datePublished\":\"2022-09-26T15:25:39+00:00\",\"mainEntityOfPage\":{\"@id\":\"https:\\\/\\\/lagranjafoods.com\\\/fr\\\/gateaux-pop-sans-gluten-a-la-noix-de-coco-et-a-la-banane\\\/\"},\"wordCount\":299,\"publisher\":{\"@id\":\"https:\\\/\\\/lagranjafoods.com\\\/fr\\\/#organization\"},\"image\":{\"@id\":\"https:\\\/\\\/lagranjafoods.com\\\/fr\\\/gateaux-pop-sans-gluten-a-la-noix-de-coco-et-a-la-banane\\\/#primaryimage\"},\"thumbnailUrl\":\"https:\\\/\\\/lagranjafoods.com\\\/wp-content\\\/uploads\\\/Pop-cakes-sin-gluten-la-granja-2.jpg\",\"keywords\":[\"Sans gluten\"],\"articleSection\":[\"Recettes\"],\"inLanguage\":\"fr-FR\"},{\"@type\":\"WebPage\",\"@id\":\"https:\\\/\\\/lagranjafoods.com\\\/fr\\\/gateaux-pop-sans-gluten-a-la-noix-de-coco-et-a-la-banane\\\/\",\"url\":\"https:\\\/\\\/lagranjafoods.com\\\/fr\\\/gateaux-pop-sans-gluten-a-la-noix-de-coco-et-a-la-banane\\\/\",\"name\":\"G\u00e2teaux pop sans gluten \u00e0 la noix de coco et \u00e0 la banane - La Granja Foods\",\"isPartOf\":{\"@id\":\"https:\\\/\\\/lagranjafoods.com\\\/fr\\\/#website\"},\"primaryImageOfPage\":{\"@id\":\"https:\\\/\\\/lagranjafoods.com\\\/fr\\\/gateaux-pop-sans-gluten-a-la-noix-de-coco-et-a-la-banane\\\/#primaryimage\"},\"image\":{\"@id\":\"https:\\\/\\\/lagranjafoods.com\\\/fr\\\/gateaux-pop-sans-gluten-a-la-noix-de-coco-et-a-la-banane\\\/#primaryimage\"},\"thumbnailUrl\":\"https:\\\/\\\/lagranjafoods.com\\\/wp-content\\\/uploads\\\/Pop-cakes-sin-gluten-la-granja-2.jpg\",\"datePublished\":\"2022-09-26T15:25:39+00:00\",\"description\":\"G\u00e2teaux \u00e0 la noix de coco et \u00e0 la banane sans gluten. Irr\u00e9sistible et id\u00e9ale pour passer un bon moment et profiter avec amis et famille\",\"breadcrumb\":{\"@id\":\"https:\\\/\\\/lagranjafoods.com\\\/fr\\\/gateaux-pop-sans-gluten-a-la-noix-de-coco-et-a-la-banane\\\/#breadcrumb\"},\"inLanguage\":\"fr-FR\",\"potentialAction\":[{\"@type\":\"ReadAction\",\"target\":[\"https:\\\/\\\/lagranjafoods.com\\\/fr\\\/gateaux-pop-sans-gluten-a-la-noix-de-coco-et-a-la-banane\\\/\"]}]},{\"@type\":\"ImageObject\",\"inLanguage\":\"fr-FR\",\"@id\":\"https:\\\/\\\/lagranjafoods.com\\\/fr\\\/gateaux-pop-sans-gluten-a-la-noix-de-coco-et-a-la-banane\\\/#primaryimage\",\"url\":\"https:\\\/\\\/lagranjafoods.com\\\/wp-content\\\/uploads\\\/Pop-cakes-sin-gluten-la-granja-2.jpg\",\"contentUrl\":\"https:\\\/\\\/lagranjafoods.com\\\/wp-content\\\/uploads\\\/Pop-cakes-sin-gluten-la-granja-2.jpg\",\"width\":2000,\"height\":1500},{\"@type\":\"BreadcrumbList\",\"@id\":\"https:\\\/\\\/lagranjafoods.com\\\/fr\\\/gateaux-pop-sans-gluten-a-la-noix-de-coco-et-a-la-banane\\\/#breadcrumb\",\"itemListElement\":[{\"@type\":\"ListItem\",\"position\":1,\"name\":\"Portada\",\"item\":\"https:\\\/\\\/lagranjafoods.com\\\/fr\\\/\"},{\"@type\":\"ListItem\",\"position\":2,\"name\":\"G\u00e2teaux pop sans gluten \u00e0 la noix de coco et \u00e0 la banane\"}]},{\"@type\":\"WebSite\",\"@id\":\"https:\\\/\\\/lagranjafoods.com\\\/fr\\\/#website\",\"url\":\"https:\\\/\\\/lagranjafoods.com\\\/fr\\\/\",\"name\":\"La Granja Foods\",\"description\":\"\u00a1Benvinguts a La Granja! Qualitat, sabor i frescor des de 1959.\",\"publisher\":{\"@id\":\"https:\\\/\\\/lagranjafoods.com\\\/fr\\\/#organization\"},\"potentialAction\":[{\"@type\":\"SearchAction\",\"target\":{\"@type\":\"EntryPoint\",\"urlTemplate\":\"https:\\\/\\\/lagranjafoods.com\\\/fr\\\/?s={search_term_string}\"},\"query-input\":{\"@type\":\"PropertyValueSpecification\",\"valueRequired\":true,\"valueName\":\"search_term_string\"}}],\"inLanguage\":\"fr-FR\"},{\"@type\":\"Organization\",\"@id\":\"https:\\\/\\\/lagranjafoods.com\\\/fr\\\/#organization\",\"name\":\"La Granja Foods\",\"url\":\"https:\\\/\\\/lagranjafoods.com\\\/fr\\\/\",\"logo\":{\"@type\":\"ImageObject\",\"inLanguage\":\"fr-FR\",\"@id\":\"https:\\\/\\\/lagranjafoods.com\\\/fr\\\/#\\\/schema\\\/logo\\\/image\\\/\",\"url\":\"https:\\\/\\\/lagranjafoods.com\\\/wp-content\\\/uploads\\\/logo-lagranjafoods.png\",\"contentUrl\":\"https:\\\/\\\/lagranjafoods.com\\\/wp-content\\\/uploads\\\/logo-lagranjafoods.png\",\"width\":539,\"height\":158,\"caption\":\"La Granja Foods \"},\"image\":{\"@id\":\"https:\\\/\\\/lagranjafoods.com\\\/fr\\\/#\\\/schema\\\/logo\\\/image\\\/\"}},{\"@type\":\"Person\",\"@id\":\"https:\\\/\\\/lagranjafoods.com\\\/fr\\\/#\\\/schema\\\/person\\\/8620ca73cfc2e9a8afd326de202a03db\",\"name\":\"emfasi\",\"sameAs\":[\"http:\\\/\\\/lagranjafoods.com\"]}]}<\/script>\n<!-- \/ Yoast SEO plugin. -->","yoast_head_json":{"title":"G\u00e2teaux pop sans gluten \u00e0 la noix de coco et \u00e0 la banane - La Granja Foods","description":"G\u00e2teaux \u00e0 la noix de coco et \u00e0 la banane sans gluten. Irr\u00e9sistible et id\u00e9ale pour passer un bon moment et profiter avec amis et famille","robots":{"index":"index","follow":"follow","max-snippet":"max-snippet:-1","max-image-preview":"max-image-preview:large","max-video-preview":"max-video-preview:-1"},"canonical":"https:\/\/lagranjafoods.com\/fr\/gateaux-pop-sans-gluten-a-la-noix-de-coco-et-a-la-banane\/","og_locale":"fr_FR","og_type":"article","og_title":"G\u00e2teaux pop sans gluten \u00e0 la noix de coco et \u00e0 la banane - La Granja Foods","og_description":"G\u00e2teaux \u00e0 la noix de coco et \u00e0 la banane sans gluten. Irr\u00e9sistible et id\u00e9ale pour passer un bon moment et profiter avec amis et famille","og_url":"https:\/\/lagranjafoods.com\/fr\/gateaux-pop-sans-gluten-a-la-noix-de-coco-et-a-la-banane\/","og_site_name":"La Granja Foods","article_published_time":"2022-09-26T15:25:39+00:00","og_image":[{"width":2000,"height":1500,"url":"https:\/\/lagranjafoods.com\/wp-content\/uploads\/Pop-cakes-sin-gluten-la-granja-2.jpg","type":"image\/jpeg"}],"author":"emfasi","twitter_card":"summary_large_image","twitter_misc":{"\u00c9crit par":"emfasi","Dur\u00e9e de lecture estim\u00e9e":"1 minute"},"schema":{"@context":"https:\/\/schema.org","@graph":[{"@type":"Article","@id":"https:\/\/lagranjafoods.com\/fr\/gateaux-pop-sans-gluten-a-la-noix-de-coco-et-a-la-banane\/#article","isPartOf":{"@id":"https:\/\/lagranjafoods.com\/fr\/gateaux-pop-sans-gluten-a-la-noix-de-coco-et-a-la-banane\/"},"author":{"name":"emfasi","@id":"https:\/\/lagranjafoods.com\/fr\/#\/schema\/person\/8620ca73cfc2e9a8afd326de202a03db"},"headline":"G\u00e2teaux pop sans gluten \u00e0 la noix de coco et \u00e0 la banane","datePublished":"2022-09-26T15:25:39+00:00","mainEntityOfPage":{"@id":"https:\/\/lagranjafoods.com\/fr\/gateaux-pop-sans-gluten-a-la-noix-de-coco-et-a-la-banane\/"},"wordCount":299,"publisher":{"@id":"https:\/\/lagranjafoods.com\/fr\/#organization"},"image":{"@id":"https:\/\/lagranjafoods.com\/fr\/gateaux-pop-sans-gluten-a-la-noix-de-coco-et-a-la-banane\/#primaryimage"},"thumbnailUrl":"https:\/\/lagranjafoods.com\/wp-content\/uploads\/Pop-cakes-sin-gluten-la-granja-2.jpg","keywords":["Sans gluten"],"articleSection":["Recettes"],"inLanguage":"fr-FR"},{"@type":"WebPage","@id":"https:\/\/lagranjafoods.com\/fr\/gateaux-pop-sans-gluten-a-la-noix-de-coco-et-a-la-banane\/","url":"https:\/\/lagranjafoods.com\/fr\/gateaux-pop-sans-gluten-a-la-noix-de-coco-et-a-la-banane\/","name":"G\u00e2teaux pop sans gluten \u00e0 la noix de coco et \u00e0 la banane - La Granja Foods","isPartOf":{"@id":"https:\/\/lagranjafoods.com\/fr\/#website"},"primaryImageOfPage":{"@id":"https:\/\/lagranjafoods.com\/fr\/gateaux-pop-sans-gluten-a-la-noix-de-coco-et-a-la-banane\/#primaryimage"},"image":{"@id":"https:\/\/lagranjafoods.com\/fr\/gateaux-pop-sans-gluten-a-la-noix-de-coco-et-a-la-banane\/#primaryimage"},"thumbnailUrl":"https:\/\/lagranjafoods.com\/wp-content\/uploads\/Pop-cakes-sin-gluten-la-granja-2.jpg","datePublished":"2022-09-26T15:25:39+00:00","description":"G\u00e2teaux \u00e0 la noix de coco et \u00e0 la banane sans gluten. Irr\u00e9sistible et id\u00e9ale pour passer un bon moment et profiter avec amis et famille","breadcrumb":{"@id":"https:\/\/lagranjafoods.com\/fr\/gateaux-pop-sans-gluten-a-la-noix-de-coco-et-a-la-banane\/#breadcrumb"},"inLanguage":"fr-FR","potentialAction":[{"@type":"ReadAction","target":["https:\/\/lagranjafoods.com\/fr\/gateaux-pop-sans-gluten-a-la-noix-de-coco-et-a-la-banane\/"]}]},{"@type":"ImageObject","inLanguage":"fr-FR","@id":"https:\/\/lagranjafoods.com\/fr\/gateaux-pop-sans-gluten-a-la-noix-de-coco-et-a-la-banane\/#primaryimage","url":"https:\/\/lagranjafoods.com\/wp-content\/uploads\/Pop-cakes-sin-gluten-la-granja-2.jpg","contentUrl":"https:\/\/lagranjafoods.com\/wp-content\/uploads\/Pop-cakes-sin-gluten-la-granja-2.jpg","width":2000,"height":1500},{"@type":"BreadcrumbList","@id":"https:\/\/lagranjafoods.com\/fr\/gateaux-pop-sans-gluten-a-la-noix-de-coco-et-a-la-banane\/#breadcrumb","itemListElement":[{"@type":"ListItem","position":1,"name":"Portada","item":"https:\/\/lagranjafoods.com\/fr\/"},{"@type":"ListItem","position":2,"name":"G\u00e2teaux pop sans gluten \u00e0 la noix de coco et \u00e0 la banane"}]},{"@type":"WebSite","@id":"https:\/\/lagranjafoods.com\/fr\/#website","url":"https:\/\/lagranjafoods.com\/fr\/","name":"La Granja Foods","description":"\u00a1Benvinguts a La Granja! Qualitat, sabor i frescor des de 1959.","publisher":{"@id":"https:\/\/lagranjafoods.com\/fr\/#organization"},"potentialAction":[{"@type":"SearchAction","target":{"@type":"EntryPoint","urlTemplate":"https:\/\/lagranjafoods.com\/fr\/?s={search_term_string}"},"query-input":{"@type":"PropertyValueSpecification","valueRequired":true,"valueName":"search_term_string"}}],"inLanguage":"fr-FR"},{"@type":"Organization","@id":"https:\/\/lagranjafoods.com\/fr\/#organization","name":"La Granja Foods","url":"https:\/\/lagranjafoods.com\/fr\/","logo":{"@type":"ImageObject","inLanguage":"fr-FR","@id":"https:\/\/lagranjafoods.com\/fr\/#\/schema\/logo\/image\/","url":"https:\/\/lagranjafoods.com\/wp-content\/uploads\/logo-lagranjafoods.png","contentUrl":"https:\/\/lagranjafoods.com\/wp-content\/uploads\/logo-lagranjafoods.png","width":539,"height":158,"caption":"La Granja Foods "},"image":{"@id":"https:\/\/lagranjafoods.com\/fr\/#\/schema\/logo\/image\/"}},{"@type":"Person","@id":"https:\/\/lagranjafoods.com\/fr\/#\/schema\/person\/8620ca73cfc2e9a8afd326de202a03db","name":"emfasi","sameAs":["http:\/\/lagranjafoods.com"]}]}},"_links":{"self":[{"href":"https:\/\/lagranjafoods.com\/fr\/wp-json\/wp\/v2\/posts\/47367","targetHints":{"allow":["GET"]}}],"collection":[{"href":"https:\/\/lagranjafoods.com\/fr\/wp-json\/wp\/v2\/posts"}],"about":[{"href":"https:\/\/lagranjafoods.com\/fr\/wp-json\/wp\/v2\/types\/post"}],"author":[{"embeddable":true,"href":"https:\/\/lagranjafoods.com\/fr\/wp-json\/wp\/v2\/users\/1"}],"replies":[{"embeddable":true,"href":"https:\/\/lagranjafoods.com\/fr\/wp-json\/wp\/v2\/comments?post=47367"}],"version-history":[{"count":0,"href":"https:\/\/lagranjafoods.com\/fr\/wp-json\/wp\/v2\/posts\/47367\/revisions"}],"wp:featuredmedia":[{"embeddable":true,"href":"https:\/\/lagranjafoods.com\/fr\/wp-json\/wp\/v2\/media\/47369"}],"wp:attachment":[{"href":"https:\/\/lagranjafoods.com\/fr\/wp-json\/wp\/v2\/media?parent=47367"}],"wp:term":[{"taxonomy":"category","embeddable":true,"href":"https:\/\/lagranjafoods.com\/fr\/wp-json\/wp\/v2\/categories?post=47367"},{"taxonomy":"post_tag","embeddable":true,"href":"https:\/\/lagranjafoods.com\/fr\/wp-json\/wp\/v2\/tags?post=47367"}],"curies":[{"name":"wp","href":"https:\/\/api.w.org\/{rel}","templated":true}]}}