{"id":47319,"date":"2025-07-15T08:25:57","date_gmt":"2025-07-15T06:25:57","guid":{"rendered":"http:\/\/lagranjafoods.com\/table-de-glaces-avec-des-flocons-davoine-bio-et-des-biscuits-a-la-lin\/"},"modified":"2026-05-21T10:02:15","modified_gmt":"2026-05-21T08:02:15","slug":"table-de-glaces-avec-des-flocons-davoine-bio-et-des-biscuits-a-la-lin","status":"publish","type":"post","link":"https:\/\/lagranjafoods.com\/fr\/table-de-glaces-avec-des-flocons-davoine-bio-et-des-biscuits-a-la-lin\/","title":{"rendered":"Table de glaces avec des flocons d\u2019avoine bio et des biscuits \u00e0 la lin"},"content":{"rendered":"\n<p class=\"wp-block-paragraph\"><\/p>\n\n<p class=\"wp-block-paragraph\"><\/p>\n<h2><span style=\"font-weight: 400;\">INGR\u00c9DIENTS<\/span><\/h2>\n<div>\n<div>\n<div>\n<ul>\n<li>Biscuits bio \u00e0 l\u2019avoine et au lin de La Granja<\/li>\n<li>2 yaourts naturels 0 % M.G.<\/li>\n<li>Sirop d\u2019agave ou \u00e9dulcorant selon le go\u00fbt<\/li>\n<li>Fruits rouges (fraises, myrtilles, m\u00fbres&#8230;)<\/li>\n<li>1 citron<\/li>\n<li>Poudre de cannelle<\/li>\n<li>Papier cuisson pour disposer la glace<\/li>\n<\/ul>\n<\/div>\n<\/div>\n<\/div>\n<h2><span style=\"font-weight: 400;\">VINIFICATION<\/span><\/h2>\n<div>\n<div>\n<div>\n<div>\n<div>\n<p>1.In un bol, ajoutez les yaourts naturels et le sirop ou l\u2019\u00e9dulcorant d\u2019agave. Nous avons ajout\u00e9 2 cuill\u00e8res \u00e0 soupe de sirop d\u2019agave. Remuez avec une cuill\u00e8re jusqu\u2019\u00e0 obtenir un m\u00e9lange homog\u00e8ne.  <\/p>\n<\/div>\n<div>\n<p>2.In un bol, ajoutez les fruits rouges, le jus d\u2019un citron et une demi-cuill\u00e8re \u00e0 soupe de poudre de cannelle. \u00c0 l\u2019aide d\u2019une fourchette, \u00e9crasez les fruits jusqu\u2019\u00e0 obtenir un m\u00e9lange. <\/p>\n<\/div>\n<div>\n<p>3.In un plateau ou un contenant plat qui tient au cong\u00e9lateur, placez du papier sulfuris\u00e9 sur la base. Sur le papier sulfuris\u00e9, mettez une couche de yaourt avec du sirop, et par-dessus, ajoutez les fruits rouges avec du citron. <\/p>\n<\/div>\n<div>\n<p>4. Ce qui rendra ce bar \u00e0 glaces sp\u00e9cial, c\u2019est le suivant : \u00e9mietter les biscuits \u00e0 l\u2019avoine bio et au lin de La Granja sur une base de yaourt et de fruits rouges uniform\u00e9ment dans tout le bar. Placez le r\u00e9cipient au cong\u00e9lateur pendant quelques heures jusqu\u2019\u00e0 ce que la glace solidifie. <\/p>\n<\/div>\n<div>\n<p>5. Lorsque la glace est pr\u00eate \u00e0 \u00eatre servie, casser la barre en gros morceaux, comme on peut le voir sur l\u2019image.<\/p>\n<\/div>\n<\/div>\n<\/div>\n<\/div>\n<\/div>\n","protected":false},"excerpt":{"rendered":"<p>INGR\u00c9DIENTS Biscuits bio \u00e0 l\u2019avoine et au lin de La Granja 2 yaourts naturels 0 % M.G. Sirop d\u2019agave ou \u00e9dulcorant selon le go\u00fbt Fruits rouges (fraises, myrtilles, m\u00fbres&#8230;) 1 &hellip;<\/p>\n","protected":false},"author":565,"featured_media":47321,"comment_status":"closed","ping_status":"open","sticky":false,"template":"","format":"standard","meta":{"_acf_changed":false,"mc4wp_mailchimp_campaign":[],"footnotes":""},"categories":[859],"tags":[823],"class_list":["post-47319","post","type-post","status-publish","format-standard","has-post-thumbnail","hentry","category-recettes","tag-chocolatnoelsans-gluten"],"acf":[],"yoast_head":"<!-- This site is optimized with the Yoast SEO plugin v28.3 - https:\/\/yoast.com\/product\/yoast-seo-wordpress\/ -->\n<title>Table de glaces avec des flocons d\u2019avoine bio et des biscuits \u00e0 la lin - La Granja Foods<\/title>\n<meta name=\"description\" content=\"Table de glaces avec des biscuits bio \u00e0 l\u2019avoine et au lin de La Granja Foods. Recette id\u00e9ale \u00e0 d\u00e9guster en famille !\" \/>\n<meta name=\"robots\" content=\"index, follow, max-snippet:-1, max-image-preview:large, max-video-preview:-1\" \/>\n<link rel=\"canonical\" href=\"https:\/\/lagranjafoods.com\/fr\/table-de-glaces-avec-des-flocons-davoine-bio-et-des-biscuits-a-la-lin\/\" \/>\n<meta property=\"og:locale\" content=\"fr_FR\" \/>\n<meta property=\"og:type\" content=\"article\" \/>\n<meta property=\"og:title\" content=\"Table de glaces avec des flocons d\u2019avoine bio et des biscuits \u00e0 la lin - La Granja Foods\" \/>\n<meta property=\"og:description\" content=\"Table de glaces avec des biscuits bio \u00e0 l\u2019avoine et au lin de La Granja Foods. Recette id\u00e9ale \u00e0 d\u00e9guster en famille !\" \/>\n<meta property=\"og:url\" content=\"https:\/\/lagranjafoods.com\/fr\/table-de-glaces-avec-des-flocons-davoine-bio-et-des-biscuits-a-la-lin\/\" \/>\n<meta property=\"og:site_name\" content=\"La Granja Foods\" \/>\n<meta property=\"article:published_time\" content=\"2025-07-15T06:25:57+00:00\" \/>\n<meta property=\"article:modified_time\" content=\"2026-05-21T08:02:15+00:00\" \/>\n<meta property=\"og:image\" content=\"https:\/\/lagranjafoods.com\/wp-content\/uploads\/Banner-blog-pagina-web-2000-\u00d7-1500-px-6.jpg\" \/>\n\t<meta property=\"og:image:width\" content=\"2000\" \/>\n\t<meta property=\"og:image:height\" content=\"1500\" \/>\n\t<meta property=\"og:image:type\" content=\"image\/jpeg\" \/>\n<meta name=\"author\" content=\"conta\" \/>\n<meta name=\"twitter:card\" content=\"summary_large_image\" \/>\n<meta name=\"twitter:label1\" content=\"\u00c9crit par\" \/>\n\t<meta name=\"twitter:data1\" content=\"conta\" \/>\n\t<meta name=\"twitter:label2\" content=\"Dur\u00e9e de lecture estim\u00e9e\" \/>\n\t<meta name=\"twitter:data2\" content=\"1 minute\" \/>\n<script type=\"application\/ld+json\" class=\"yoast-schema-graph\">{\"@context\":\"https:\\\/\\\/schema.org\",\"@graph\":[{\"@type\":\"Article\",\"@id\":\"https:\\\/\\\/lagranjafoods.com\\\/fr\\\/table-de-glaces-avec-des-flocons-davoine-bio-et-des-biscuits-a-la-lin\\\/#article\",\"isPartOf\":{\"@id\":\"https:\\\/\\\/lagranjafoods.com\\\/fr\\\/table-de-glaces-avec-des-flocons-davoine-bio-et-des-biscuits-a-la-lin\\\/\"},\"author\":{\"name\":\"conta\",\"@id\":\"https:\\\/\\\/lagranjafoods.com\\\/fr\\\/#\\\/schema\\\/person\\\/a09ef344e5c3da6e521ed0a69afd694c\"},\"headline\":\"Table de glaces avec des flocons d\u2019avoine bio et des biscuits \u00e0 la lin\",\"datePublished\":\"2025-07-15T06:25:57+00:00\",\"dateModified\":\"2026-05-21T08:02:15+00:00\",\"mainEntityOfPage\":{\"@id\":\"https:\\\/\\\/lagranjafoods.com\\\/fr\\\/table-de-glaces-avec-des-flocons-davoine-bio-et-des-biscuits-a-la-lin\\\/\"},\"wordCount\":244,\"publisher\":{\"@id\":\"https:\\\/\\\/lagranjafoods.com\\\/fr\\\/#organization\"},\"image\":{\"@id\":\"https:\\\/\\\/lagranjafoods.com\\\/fr\\\/table-de-glaces-avec-des-flocons-davoine-bio-et-des-biscuits-a-la-lin\\\/#primaryimage\"},\"thumbnailUrl\":\"https:\\\/\\\/lagranjafoods.com\\\/wp-content\\\/uploads\\\/Banner-blog-pagina-web-2000-\u00d7-1500-px-6.jpg\",\"keywords\":[\"chocolat|no\u00ebl|Sans gluten\"],\"articleSection\":[\"Recettes\"],\"inLanguage\":\"fr-FR\"},{\"@type\":\"WebPage\",\"@id\":\"https:\\\/\\\/lagranjafoods.com\\\/fr\\\/table-de-glaces-avec-des-flocons-davoine-bio-et-des-biscuits-a-la-lin\\\/\",\"url\":\"https:\\\/\\\/lagranjafoods.com\\\/fr\\\/table-de-glaces-avec-des-flocons-davoine-bio-et-des-biscuits-a-la-lin\\\/\",\"name\":\"Table de glaces avec des flocons d\u2019avoine bio et des biscuits \u00e0 la lin - La Granja Foods\",\"isPartOf\":{\"@id\":\"https:\\\/\\\/lagranjafoods.com\\\/fr\\\/#website\"},\"primaryImageOfPage\":{\"@id\":\"https:\\\/\\\/lagranjafoods.com\\\/fr\\\/table-de-glaces-avec-des-flocons-davoine-bio-et-des-biscuits-a-la-lin\\\/#primaryimage\"},\"image\":{\"@id\":\"https:\\\/\\\/lagranjafoods.com\\\/fr\\\/table-de-glaces-avec-des-flocons-davoine-bio-et-des-biscuits-a-la-lin\\\/#primaryimage\"},\"thumbnailUrl\":\"https:\\\/\\\/lagranjafoods.com\\\/wp-content\\\/uploads\\\/Banner-blog-pagina-web-2000-\u00d7-1500-px-6.jpg\",\"datePublished\":\"2025-07-15T06:25:57+00:00\",\"dateModified\":\"2026-05-21T08:02:15+00:00\",\"description\":\"Table de glaces avec des biscuits bio \u00e0 l\u2019avoine et au lin de La Granja Foods. Recette id\u00e9ale \u00e0 d\u00e9guster en famille !\",\"breadcrumb\":{\"@id\":\"https:\\\/\\\/lagranjafoods.com\\\/fr\\\/table-de-glaces-avec-des-flocons-davoine-bio-et-des-biscuits-a-la-lin\\\/#breadcrumb\"},\"inLanguage\":\"fr-FR\",\"potentialAction\":[{\"@type\":\"ReadAction\",\"target\":[\"https:\\\/\\\/lagranjafoods.com\\\/fr\\\/table-de-glaces-avec-des-flocons-davoine-bio-et-des-biscuits-a-la-lin\\\/\"]}]},{\"@type\":\"ImageObject\",\"inLanguage\":\"fr-FR\",\"@id\":\"https:\\\/\\\/lagranjafoods.com\\\/fr\\\/table-de-glaces-avec-des-flocons-davoine-bio-et-des-biscuits-a-la-lin\\\/#primaryimage\",\"url\":\"https:\\\/\\\/lagranjafoods.com\\\/wp-content\\\/uploads\\\/Banner-blog-pagina-web-2000-\u00d7-1500-px-6.jpg\",\"contentUrl\":\"https:\\\/\\\/lagranjafoods.com\\\/wp-content\\\/uploads\\\/Banner-blog-pagina-web-2000-\u00d7-1500-px-6.jpg\",\"width\":2000,\"height\":1500},{\"@type\":\"BreadcrumbList\",\"@id\":\"https:\\\/\\\/lagranjafoods.com\\\/fr\\\/table-de-glaces-avec-des-flocons-davoine-bio-et-des-biscuits-a-la-lin\\\/#breadcrumb\",\"itemListElement\":[{\"@type\":\"ListItem\",\"position\":1,\"name\":\"Portada\",\"item\":\"https:\\\/\\\/lagranjafoods.com\\\/fr\\\/\"},{\"@type\":\"ListItem\",\"position\":2,\"name\":\"Table de glaces avec des flocons d\u2019avoine bio et des biscuits \u00e0 la lin\"}]},{\"@type\":\"WebSite\",\"@id\":\"https:\\\/\\\/lagranjafoods.com\\\/fr\\\/#website\",\"url\":\"https:\\\/\\\/lagranjafoods.com\\\/fr\\\/\",\"name\":\"La Granja Foods\",\"description\":\"\u00a1Benvinguts a La Granja! Qualitat, sabor i frescor des de 1959.\",\"publisher\":{\"@id\":\"https:\\\/\\\/lagranjafoods.com\\\/fr\\\/#organization\"},\"potentialAction\":[{\"@type\":\"SearchAction\",\"target\":{\"@type\":\"EntryPoint\",\"urlTemplate\":\"https:\\\/\\\/lagranjafoods.com\\\/fr\\\/?s={search_term_string}\"},\"query-input\":{\"@type\":\"PropertyValueSpecification\",\"valueRequired\":true,\"valueName\":\"search_term_string\"}}],\"inLanguage\":\"fr-FR\"},{\"@type\":\"Organization\",\"@id\":\"https:\\\/\\\/lagranjafoods.com\\\/fr\\\/#organization\",\"name\":\"La Granja Foods\",\"url\":\"https:\\\/\\\/lagranjafoods.com\\\/fr\\\/\",\"logo\":{\"@type\":\"ImageObject\",\"inLanguage\":\"fr-FR\",\"@id\":\"https:\\\/\\\/lagranjafoods.com\\\/fr\\\/#\\\/schema\\\/logo\\\/image\\\/\",\"url\":\"https:\\\/\\\/lagranjafoods.com\\\/wp-content\\\/uploads\\\/logo-lagranjafoods.png\",\"contentUrl\":\"https:\\\/\\\/lagranjafoods.com\\\/wp-content\\\/uploads\\\/logo-lagranjafoods.png\",\"width\":539,\"height\":158,\"caption\":\"La Granja Foods \"},\"image\":{\"@id\":\"https:\\\/\\\/lagranjafoods.com\\\/fr\\\/#\\\/schema\\\/logo\\\/image\\\/\"}},{\"@type\":\"Person\",\"@id\":\"https:\\\/\\\/lagranjafoods.com\\\/fr\\\/#\\\/schema\\\/person\\\/a09ef344e5c3da6e521ed0a69afd694c\",\"name\":\"conta\"}]}<\/script>\n<!-- \/ Yoast SEO plugin. -->","yoast_head_json":{"title":"Table de glaces avec des flocons d\u2019avoine bio et des biscuits \u00e0 la lin - La Granja Foods","description":"Table de glaces avec des biscuits bio \u00e0 l\u2019avoine et au lin de La Granja Foods. Recette id\u00e9ale \u00e0 d\u00e9guster en famille !","robots":{"index":"index","follow":"follow","max-snippet":"max-snippet:-1","max-image-preview":"max-image-preview:large","max-video-preview":"max-video-preview:-1"},"canonical":"https:\/\/lagranjafoods.com\/fr\/table-de-glaces-avec-des-flocons-davoine-bio-et-des-biscuits-a-la-lin\/","og_locale":"fr_FR","og_type":"article","og_title":"Table de glaces avec des flocons d\u2019avoine bio et des biscuits \u00e0 la lin - La Granja Foods","og_description":"Table de glaces avec des biscuits bio \u00e0 l\u2019avoine et au lin de La Granja Foods. Recette id\u00e9ale \u00e0 d\u00e9guster en famille !","og_url":"https:\/\/lagranjafoods.com\/fr\/table-de-glaces-avec-des-flocons-davoine-bio-et-des-biscuits-a-la-lin\/","og_site_name":"La Granja Foods","article_published_time":"2025-07-15T06:25:57+00:00","article_modified_time":"2026-05-21T08:02:15+00:00","og_image":[{"width":2000,"height":1500,"url":"https:\/\/lagranjafoods.com\/wp-content\/uploads\/Banner-blog-pagina-web-2000-\u00d7-1500-px-6.jpg","type":"image\/jpeg"}],"author":"conta","twitter_card":"summary_large_image","twitter_misc":{"\u00c9crit par":"conta","Dur\u00e9e de lecture estim\u00e9e":"1 minute"},"schema":{"@context":"https:\/\/schema.org","@graph":[{"@type":"Article","@id":"https:\/\/lagranjafoods.com\/fr\/table-de-glaces-avec-des-flocons-davoine-bio-et-des-biscuits-a-la-lin\/#article","isPartOf":{"@id":"https:\/\/lagranjafoods.com\/fr\/table-de-glaces-avec-des-flocons-davoine-bio-et-des-biscuits-a-la-lin\/"},"author":{"name":"conta","@id":"https:\/\/lagranjafoods.com\/fr\/#\/schema\/person\/a09ef344e5c3da6e521ed0a69afd694c"},"headline":"Table de glaces avec des flocons d\u2019avoine bio et des biscuits \u00e0 la lin","datePublished":"2025-07-15T06:25:57+00:00","dateModified":"2026-05-21T08:02:15+00:00","mainEntityOfPage":{"@id":"https:\/\/lagranjafoods.com\/fr\/table-de-glaces-avec-des-flocons-davoine-bio-et-des-biscuits-a-la-lin\/"},"wordCount":244,"publisher":{"@id":"https:\/\/lagranjafoods.com\/fr\/#organization"},"image":{"@id":"https:\/\/lagranjafoods.com\/fr\/table-de-glaces-avec-des-flocons-davoine-bio-et-des-biscuits-a-la-lin\/#primaryimage"},"thumbnailUrl":"https:\/\/lagranjafoods.com\/wp-content\/uploads\/Banner-blog-pagina-web-2000-\u00d7-1500-px-6.jpg","keywords":["chocolat|no\u00ebl|Sans gluten"],"articleSection":["Recettes"],"inLanguage":"fr-FR"},{"@type":"WebPage","@id":"https:\/\/lagranjafoods.com\/fr\/table-de-glaces-avec-des-flocons-davoine-bio-et-des-biscuits-a-la-lin\/","url":"https:\/\/lagranjafoods.com\/fr\/table-de-glaces-avec-des-flocons-davoine-bio-et-des-biscuits-a-la-lin\/","name":"Table de glaces avec des flocons d\u2019avoine bio et des biscuits \u00e0 la lin - La Granja Foods","isPartOf":{"@id":"https:\/\/lagranjafoods.com\/fr\/#website"},"primaryImageOfPage":{"@id":"https:\/\/lagranjafoods.com\/fr\/table-de-glaces-avec-des-flocons-davoine-bio-et-des-biscuits-a-la-lin\/#primaryimage"},"image":{"@id":"https:\/\/lagranjafoods.com\/fr\/table-de-glaces-avec-des-flocons-davoine-bio-et-des-biscuits-a-la-lin\/#primaryimage"},"thumbnailUrl":"https:\/\/lagranjafoods.com\/wp-content\/uploads\/Banner-blog-pagina-web-2000-\u00d7-1500-px-6.jpg","datePublished":"2025-07-15T06:25:57+00:00","dateModified":"2026-05-21T08:02:15+00:00","description":"Table de glaces avec des biscuits bio \u00e0 l\u2019avoine et au lin de La Granja Foods. Recette id\u00e9ale \u00e0 d\u00e9guster en famille !","breadcrumb":{"@id":"https:\/\/lagranjafoods.com\/fr\/table-de-glaces-avec-des-flocons-davoine-bio-et-des-biscuits-a-la-lin\/#breadcrumb"},"inLanguage":"fr-FR","potentialAction":[{"@type":"ReadAction","target":["https:\/\/lagranjafoods.com\/fr\/table-de-glaces-avec-des-flocons-davoine-bio-et-des-biscuits-a-la-lin\/"]}]},{"@type":"ImageObject","inLanguage":"fr-FR","@id":"https:\/\/lagranjafoods.com\/fr\/table-de-glaces-avec-des-flocons-davoine-bio-et-des-biscuits-a-la-lin\/#primaryimage","url":"https:\/\/lagranjafoods.com\/wp-content\/uploads\/Banner-blog-pagina-web-2000-\u00d7-1500-px-6.jpg","contentUrl":"https:\/\/lagranjafoods.com\/wp-content\/uploads\/Banner-blog-pagina-web-2000-\u00d7-1500-px-6.jpg","width":2000,"height":1500},{"@type":"BreadcrumbList","@id":"https:\/\/lagranjafoods.com\/fr\/table-de-glaces-avec-des-flocons-davoine-bio-et-des-biscuits-a-la-lin\/#breadcrumb","itemListElement":[{"@type":"ListItem","position":1,"name":"Portada","item":"https:\/\/lagranjafoods.com\/fr\/"},{"@type":"ListItem","position":2,"name":"Table de glaces avec des flocons d\u2019avoine bio et des biscuits \u00e0 la lin"}]},{"@type":"WebSite","@id":"https:\/\/lagranjafoods.com\/fr\/#website","url":"https:\/\/lagranjafoods.com\/fr\/","name":"La Granja Foods","description":"\u00a1Benvinguts a La Granja! Qualitat, sabor i frescor des de 1959.","publisher":{"@id":"https:\/\/lagranjafoods.com\/fr\/#organization"},"potentialAction":[{"@type":"SearchAction","target":{"@type":"EntryPoint","urlTemplate":"https:\/\/lagranjafoods.com\/fr\/?s={search_term_string}"},"query-input":{"@type":"PropertyValueSpecification","valueRequired":true,"valueName":"search_term_string"}}],"inLanguage":"fr-FR"},{"@type":"Organization","@id":"https:\/\/lagranjafoods.com\/fr\/#organization","name":"La Granja Foods","url":"https:\/\/lagranjafoods.com\/fr\/","logo":{"@type":"ImageObject","inLanguage":"fr-FR","@id":"https:\/\/lagranjafoods.com\/fr\/#\/schema\/logo\/image\/","url":"https:\/\/lagranjafoods.com\/wp-content\/uploads\/logo-lagranjafoods.png","contentUrl":"https:\/\/lagranjafoods.com\/wp-content\/uploads\/logo-lagranjafoods.png","width":539,"height":158,"caption":"La Granja Foods "},"image":{"@id":"https:\/\/lagranjafoods.com\/fr\/#\/schema\/logo\/image\/"}},{"@type":"Person","@id":"https:\/\/lagranjafoods.com\/fr\/#\/schema\/person\/a09ef344e5c3da6e521ed0a69afd694c","name":"conta"}]}},"_links":{"self":[{"href":"https:\/\/lagranjafoods.com\/fr\/wp-json\/wp\/v2\/posts\/47319","targetHints":{"allow":["GET"]}}],"collection":[{"href":"https:\/\/lagranjafoods.com\/fr\/wp-json\/wp\/v2\/posts"}],"about":[{"href":"https:\/\/lagranjafoods.com\/fr\/wp-json\/wp\/v2\/types\/post"}],"author":[{"embeddable":true,"href":"https:\/\/lagranjafoods.com\/fr\/wp-json\/wp\/v2\/users\/565"}],"replies":[{"embeddable":true,"href":"https:\/\/lagranjafoods.com\/fr\/wp-json\/wp\/v2\/comments?post=47319"}],"version-history":[{"count":0,"href":"https:\/\/lagranjafoods.com\/fr\/wp-json\/wp\/v2\/posts\/47319\/revisions"}],"wp:featuredmedia":[{"embeddable":true,"href":"https:\/\/lagranjafoods.com\/fr\/wp-json\/wp\/v2\/media\/47321"}],"wp:attachment":[{"href":"https:\/\/lagranjafoods.com\/fr\/wp-json\/wp\/v2\/media?parent=47319"}],"wp:term":[{"taxonomy":"category","embeddable":true,"href":"https:\/\/lagranjafoods.com\/fr\/wp-json\/wp\/v2\/categories?post=47319"},{"taxonomy":"post_tag","embeddable":true,"href":"https:\/\/lagranjafoods.com\/fr\/wp-json\/wp\/v2\/tags?post=47319"}],"curies":[{"name":"wp","href":"https:\/\/api.w.org\/{rel}","templated":true}]}}