{"id":47295,"date":"2025-02-05T11:16:06","date_gmt":"2025-02-05T09:16:06","guid":{"rendered":"http:\/\/lagranjafoods.com\/coeurs-de-la-saint-valentin-sans-gluten\/"},"modified":"2025-02-05T11:16:06","modified_gmt":"2025-02-05T09:16:06","slug":"coeurs-de-la-saint-valentin-sans-gluten","status":"publish","type":"post","link":"https:\/\/lagranjafoods.com\/fr\/coeurs-de-la-saint-valentin-sans-gluten\/","title":{"rendered":"C\u0153urs de la Saint-Valentin sans gluten"},"content":{"rendered":"<h2><span style=\"font-weight: 400;\">INGR\u00c9DIENTS<\/span><\/h2>\n<ul>\n<li>Feuille de 1,8 kg de g\u00e2teau g\u00e9noise sans gluten et sans lactose, La Granja Foods, <a href=\"https:\/\/lagranjafoods.com\/fr\/product\/18-kg-de-tranche-de-gateau-marbre-traditionnel-sans-gluten-ni-lactose\/\">cliquez ici pour l\u2019acheter. <\/a> <\/li>\n<li>Confiture de p\u00eache suppl\u00e9mentaire du vignoble La Fageda, <a href=\"https:\/\/lagranjafoods.com\/fr\/product\/confiture-de-peche-en-plus-de-vigne\/\">cliquez ici pour l\u2019acheter.<\/a><\/li>\n<li>500 gr. de chocolat sp\u00e9cial pour fondre*<\/li>\n<li>2 cuill\u00e8res \u00e0 soupe d\u2019huile de coco*<\/li>\n<li>Garnitures au go\u00fbt : c\u0153urs en sucre, noix de coco r\u00e2p\u00e9e&#8230;<\/li>\n<\/ul>\n<p>Nous recommandons d\u2019avoir un moule en forme de c\u0153ur.<\/p>\n<p>* Tous les ingr\u00e9dients sont sans gluten<\/p>\n<h2><span style=\"font-weight: 400;\">VINIFICATION<\/span><\/h2>\n<ol>\n<li style=\"font-weight: 400;\" aria-level=\"1\">Nous commen\u00e7ons par ouvrir la feuille de 1,8 kg de g\u00e2teau marbr\u00e9 sans gluten et sans lactose de La Granja Foods. \u00c0 l\u2019aide d\u2019un moule en forme de c\u0153ur, d\u00e9coupez les c\u0153urs sur la plaque et placez-les sur une assiette. Si vous n\u2019avez pas de moule en forme de c\u0153ur, nous partageons une astuce : dessinez un c\u0153ur sur une feuille vierge, d\u00e9coupez-le et servez-vous de guide pour d\u00e9couper le g\u00e2teau afin qu\u2019il soit parfait.  <\/li>\n<li aria-level=\"1\">Ensuite, coupez le g\u00e2teau en deux avec un couteau et \u00e9talez une couche de confiture de p\u00eache suppl\u00e9mentaire du vignoble La Fageda entre les deux moiti\u00e9s. Remontez-les pour qu\u2019ils gardent leur forme d\u2019origine. <\/li>\n<li aria-level=\"1\">Ensuite, faites fondre le chocolat au bain-marie ou au micro-ondes. Une fois fondu, remuez bien avec une cuill\u00e8re ou une spatule pour \u00e9viter les grumeaux et obtenir une texture uniforme. <\/li>\n<li aria-level=\"1\">Quand le chocolat est pr\u00eat, couvrez compl\u00e8tement les c\u0153urs avec. Ensuite, laissez-le reposer au r\u00e9frig\u00e9rateur pour que le chocolat se solidifie. <\/li>\n<li aria-level=\"1\">Enfin, d\u00e9corez les c\u0153urs en chocolat \u00e0 votre go\u00fbt. Dans notre recette, nous avons choisi d\u2019ajouter des garnitures sucr\u00e9es partout sur le c\u0153ur. <\/li>\n<li aria-level=\"1\">Il est maintenant temps de savourer La Granja Foods !<\/li>\n<\/ol>\n","protected":false},"excerpt":{"rendered":"<p>INGR\u00c9DIENTS Feuille de 1,8 kg de g\u00e2teau g\u00e9noise sans gluten et sans lactose, La Granja Foods, cliquez ici pour l\u2019acheter. Confiture de p\u00eache suppl\u00e9mentaire du vignoble La Fageda, cliquez ici &hellip;<\/p>\n","protected":false},"author":565,"featured_media":47296,"comment_status":"closed","ping_status":"open","sticky":false,"template":"","format":"standard","meta":{"_acf_changed":false,"mc4wp_mailchimp_campaign":[],"footnotes":""},"categories":[859],"tags":[819],"class_list":["post-47295","post","type-post","status-publish","format-standard","has-post-thumbnail","hentry","category-recettes","tag-sans-gluten"],"acf":[],"yoast_head":"<!-- This site is optimized with the Yoast SEO plugin v28.3 - https:\/\/yoast.com\/product\/yoast-seo-wordpress\/ -->\n<title>C\u0153urs de la Saint-Valentin sans gluten - La Granja Foods<\/title>\n<meta name=\"description\" content=\"C\u0153urs de Saint-Valentin sans gluten. Recette id\u00e9ale \u00e0 pr\u00e9parer avec des amis ou en famille et \u00e0 c\u00e9l\u00e9brer la Saint-Valentin !\" \/>\n<meta name=\"robots\" content=\"index, follow, max-snippet:-1, max-image-preview:large, max-video-preview:-1\" \/>\n<link rel=\"canonical\" href=\"https:\/\/lagranjafoods.com\/fr\/coeurs-de-la-saint-valentin-sans-gluten\/\" \/>\n<meta property=\"og:locale\" content=\"fr_FR\" \/>\n<meta property=\"og:type\" content=\"article\" \/>\n<meta property=\"og:title\" content=\"C\u0153urs de la Saint-Valentin sans gluten - La Granja Foods\" \/>\n<meta property=\"og:description\" content=\"C\u0153urs de Saint-Valentin sans gluten. Recette id\u00e9ale \u00e0 pr\u00e9parer avec des amis ou en famille et \u00e0 c\u00e9l\u00e9brer la Saint-Valentin !\" \/>\n<meta property=\"og:url\" content=\"https:\/\/lagranjafoods.com\/fr\/coeurs-de-la-saint-valentin-sans-gluten\/\" \/>\n<meta property=\"og:site_name\" content=\"La Granja Foods\" \/>\n<meta property=\"article:published_time\" content=\"2025-02-05T09:16:06+00:00\" \/>\n<meta property=\"og:image\" content=\"https:\/\/lagranjafoods.com\/wp-content\/uploads\/banner-blog-pagina-web-2000-\u00d7-1500-px.jpg\" \/>\n\t<meta property=\"og:image:width\" content=\"2000\" \/>\n\t<meta property=\"og:image:height\" content=\"1500\" \/>\n\t<meta property=\"og:image:type\" content=\"image\/jpeg\" \/>\n<meta name=\"author\" content=\"conta\" \/>\n<meta name=\"twitter:card\" content=\"summary_large_image\" \/>\n<meta name=\"twitter:label1\" content=\"\u00c9crit par\" \/>\n\t<meta name=\"twitter:data1\" content=\"conta\" \/>\n\t<meta name=\"twitter:label2\" content=\"Dur\u00e9e de lecture estim\u00e9e\" \/>\n\t<meta name=\"twitter:data2\" content=\"2 minutes\" \/>\n<script type=\"application\/ld+json\" class=\"yoast-schema-graph\">{\"@context\":\"https:\\\/\\\/schema.org\",\"@graph\":[{\"@type\":\"Article\",\"@id\":\"https:\\\/\\\/lagranjafoods.com\\\/fr\\\/coeurs-de-la-saint-valentin-sans-gluten\\\/#article\",\"isPartOf\":{\"@id\":\"https:\\\/\\\/lagranjafoods.com\\\/fr\\\/coeurs-de-la-saint-valentin-sans-gluten\\\/\"},\"author\":{\"name\":\"conta\",\"@id\":\"https:\\\/\\\/lagranjafoods.com\\\/fr\\\/#\\\/schema\\\/person\\\/a09ef344e5c3da6e521ed0a69afd694c\"},\"headline\":\"C\u0153urs de la Saint-Valentin sans gluten\",\"datePublished\":\"2025-02-05T09:16:06+00:00\",\"mainEntityOfPage\":{\"@id\":\"https:\\\/\\\/lagranjafoods.com\\\/fr\\\/coeurs-de-la-saint-valentin-sans-gluten\\\/\"},\"wordCount\":311,\"publisher\":{\"@id\":\"https:\\\/\\\/lagranjafoods.com\\\/fr\\\/#organization\"},\"image\":{\"@id\":\"https:\\\/\\\/lagranjafoods.com\\\/fr\\\/coeurs-de-la-saint-valentin-sans-gluten\\\/#primaryimage\"},\"thumbnailUrl\":\"https:\\\/\\\/lagranjafoods.com\\\/wp-content\\\/uploads\\\/banner-blog-pagina-web-2000-\u00d7-1500-px.jpg\",\"keywords\":[\"Sans gluten\"],\"articleSection\":[\"Recettes\"],\"inLanguage\":\"fr-FR\"},{\"@type\":\"WebPage\",\"@id\":\"https:\\\/\\\/lagranjafoods.com\\\/fr\\\/coeurs-de-la-saint-valentin-sans-gluten\\\/\",\"url\":\"https:\\\/\\\/lagranjafoods.com\\\/fr\\\/coeurs-de-la-saint-valentin-sans-gluten\\\/\",\"name\":\"C\u0153urs de la Saint-Valentin sans gluten - La Granja Foods\",\"isPartOf\":{\"@id\":\"https:\\\/\\\/lagranjafoods.com\\\/fr\\\/#website\"},\"primaryImageOfPage\":{\"@id\":\"https:\\\/\\\/lagranjafoods.com\\\/fr\\\/coeurs-de-la-saint-valentin-sans-gluten\\\/#primaryimage\"},\"image\":{\"@id\":\"https:\\\/\\\/lagranjafoods.com\\\/fr\\\/coeurs-de-la-saint-valentin-sans-gluten\\\/#primaryimage\"},\"thumbnailUrl\":\"https:\\\/\\\/lagranjafoods.com\\\/wp-content\\\/uploads\\\/banner-blog-pagina-web-2000-\u00d7-1500-px.jpg\",\"datePublished\":\"2025-02-05T09:16:06+00:00\",\"description\":\"C\u0153urs de Saint-Valentin sans gluten. Recette id\u00e9ale \u00e0 pr\u00e9parer avec des amis ou en famille et \u00e0 c\u00e9l\u00e9brer la Saint-Valentin !\",\"breadcrumb\":{\"@id\":\"https:\\\/\\\/lagranjafoods.com\\\/fr\\\/coeurs-de-la-saint-valentin-sans-gluten\\\/#breadcrumb\"},\"inLanguage\":\"fr-FR\",\"potentialAction\":[{\"@type\":\"ReadAction\",\"target\":[\"https:\\\/\\\/lagranjafoods.com\\\/fr\\\/coeurs-de-la-saint-valentin-sans-gluten\\\/\"]}]},{\"@type\":\"ImageObject\",\"inLanguage\":\"fr-FR\",\"@id\":\"https:\\\/\\\/lagranjafoods.com\\\/fr\\\/coeurs-de-la-saint-valentin-sans-gluten\\\/#primaryimage\",\"url\":\"https:\\\/\\\/lagranjafoods.com\\\/wp-content\\\/uploads\\\/banner-blog-pagina-web-2000-\u00d7-1500-px.jpg\",\"contentUrl\":\"https:\\\/\\\/lagranjafoods.com\\\/wp-content\\\/uploads\\\/banner-blog-pagina-web-2000-\u00d7-1500-px.jpg\",\"width\":2000,\"height\":1500},{\"@type\":\"BreadcrumbList\",\"@id\":\"https:\\\/\\\/lagranjafoods.com\\\/fr\\\/coeurs-de-la-saint-valentin-sans-gluten\\\/#breadcrumb\",\"itemListElement\":[{\"@type\":\"ListItem\",\"position\":1,\"name\":\"Portada\",\"item\":\"https:\\\/\\\/lagranjafoods.com\\\/fr\\\/\"},{\"@type\":\"ListItem\",\"position\":2,\"name\":\"C\u0153urs de la Saint-Valentin sans gluten\"}]},{\"@type\":\"WebSite\",\"@id\":\"https:\\\/\\\/lagranjafoods.com\\\/fr\\\/#website\",\"url\":\"https:\\\/\\\/lagranjafoods.com\\\/fr\\\/\",\"name\":\"La Granja Foods\",\"description\":\"\u00a1Benvinguts a La Granja! Qualitat, sabor i frescor des de 1959.\",\"publisher\":{\"@id\":\"https:\\\/\\\/lagranjafoods.com\\\/fr\\\/#organization\"},\"potentialAction\":[{\"@type\":\"SearchAction\",\"target\":{\"@type\":\"EntryPoint\",\"urlTemplate\":\"https:\\\/\\\/lagranjafoods.com\\\/fr\\\/?s={search_term_string}\"},\"query-input\":{\"@type\":\"PropertyValueSpecification\",\"valueRequired\":true,\"valueName\":\"search_term_string\"}}],\"inLanguage\":\"fr-FR\"},{\"@type\":\"Organization\",\"@id\":\"https:\\\/\\\/lagranjafoods.com\\\/fr\\\/#organization\",\"name\":\"La Granja Foods\",\"url\":\"https:\\\/\\\/lagranjafoods.com\\\/fr\\\/\",\"logo\":{\"@type\":\"ImageObject\",\"inLanguage\":\"fr-FR\",\"@id\":\"https:\\\/\\\/lagranjafoods.com\\\/fr\\\/#\\\/schema\\\/logo\\\/image\\\/\",\"url\":\"https:\\\/\\\/lagranjafoods.com\\\/wp-content\\\/uploads\\\/logo-lagranjafoods.png\",\"contentUrl\":\"https:\\\/\\\/lagranjafoods.com\\\/wp-content\\\/uploads\\\/logo-lagranjafoods.png\",\"width\":539,\"height\":158,\"caption\":\"La Granja Foods \"},\"image\":{\"@id\":\"https:\\\/\\\/lagranjafoods.com\\\/fr\\\/#\\\/schema\\\/logo\\\/image\\\/\"}},{\"@type\":\"Person\",\"@id\":\"https:\\\/\\\/lagranjafoods.com\\\/fr\\\/#\\\/schema\\\/person\\\/a09ef344e5c3da6e521ed0a69afd694c\",\"name\":\"conta\"}]}<\/script>\n<!-- \/ Yoast SEO plugin. -->","yoast_head_json":{"title":"C\u0153urs de la Saint-Valentin sans gluten - La Granja Foods","description":"C\u0153urs de Saint-Valentin sans gluten. Recette id\u00e9ale \u00e0 pr\u00e9parer avec des amis ou en famille et \u00e0 c\u00e9l\u00e9brer la Saint-Valentin !","robots":{"index":"index","follow":"follow","max-snippet":"max-snippet:-1","max-image-preview":"max-image-preview:large","max-video-preview":"max-video-preview:-1"},"canonical":"https:\/\/lagranjafoods.com\/fr\/coeurs-de-la-saint-valentin-sans-gluten\/","og_locale":"fr_FR","og_type":"article","og_title":"C\u0153urs de la Saint-Valentin sans gluten - La Granja Foods","og_description":"C\u0153urs de Saint-Valentin sans gluten. Recette id\u00e9ale \u00e0 pr\u00e9parer avec des amis ou en famille et \u00e0 c\u00e9l\u00e9brer la Saint-Valentin !","og_url":"https:\/\/lagranjafoods.com\/fr\/coeurs-de-la-saint-valentin-sans-gluten\/","og_site_name":"La Granja Foods","article_published_time":"2025-02-05T09:16:06+00:00","og_image":[{"width":2000,"height":1500,"url":"https:\/\/lagranjafoods.com\/wp-content\/uploads\/banner-blog-pagina-web-2000-\u00d7-1500-px.jpg","type":"image\/jpeg"}],"author":"conta","twitter_card":"summary_large_image","twitter_misc":{"\u00c9crit par":"conta","Dur\u00e9e de lecture estim\u00e9e":"2 minutes"},"schema":{"@context":"https:\/\/schema.org","@graph":[{"@type":"Article","@id":"https:\/\/lagranjafoods.com\/fr\/coeurs-de-la-saint-valentin-sans-gluten\/#article","isPartOf":{"@id":"https:\/\/lagranjafoods.com\/fr\/coeurs-de-la-saint-valentin-sans-gluten\/"},"author":{"name":"conta","@id":"https:\/\/lagranjafoods.com\/fr\/#\/schema\/person\/a09ef344e5c3da6e521ed0a69afd694c"},"headline":"C\u0153urs de la Saint-Valentin sans gluten","datePublished":"2025-02-05T09:16:06+00:00","mainEntityOfPage":{"@id":"https:\/\/lagranjafoods.com\/fr\/coeurs-de-la-saint-valentin-sans-gluten\/"},"wordCount":311,"publisher":{"@id":"https:\/\/lagranjafoods.com\/fr\/#organization"},"image":{"@id":"https:\/\/lagranjafoods.com\/fr\/coeurs-de-la-saint-valentin-sans-gluten\/#primaryimage"},"thumbnailUrl":"https:\/\/lagranjafoods.com\/wp-content\/uploads\/banner-blog-pagina-web-2000-\u00d7-1500-px.jpg","keywords":["Sans gluten"],"articleSection":["Recettes"],"inLanguage":"fr-FR"},{"@type":"WebPage","@id":"https:\/\/lagranjafoods.com\/fr\/coeurs-de-la-saint-valentin-sans-gluten\/","url":"https:\/\/lagranjafoods.com\/fr\/coeurs-de-la-saint-valentin-sans-gluten\/","name":"C\u0153urs de la Saint-Valentin sans gluten - La Granja Foods","isPartOf":{"@id":"https:\/\/lagranjafoods.com\/fr\/#website"},"primaryImageOfPage":{"@id":"https:\/\/lagranjafoods.com\/fr\/coeurs-de-la-saint-valentin-sans-gluten\/#primaryimage"},"image":{"@id":"https:\/\/lagranjafoods.com\/fr\/coeurs-de-la-saint-valentin-sans-gluten\/#primaryimage"},"thumbnailUrl":"https:\/\/lagranjafoods.com\/wp-content\/uploads\/banner-blog-pagina-web-2000-\u00d7-1500-px.jpg","datePublished":"2025-02-05T09:16:06+00:00","description":"C\u0153urs de Saint-Valentin sans gluten. Recette id\u00e9ale \u00e0 pr\u00e9parer avec des amis ou en famille et \u00e0 c\u00e9l\u00e9brer la Saint-Valentin !","breadcrumb":{"@id":"https:\/\/lagranjafoods.com\/fr\/coeurs-de-la-saint-valentin-sans-gluten\/#breadcrumb"},"inLanguage":"fr-FR","potentialAction":[{"@type":"ReadAction","target":["https:\/\/lagranjafoods.com\/fr\/coeurs-de-la-saint-valentin-sans-gluten\/"]}]},{"@type":"ImageObject","inLanguage":"fr-FR","@id":"https:\/\/lagranjafoods.com\/fr\/coeurs-de-la-saint-valentin-sans-gluten\/#primaryimage","url":"https:\/\/lagranjafoods.com\/wp-content\/uploads\/banner-blog-pagina-web-2000-\u00d7-1500-px.jpg","contentUrl":"https:\/\/lagranjafoods.com\/wp-content\/uploads\/banner-blog-pagina-web-2000-\u00d7-1500-px.jpg","width":2000,"height":1500},{"@type":"BreadcrumbList","@id":"https:\/\/lagranjafoods.com\/fr\/coeurs-de-la-saint-valentin-sans-gluten\/#breadcrumb","itemListElement":[{"@type":"ListItem","position":1,"name":"Portada","item":"https:\/\/lagranjafoods.com\/fr\/"},{"@type":"ListItem","position":2,"name":"C\u0153urs de la Saint-Valentin sans gluten"}]},{"@type":"WebSite","@id":"https:\/\/lagranjafoods.com\/fr\/#website","url":"https:\/\/lagranjafoods.com\/fr\/","name":"La Granja Foods","description":"\u00a1Benvinguts a La Granja! Qualitat, sabor i frescor des de 1959.","publisher":{"@id":"https:\/\/lagranjafoods.com\/fr\/#organization"},"potentialAction":[{"@type":"SearchAction","target":{"@type":"EntryPoint","urlTemplate":"https:\/\/lagranjafoods.com\/fr\/?s={search_term_string}"},"query-input":{"@type":"PropertyValueSpecification","valueRequired":true,"valueName":"search_term_string"}}],"inLanguage":"fr-FR"},{"@type":"Organization","@id":"https:\/\/lagranjafoods.com\/fr\/#organization","name":"La Granja Foods","url":"https:\/\/lagranjafoods.com\/fr\/","logo":{"@type":"ImageObject","inLanguage":"fr-FR","@id":"https:\/\/lagranjafoods.com\/fr\/#\/schema\/logo\/image\/","url":"https:\/\/lagranjafoods.com\/wp-content\/uploads\/logo-lagranjafoods.png","contentUrl":"https:\/\/lagranjafoods.com\/wp-content\/uploads\/logo-lagranjafoods.png","width":539,"height":158,"caption":"La Granja Foods "},"image":{"@id":"https:\/\/lagranjafoods.com\/fr\/#\/schema\/logo\/image\/"}},{"@type":"Person","@id":"https:\/\/lagranjafoods.com\/fr\/#\/schema\/person\/a09ef344e5c3da6e521ed0a69afd694c","name":"conta"}]}},"_links":{"self":[{"href":"https:\/\/lagranjafoods.com\/fr\/wp-json\/wp\/v2\/posts\/47295","targetHints":{"allow":["GET"]}}],"collection":[{"href":"https:\/\/lagranjafoods.com\/fr\/wp-json\/wp\/v2\/posts"}],"about":[{"href":"https:\/\/lagranjafoods.com\/fr\/wp-json\/wp\/v2\/types\/post"}],"author":[{"embeddable":true,"href":"https:\/\/lagranjafoods.com\/fr\/wp-json\/wp\/v2\/users\/565"}],"replies":[{"embeddable":true,"href":"https:\/\/lagranjafoods.com\/fr\/wp-json\/wp\/v2\/comments?post=47295"}],"version-history":[{"count":0,"href":"https:\/\/lagranjafoods.com\/fr\/wp-json\/wp\/v2\/posts\/47295\/revisions"}],"wp:featuredmedia":[{"embeddable":true,"href":"https:\/\/lagranjafoods.com\/fr\/wp-json\/wp\/v2\/media\/47296"}],"wp:attachment":[{"href":"https:\/\/lagranjafoods.com\/fr\/wp-json\/wp\/v2\/media?parent=47295"}],"wp:term":[{"taxonomy":"category","embeddable":true,"href":"https:\/\/lagranjafoods.com\/fr\/wp-json\/wp\/v2\/categories?post=47295"},{"taxonomy":"post_tag","embeddable":true,"href":"https:\/\/lagranjafoods.com\/fr\/wp-json\/wp\/v2\/tags?post=47295"}],"curies":[{"name":"wp","href":"https:\/\/api.w.org\/{rel}","templated":true}]}}