{"id":47292,"date":"2024-02-14T12:49:47","date_gmt":"2024-02-14T10:49:47","guid":{"rendered":"http:\/\/lagranjafoods.com\/gateau-de-la-saint-valentin-sans-gluten\/"},"modified":"2024-02-14T12:49:47","modified_gmt":"2024-02-14T10:49:47","slug":"gateau-de-la-saint-valentin-sans-gluten","status":"publish","type":"post","link":"https:\/\/lagranjafoods.com\/fr\/gateau-de-la-saint-valentin-sans-gluten\/","title":{"rendered":"G\u00e2teau de la Saint-Valentin sans gluten"},"content":{"rendered":"<h2><span style=\"font-weight: 400;\">INGR\u00c9DIENTS<\/span><\/h2>\n<ul>\n<li>2 paquets de La Granja Foods G\u00e2teau traditionnel sans gluten et sans lactose<\/li>\n<li>1\/2 l. de lait ou de boisson v\u00e9g\u00e9tale* <\/li>\n<li>250 grammes de fromage \u00e0 la cr\u00e8me*<\/li>\n<li>140 grammes de beurre (pommade, pas trop froid)*<\/li>\n<li>140 grammes de sucre glace*<\/li>\n<li>1 cuill\u00e8re \u00e0 caf\u00e9 d\u2019essence de vanille*<\/li>\n<li>Enrobage de chocolat rose*<\/li>\n<li>Enrobage de chocolat rouge*<\/li>\n<\/ul>\n<p>* Tous les ingr\u00e9dients sont sans gluten<\/p>\n<h2><span style=\"font-weight: 400;\">VINIFICATION<\/span><\/h2>\n<ol>\n<li style=\"font-weight: 400;\" aria-level=\"1\">Nous commen\u00e7ons par mettre les 2 paquets de g\u00e2teau traditionnel sans gluten et sans lactose de La Granja Foods dans un bol, accompagn\u00e9s d\u2019un demi-litre de lait ou de boisson v\u00e9g\u00e9tale. P\u00e9trissez avec vos mains jusqu\u2019\u00e0 obtenir une p\u00e2te et incorporez cette p\u00e2te dans un moule \u00e0 forme pour lui donner la forme d\u2019un g\u00e2teau. Nous vous recommandons d\u2019utiliser une cuill\u00e8re pour mouler la p\u00e2te \u00e0 g\u00e2teau dans le moule afin qu\u2019elle s\u2019ajuste bien et qu\u2019elle garde la forme souhait\u00e9e.  <\/li>\n<li aria-level=\"1\">Une fois que la p\u00e2te \u00e0 g\u00e2teau est dans notre moule et que nous voyons qu\u2019elle s\u2019ajuste parfaitement, couvrez-la d\u2019un film et mettez-la au r\u00e9frig\u00e9rateur pendant 1 heure jusqu\u2019\u00e0 ce qu\u2019elle soit tr\u00e8s froide, ainsi elle prendra un peu de consistance.<\/li>\n<li aria-level=\"1\">Pendant que le g\u00e2teau refroidit au r\u00e9frig\u00e9rateur, nous allons ensuite glacer : mettez le sucre avec le beurre ramolli dans un robot culinaire avec un fouet (ou dans un bol) et battez avec le fouet jusqu\u2019\u00e0 ce que les deux ingr\u00e9dients soient bien m\u00e9lang\u00e9s. Ajoutez ensuite le fromage \u00e0 la cr\u00e8me et l\u2019essence de vanille, puis continuez \u00e0 battre avec le fouet jusqu\u2019\u00e0 obtenir une p\u00e2te homog\u00e8ne. Laissez-le reposer \u00e0 temp\u00e9rature ambiante.  <\/li>\n<li aria-level=\"1\">Nous allons cr\u00e9er les c\u0153urs en chocolat : nous allons appliquer le rev\u00eatement rouge et rose, chaque couleur s\u00e9par\u00e9ment, pour fondre. Lorsque nous avons des enrobages de chocolat fondus, avec une cuill\u00e8re ou une spatule, nous allons dessiner des c\u0153urs sur du papier cuit ou du papier v\u00e9g\u00e9tal. Laissez-le reposer au r\u00e9frig\u00e9rateur jusqu\u2019\u00e0 ce que le chocolat se solidifie.  <\/li>\n<li aria-level=\"1\">Maintenant, il est temps de passer \u00e0 l\u2019\u00e9tape finale : nous d\u00e9montons le moule et nous gardons le g\u00e2teau, avec une spatule nous \u00e9talons le gla\u00e7age ou le gla\u00e7age, nous n\u2019avons pas compl\u00e8tement recouvert le g\u00e2teau gla\u00e7age comme vous pouvez le voir sur l\u2019image. Nous int\u00e9grons les c\u0153urs en chocolat de la mani\u00e8re que vous aimez le plus, nous l\u2019avons fait en r\u00e9partissant les c\u0153urs dans tout le g\u00e2teau. <\/li>\n<li aria-level=\"1\">Il est maintenant temps de savourer La Granja Foods !<\/li>\n<\/ol>\n","protected":false},"excerpt":{"rendered":"<p>INGR\u00c9DIENTS 2 paquets de La Granja Foods G\u00e2teau traditionnel sans gluten et sans lactose 1\/2 l. de lait ou de boisson v\u00e9g\u00e9tale* 250 grammes de fromage \u00e0 la cr\u00e8me* 140 &hellip;<\/p>\n","protected":false},"author":1,"featured_media":47294,"comment_status":"closed","ping_status":"open","sticky":false,"template":"","format":"standard","meta":{"_acf_changed":false,"mc4wp_mailchimp_campaign":[],"footnotes":""},"categories":[859],"tags":[819],"class_list":["post-47292","post","type-post","status-publish","format-standard","has-post-thumbnail","hentry","category-recettes","tag-sans-gluten"],"acf":[],"yoast_head":"<!-- This site is optimized with the Yoast SEO plugin v28.3 - https:\/\/yoast.com\/product\/yoast-seo-wordpress\/ -->\n<title>G\u00e2teau de la Saint-Valentin sans gluten - La Granja Foods<\/title>\n<meta name=\"description\" content=\"INGR\u00c9DIENTS 2 paquets de La Granja Foods G\u00e2teau traditionnel sans gluten et sans lactose 1\/2 l. de lait ou de boisson v\u00e9g\u00e9tale* 250 grammes de fromage \u00e0\" \/>\n<meta name=\"robots\" content=\"index, follow, max-snippet:-1, max-image-preview:large, max-video-preview:-1\" \/>\n<link rel=\"canonical\" href=\"https:\/\/lagranjafoods.com\/fr\/gateau-de-la-saint-valentin-sans-gluten\/\" \/>\n<meta property=\"og:locale\" content=\"fr_FR\" \/>\n<meta property=\"og:type\" content=\"article\" \/>\n<meta property=\"og:title\" content=\"G\u00e2teau de la Saint-Valentin sans gluten - La Granja Foods\" \/>\n<meta property=\"og:description\" content=\"INGR\u00c9DIENTS 2 paquets de La Granja Foods G\u00e2teau traditionnel sans gluten et sans lactose 1\/2 l. de lait ou de boisson v\u00e9g\u00e9tale* 250 grammes de fromage \u00e0\" \/>\n<meta property=\"og:url\" content=\"https:\/\/lagranjafoods.com\/fr\/gateau-de-la-saint-valentin-sans-gluten\/\" \/>\n<meta property=\"og:site_name\" content=\"La Granja Foods\" \/>\n<meta property=\"article:published_time\" content=\"2024-02-14T10:49:47+00:00\" \/>\n<meta property=\"og:image\" content=\"https:\/\/lagranjafoods.com\/wp-content\/uploads\/banner-receta-de-san-valentin-1024x768.png\" \/>\n\t<meta property=\"og:image:width\" content=\"1024\" \/>\n\t<meta property=\"og:image:height\" content=\"768\" \/>\n\t<meta property=\"og:image:type\" content=\"image\/png\" \/>\n<meta name=\"author\" content=\"emfasi\" \/>\n<meta name=\"twitter:card\" content=\"summary_large_image\" \/>\n<meta name=\"twitter:label1\" content=\"\u00c9crit par\" \/>\n\t<meta name=\"twitter:data1\" content=\"emfasi\" \/>\n\t<meta name=\"twitter:label2\" content=\"Dur\u00e9e de lecture estim\u00e9e\" \/>\n\t<meta name=\"twitter:data2\" content=\"2 minutes\" \/>\n<script type=\"application\/ld+json\" class=\"yoast-schema-graph\">{\"@context\":\"https:\\\/\\\/schema.org\",\"@graph\":[{\"@type\":\"Article\",\"@id\":\"https:\\\/\\\/lagranjafoods.com\\\/fr\\\/gateau-de-la-saint-valentin-sans-gluten\\\/#article\",\"isPartOf\":{\"@id\":\"https:\\\/\\\/lagranjafoods.com\\\/fr\\\/gateau-de-la-saint-valentin-sans-gluten\\\/\"},\"author\":{\"name\":\"emfasi\",\"@id\":\"https:\\\/\\\/lagranjafoods.com\\\/fr\\\/#\\\/schema\\\/person\\\/8620ca73cfc2e9a8afd326de202a03db\"},\"headline\":\"G\u00e2teau de la Saint-Valentin sans gluten\",\"datePublished\":\"2024-02-14T10:49:47+00:00\",\"mainEntityOfPage\":{\"@id\":\"https:\\\/\\\/lagranjafoods.com\\\/fr\\\/gateau-de-la-saint-valentin-sans-gluten\\\/\"},\"wordCount\":456,\"publisher\":{\"@id\":\"https:\\\/\\\/lagranjafoods.com\\\/fr\\\/#organization\"},\"image\":{\"@id\":\"https:\\\/\\\/lagranjafoods.com\\\/fr\\\/gateau-de-la-saint-valentin-sans-gluten\\\/#primaryimage\"},\"thumbnailUrl\":\"https:\\\/\\\/lagranjafoods.com\\\/wp-content\\\/uploads\\\/banner-receta-de-san-valentin.png\",\"keywords\":[\"Sans gluten\"],\"articleSection\":[\"Recettes\"],\"inLanguage\":\"fr-FR\"},{\"@type\":\"WebPage\",\"@id\":\"https:\\\/\\\/lagranjafoods.com\\\/fr\\\/gateau-de-la-saint-valentin-sans-gluten\\\/\",\"url\":\"https:\\\/\\\/lagranjafoods.com\\\/fr\\\/gateau-de-la-saint-valentin-sans-gluten\\\/\",\"name\":\"G\u00e2teau de la Saint-Valentin sans gluten - La Granja Foods\",\"isPartOf\":{\"@id\":\"https:\\\/\\\/lagranjafoods.com\\\/fr\\\/#website\"},\"primaryImageOfPage\":{\"@id\":\"https:\\\/\\\/lagranjafoods.com\\\/fr\\\/gateau-de-la-saint-valentin-sans-gluten\\\/#primaryimage\"},\"image\":{\"@id\":\"https:\\\/\\\/lagranjafoods.com\\\/fr\\\/gateau-de-la-saint-valentin-sans-gluten\\\/#primaryimage\"},\"thumbnailUrl\":\"https:\\\/\\\/lagranjafoods.com\\\/wp-content\\\/uploads\\\/banner-receta-de-san-valentin.png\",\"datePublished\":\"2024-02-14T10:49:47+00:00\",\"description\":\"INGR\u00c9DIENTS 2 paquets de La Granja Foods G\u00e2teau traditionnel sans gluten et sans lactose 1\\\/2 l. de lait ou de boisson v\u00e9g\u00e9tale* 250 grammes de fromage \u00e0\",\"breadcrumb\":{\"@id\":\"https:\\\/\\\/lagranjafoods.com\\\/fr\\\/gateau-de-la-saint-valentin-sans-gluten\\\/#breadcrumb\"},\"inLanguage\":\"fr-FR\",\"potentialAction\":[{\"@type\":\"ReadAction\",\"target\":[\"https:\\\/\\\/lagranjafoods.com\\\/fr\\\/gateau-de-la-saint-valentin-sans-gluten\\\/\"]}]},{\"@type\":\"ImageObject\",\"inLanguage\":\"fr-FR\",\"@id\":\"https:\\\/\\\/lagranjafoods.com\\\/fr\\\/gateau-de-la-saint-valentin-sans-gluten\\\/#primaryimage\",\"url\":\"https:\\\/\\\/lagranjafoods.com\\\/wp-content\\\/uploads\\\/banner-receta-de-san-valentin.png\",\"contentUrl\":\"https:\\\/\\\/lagranjafoods.com\\\/wp-content\\\/uploads\\\/banner-receta-de-san-valentin.png\",\"width\":2000,\"height\":1500},{\"@type\":\"BreadcrumbList\",\"@id\":\"https:\\\/\\\/lagranjafoods.com\\\/fr\\\/gateau-de-la-saint-valentin-sans-gluten\\\/#breadcrumb\",\"itemListElement\":[{\"@type\":\"ListItem\",\"position\":1,\"name\":\"Portada\",\"item\":\"https:\\\/\\\/lagranjafoods.com\\\/fr\\\/\"},{\"@type\":\"ListItem\",\"position\":2,\"name\":\"G\u00e2teau de la Saint-Valentin sans gluten\"}]},{\"@type\":\"WebSite\",\"@id\":\"https:\\\/\\\/lagranjafoods.com\\\/fr\\\/#website\",\"url\":\"https:\\\/\\\/lagranjafoods.com\\\/fr\\\/\",\"name\":\"La Granja Foods\",\"description\":\"\u00a1Benvinguts a La Granja! Qualitat, sabor i frescor des de 1959.\",\"publisher\":{\"@id\":\"https:\\\/\\\/lagranjafoods.com\\\/fr\\\/#organization\"},\"potentialAction\":[{\"@type\":\"SearchAction\",\"target\":{\"@type\":\"EntryPoint\",\"urlTemplate\":\"https:\\\/\\\/lagranjafoods.com\\\/fr\\\/?s={search_term_string}\"},\"query-input\":{\"@type\":\"PropertyValueSpecification\",\"valueRequired\":true,\"valueName\":\"search_term_string\"}}],\"inLanguage\":\"fr-FR\"},{\"@type\":\"Organization\",\"@id\":\"https:\\\/\\\/lagranjafoods.com\\\/fr\\\/#organization\",\"name\":\"La Granja Foods\",\"url\":\"https:\\\/\\\/lagranjafoods.com\\\/fr\\\/\",\"logo\":{\"@type\":\"ImageObject\",\"inLanguage\":\"fr-FR\",\"@id\":\"https:\\\/\\\/lagranjafoods.com\\\/fr\\\/#\\\/schema\\\/logo\\\/image\\\/\",\"url\":\"https:\\\/\\\/lagranjafoods.com\\\/wp-content\\\/uploads\\\/logo-lagranjafoods.png\",\"contentUrl\":\"https:\\\/\\\/lagranjafoods.com\\\/wp-content\\\/uploads\\\/logo-lagranjafoods.png\",\"width\":539,\"height\":158,\"caption\":\"La Granja Foods \"},\"image\":{\"@id\":\"https:\\\/\\\/lagranjafoods.com\\\/fr\\\/#\\\/schema\\\/logo\\\/image\\\/\"}},{\"@type\":\"Person\",\"@id\":\"https:\\\/\\\/lagranjafoods.com\\\/fr\\\/#\\\/schema\\\/person\\\/8620ca73cfc2e9a8afd326de202a03db\",\"name\":\"emfasi\",\"sameAs\":[\"http:\\\/\\\/lagranjafoods.com\"]}]}<\/script>\n<!-- \/ Yoast SEO plugin. -->","yoast_head_json":{"title":"G\u00e2teau de la Saint-Valentin sans gluten - La Granja Foods","description":"INGR\u00c9DIENTS 2 paquets de La Granja Foods G\u00e2teau traditionnel sans gluten et sans lactose 1\/2 l. de lait ou de boisson v\u00e9g\u00e9tale* 250 grammes de fromage \u00e0","robots":{"index":"index","follow":"follow","max-snippet":"max-snippet:-1","max-image-preview":"max-image-preview:large","max-video-preview":"max-video-preview:-1"},"canonical":"https:\/\/lagranjafoods.com\/fr\/gateau-de-la-saint-valentin-sans-gluten\/","og_locale":"fr_FR","og_type":"article","og_title":"G\u00e2teau de la Saint-Valentin sans gluten - La Granja Foods","og_description":"INGR\u00c9DIENTS 2 paquets de La Granja Foods G\u00e2teau traditionnel sans gluten et sans lactose 1\/2 l. de lait ou de boisson v\u00e9g\u00e9tale* 250 grammes de fromage \u00e0","og_url":"https:\/\/lagranjafoods.com\/fr\/gateau-de-la-saint-valentin-sans-gluten\/","og_site_name":"La Granja Foods","article_published_time":"2024-02-14T10:49:47+00:00","og_image":[{"width":1024,"height":768,"url":"https:\/\/lagranjafoods.com\/wp-content\/uploads\/banner-receta-de-san-valentin-1024x768.png","type":"image\/png"}],"author":"emfasi","twitter_card":"summary_large_image","twitter_misc":{"\u00c9crit par":"emfasi","Dur\u00e9e de lecture estim\u00e9e":"2 minutes"},"schema":{"@context":"https:\/\/schema.org","@graph":[{"@type":"Article","@id":"https:\/\/lagranjafoods.com\/fr\/gateau-de-la-saint-valentin-sans-gluten\/#article","isPartOf":{"@id":"https:\/\/lagranjafoods.com\/fr\/gateau-de-la-saint-valentin-sans-gluten\/"},"author":{"name":"emfasi","@id":"https:\/\/lagranjafoods.com\/fr\/#\/schema\/person\/8620ca73cfc2e9a8afd326de202a03db"},"headline":"G\u00e2teau de la Saint-Valentin sans gluten","datePublished":"2024-02-14T10:49:47+00:00","mainEntityOfPage":{"@id":"https:\/\/lagranjafoods.com\/fr\/gateau-de-la-saint-valentin-sans-gluten\/"},"wordCount":456,"publisher":{"@id":"https:\/\/lagranjafoods.com\/fr\/#organization"},"image":{"@id":"https:\/\/lagranjafoods.com\/fr\/gateau-de-la-saint-valentin-sans-gluten\/#primaryimage"},"thumbnailUrl":"https:\/\/lagranjafoods.com\/wp-content\/uploads\/banner-receta-de-san-valentin.png","keywords":["Sans gluten"],"articleSection":["Recettes"],"inLanguage":"fr-FR"},{"@type":"WebPage","@id":"https:\/\/lagranjafoods.com\/fr\/gateau-de-la-saint-valentin-sans-gluten\/","url":"https:\/\/lagranjafoods.com\/fr\/gateau-de-la-saint-valentin-sans-gluten\/","name":"G\u00e2teau de la Saint-Valentin sans gluten - La Granja Foods","isPartOf":{"@id":"https:\/\/lagranjafoods.com\/fr\/#website"},"primaryImageOfPage":{"@id":"https:\/\/lagranjafoods.com\/fr\/gateau-de-la-saint-valentin-sans-gluten\/#primaryimage"},"image":{"@id":"https:\/\/lagranjafoods.com\/fr\/gateau-de-la-saint-valentin-sans-gluten\/#primaryimage"},"thumbnailUrl":"https:\/\/lagranjafoods.com\/wp-content\/uploads\/banner-receta-de-san-valentin.png","datePublished":"2024-02-14T10:49:47+00:00","description":"INGR\u00c9DIENTS 2 paquets de La Granja Foods G\u00e2teau traditionnel sans gluten et sans lactose 1\/2 l. de lait ou de boisson v\u00e9g\u00e9tale* 250 grammes de fromage \u00e0","breadcrumb":{"@id":"https:\/\/lagranjafoods.com\/fr\/gateau-de-la-saint-valentin-sans-gluten\/#breadcrumb"},"inLanguage":"fr-FR","potentialAction":[{"@type":"ReadAction","target":["https:\/\/lagranjafoods.com\/fr\/gateau-de-la-saint-valentin-sans-gluten\/"]}]},{"@type":"ImageObject","inLanguage":"fr-FR","@id":"https:\/\/lagranjafoods.com\/fr\/gateau-de-la-saint-valentin-sans-gluten\/#primaryimage","url":"https:\/\/lagranjafoods.com\/wp-content\/uploads\/banner-receta-de-san-valentin.png","contentUrl":"https:\/\/lagranjafoods.com\/wp-content\/uploads\/banner-receta-de-san-valentin.png","width":2000,"height":1500},{"@type":"BreadcrumbList","@id":"https:\/\/lagranjafoods.com\/fr\/gateau-de-la-saint-valentin-sans-gluten\/#breadcrumb","itemListElement":[{"@type":"ListItem","position":1,"name":"Portada","item":"https:\/\/lagranjafoods.com\/fr\/"},{"@type":"ListItem","position":2,"name":"G\u00e2teau de la Saint-Valentin sans gluten"}]},{"@type":"WebSite","@id":"https:\/\/lagranjafoods.com\/fr\/#website","url":"https:\/\/lagranjafoods.com\/fr\/","name":"La Granja Foods","description":"\u00a1Benvinguts a La Granja! Qualitat, sabor i frescor des de 1959.","publisher":{"@id":"https:\/\/lagranjafoods.com\/fr\/#organization"},"potentialAction":[{"@type":"SearchAction","target":{"@type":"EntryPoint","urlTemplate":"https:\/\/lagranjafoods.com\/fr\/?s={search_term_string}"},"query-input":{"@type":"PropertyValueSpecification","valueRequired":true,"valueName":"search_term_string"}}],"inLanguage":"fr-FR"},{"@type":"Organization","@id":"https:\/\/lagranjafoods.com\/fr\/#organization","name":"La Granja Foods","url":"https:\/\/lagranjafoods.com\/fr\/","logo":{"@type":"ImageObject","inLanguage":"fr-FR","@id":"https:\/\/lagranjafoods.com\/fr\/#\/schema\/logo\/image\/","url":"https:\/\/lagranjafoods.com\/wp-content\/uploads\/logo-lagranjafoods.png","contentUrl":"https:\/\/lagranjafoods.com\/wp-content\/uploads\/logo-lagranjafoods.png","width":539,"height":158,"caption":"La Granja Foods "},"image":{"@id":"https:\/\/lagranjafoods.com\/fr\/#\/schema\/logo\/image\/"}},{"@type":"Person","@id":"https:\/\/lagranjafoods.com\/fr\/#\/schema\/person\/8620ca73cfc2e9a8afd326de202a03db","name":"emfasi","sameAs":["http:\/\/lagranjafoods.com"]}]}},"_links":{"self":[{"href":"https:\/\/lagranjafoods.com\/fr\/wp-json\/wp\/v2\/posts\/47292","targetHints":{"allow":["GET"]}}],"collection":[{"href":"https:\/\/lagranjafoods.com\/fr\/wp-json\/wp\/v2\/posts"}],"about":[{"href":"https:\/\/lagranjafoods.com\/fr\/wp-json\/wp\/v2\/types\/post"}],"author":[{"embeddable":true,"href":"https:\/\/lagranjafoods.com\/fr\/wp-json\/wp\/v2\/users\/1"}],"replies":[{"embeddable":true,"href":"https:\/\/lagranjafoods.com\/fr\/wp-json\/wp\/v2\/comments?post=47292"}],"version-history":[{"count":0,"href":"https:\/\/lagranjafoods.com\/fr\/wp-json\/wp\/v2\/posts\/47292\/revisions"}],"wp:featuredmedia":[{"embeddable":true,"href":"https:\/\/lagranjafoods.com\/fr\/wp-json\/wp\/v2\/media\/47294"}],"wp:attachment":[{"href":"https:\/\/lagranjafoods.com\/fr\/wp-json\/wp\/v2\/media?parent=47292"}],"wp:term":[{"taxonomy":"category","embeddable":true,"href":"https:\/\/lagranjafoods.com\/fr\/wp-json\/wp\/v2\/categories?post=47292"},{"taxonomy":"post_tag","embeddable":true,"href":"https:\/\/lagranjafoods.com\/fr\/wp-json\/wp\/v2\/tags?post=47292"}],"curies":[{"name":"wp","href":"https:\/\/api.w.org\/{rel}","templated":true}]}}