{"id":58614,"date":"2026-08-05T09:49:55","date_gmt":"2026-08-05T07:49:55","guid":{"rendered":"https:\/\/lagranjafoods.com\/?p=58614"},"modified":"2026-08-05T09:49:57","modified_gmt":"2026-08-05T07:49:57","slug":"carme-gol-galardonada-con-el-premio-dona-dempresa-de-la-fegp","status":"publish","type":"post","link":"https:\/\/lagranjafoods.com\/es\/carme-gol-galardonada-con-el-premio-dona-dempresa-de-la-fegp\/","title":{"rendered":"Carme Gol, galardonada con el premio Dona d&#8217;empresa de la FEGP"},"content":{"rendered":"<p>El pasado 11 de junio, nuestra presidenta, Carme Gol, fue galardonada con el Premio FEGP Dona d\u2019Empresa 2026. Se trata de un reconocimiento muy merecido que la consolida como una figura clave de liderazgo dentro de la empresa y pone en valor su trayectoria al frente de la organizaci\u00f3n, fruto de su compromiso y su dedicaci\u00f3n constantes.<\/p>\n<p>Este galard\u00f3n pone especialmente en valor un modelo de liderazgo que trasciende la gesti\u00f3n del d\u00eda a d\u00eda y que se construye desde una visi\u00f3n a largo plazo, orientada a la mejora continua, la sostenibilidad del proyecto y el crecimiento compartido de la organizaci\u00f3n.<\/p>\n<p>Al mismo tiempo, este premio reafirma la importancia del liderazgo femenino en el mundo empresarial y reconoce el papel y el esfuerzo de mujeres como Carme, que promueven y lideran iniciativas firmes y sostenibles, con un impacto tangible en el desarrollo social y econ\u00f3mico del territorio.<\/p>\n<p>Este reconocimiento tambi\u00e9n sirve de inspiraci\u00f3n para continuar impulsando un modelo empresarial basado en el compromiso, la innovaci\u00f3n y la creaci\u00f3n de valor, poniendo en relieve la contribuci\u00f3n de las mujeres al tejido empresarial y al progreso de la sociedad.<\/p>\n<p>Para Carme Gol, este reconocimiento es tambi\u00e9n un homenaje a todas las personas que contribuyen d\u00eda tras d\u00eda al crecimiento de la empresa:<\/p>\n<p><em>\u00abEstoy emocionada y agradecida por haber recibido el Premio de la Nit de l\u2019Empresa 2026 de la FEGP. Este reconocimiento no es solo m\u00edo, sino de todas las mujeres y los hombres que formamos parte de La Granja. Con su compromiso, esfuerzo y pasi\u00f3n, hacemos posible cada d\u00eda este proyecto que tanto queremos. Gracias a la FEGP y al colectivo Dones d\u2019Empresa por esta distinci\u00f3n, y gracias a todo el equipo de La Granja por hacerlo posible.\u00bb<\/em><\/p>\n<p>\u00a1Enhorabuena, Carme! Disfruta mucho de este merecido premio. \u00a1Te lo mereces!<\/p>\n","protected":false},"excerpt":{"rendered":"<p>El pasado 11 de junio, nuestra presidenta, Carme Gol, fue galardonada con el Premio FEGP Dona d\u2019Empresa 2026. Se trata de un reconocimiento muy merecido que la consolida como una &hellip;<\/p>\n","protected":false},"author":565,"featured_media":58618,"comment_status":"closed","ping_status":"closed","sticky":false,"template":"","format":"standard","meta":{"_acf_changed":false,"mc4wp_mailchimp_campaign":[],"footnotes":""},"categories":[74],"tags":[],"class_list":["post-58614","post","type-post","status-publish","format-standard","has-post-thumbnail","hentry","category-news"],"acf":[],"yoast_head":"<!-- This site is optimized with the Yoast SEO plugin v28.3 - https:\/\/yoast.com\/product\/yoast-seo-wordpress\/ -->\n<title>Carme Gol, galardonada con el premio Dona d&#039;empresa de la FEGP - La Granja Foods<\/title>\n<meta name=\"description\" content=\"Carme Gol, presidenta de La Granja, ha sido galardonada con el Premio Dona d\u2019Empresa 2026 de la FEGP.\" \/>\n<meta name=\"robots\" content=\"index, follow, max-snippet:-1, max-image-preview:large, max-video-preview:-1\" \/>\n<link rel=\"canonical\" href=\"https:\/\/lagranjafoods.com\/es\/carme-gol-galardonada-con-el-premio-dona-dempresa-de-la-fegp\/\" \/>\n<meta property=\"og:locale\" content=\"es_ES\" \/>\n<meta property=\"og:type\" content=\"article\" \/>\n<meta property=\"og:title\" content=\"Carme Gol, galardonada con el premio Dona d&#039;empresa de la FEGP - La Granja Foods\" \/>\n<meta property=\"og:description\" content=\"Carme Gol, presidenta de La Granja, ha sido galardonada con el Premio Dona d\u2019Empresa 2026 de la FEGP.\" \/>\n<meta property=\"og:url\" content=\"https:\/\/lagranjafoods.com\/es\/carme-gol-galardonada-con-el-premio-dona-dempresa-de-la-fegp\/\" \/>\n<meta property=\"og:site_name\" content=\"La Granja Foods\" \/>\n<meta property=\"article:published_time\" content=\"2026-08-05T07:49:55+00:00\" \/>\n<meta property=\"article:modified_time\" content=\"2026-08-05T07:49:57+00:00\" \/>\n<meta property=\"og:image\" content=\"https:\/\/lagranjafoods.com\/wp-content\/uploads\/Premi-FEGP-2026-1024x768.png\" \/>\n\t<meta property=\"og:image:width\" content=\"1024\" \/>\n\t<meta property=\"og:image:height\" content=\"768\" \/>\n\t<meta property=\"og:image:type\" content=\"image\/png\" \/>\n<meta name=\"author\" content=\"conta\" \/>\n<meta name=\"twitter:card\" content=\"summary_large_image\" \/>\n<meta name=\"twitter:label1\" content=\"Escrito por\" \/>\n\t<meta name=\"twitter:data1\" content=\"conta\" \/>\n\t<meta name=\"twitter:label2\" content=\"Tiempo de lectura\" \/>\n\t<meta name=\"twitter:data2\" content=\"2 minuto\" \/>\n<script type=\"application\/ld+json\" class=\"yoast-schema-graph\">{\"@context\":\"https:\\\/\\\/schema.org\",\"@graph\":[{\"@type\":\"Article\",\"@id\":\"https:\\\/\\\/lagranjafoods.com\\\/es\\\/carme-gol-galardonada-con-el-premio-dona-dempresa-de-la-fegp\\\/#article\",\"isPartOf\":{\"@id\":\"https:\\\/\\\/lagranjafoods.com\\\/es\\\/carme-gol-galardonada-con-el-premio-dona-dempresa-de-la-fegp\\\/\"},\"author\":{\"name\":\"conta\",\"@id\":\"https:\\\/\\\/lagranjafoods.com\\\/es\\\/#\\\/schema\\\/person\\\/a09ef344e5c3da6e521ed0a69afd694c\"},\"headline\":\"Carme Gol, galardonada con el premio Dona d&#8217;empresa de la FEGP\",\"datePublished\":\"2026-08-05T07:49:55+00:00\",\"dateModified\":\"2026-08-05T07:49:57+00:00\",\"mainEntityOfPage\":{\"@id\":\"https:\\\/\\\/lagranjafoods.com\\\/es\\\/carme-gol-galardonada-con-el-premio-dona-dempresa-de-la-fegp\\\/\"},\"wordCount\":331,\"publisher\":{\"@id\":\"https:\\\/\\\/lagranjafoods.com\\\/es\\\/#organization\"},\"image\":{\"@id\":\"https:\\\/\\\/lagranjafoods.com\\\/es\\\/carme-gol-galardonada-con-el-premio-dona-dempresa-de-la-fegp\\\/#primaryimage\"},\"thumbnailUrl\":\"https:\\\/\\\/lagranjafoods.com\\\/wp-content\\\/uploads\\\/Premi-FEGP-2026.png\",\"articleSection\":[\"News\"],\"inLanguage\":\"es\"},{\"@type\":\"WebPage\",\"@id\":\"https:\\\/\\\/lagranjafoods.com\\\/es\\\/carme-gol-galardonada-con-el-premio-dona-dempresa-de-la-fegp\\\/\",\"url\":\"https:\\\/\\\/lagranjafoods.com\\\/es\\\/carme-gol-galardonada-con-el-premio-dona-dempresa-de-la-fegp\\\/\",\"name\":\"Carme Gol, galardonada con el premio Dona d'empresa de la FEGP - La Granja Foods\",\"isPartOf\":{\"@id\":\"https:\\\/\\\/lagranjafoods.com\\\/es\\\/#website\"},\"primaryImageOfPage\":{\"@id\":\"https:\\\/\\\/lagranjafoods.com\\\/es\\\/carme-gol-galardonada-con-el-premio-dona-dempresa-de-la-fegp\\\/#primaryimage\"},\"image\":{\"@id\":\"https:\\\/\\\/lagranjafoods.com\\\/es\\\/carme-gol-galardonada-con-el-premio-dona-dempresa-de-la-fegp\\\/#primaryimage\"},\"thumbnailUrl\":\"https:\\\/\\\/lagranjafoods.com\\\/wp-content\\\/uploads\\\/Premi-FEGP-2026.png\",\"datePublished\":\"2026-08-05T07:49:55+00:00\",\"dateModified\":\"2026-08-05T07:49:57+00:00\",\"description\":\"Carme Gol, presidenta de La Granja, ha sido galardonada con el Premio Dona d\u2019Empresa 2026 de la FEGP.\",\"breadcrumb\":{\"@id\":\"https:\\\/\\\/lagranjafoods.com\\\/es\\\/carme-gol-galardonada-con-el-premio-dona-dempresa-de-la-fegp\\\/#breadcrumb\"},\"inLanguage\":\"es\",\"potentialAction\":[{\"@type\":\"ReadAction\",\"target\":[\"https:\\\/\\\/lagranjafoods.com\\\/es\\\/carme-gol-galardonada-con-el-premio-dona-dempresa-de-la-fegp\\\/\"]}]},{\"@type\":\"ImageObject\",\"inLanguage\":\"es\",\"@id\":\"https:\\\/\\\/lagranjafoods.com\\\/es\\\/carme-gol-galardonada-con-el-premio-dona-dempresa-de-la-fegp\\\/#primaryimage\",\"url\":\"https:\\\/\\\/lagranjafoods.com\\\/wp-content\\\/uploads\\\/Premi-FEGP-2026.png\",\"contentUrl\":\"https:\\\/\\\/lagranjafoods.com\\\/wp-content\\\/uploads\\\/Premi-FEGP-2026.png\",\"width\":2000,\"height\":1500},{\"@type\":\"BreadcrumbList\",\"@id\":\"https:\\\/\\\/lagranjafoods.com\\\/es\\\/carme-gol-galardonada-con-el-premio-dona-dempresa-de-la-fegp\\\/#breadcrumb\",\"itemListElement\":[{\"@type\":\"ListItem\",\"position\":1,\"name\":\"Portada\",\"item\":\"https:\\\/\\\/lagranjafoods.com\\\/es\\\/\"},{\"@type\":\"ListItem\",\"position\":2,\"name\":\"Carme Gol, galardonada con el premio Dona d&#8217;empresa de la FEGP\"}]},{\"@type\":\"WebSite\",\"@id\":\"https:\\\/\\\/lagranjafoods.com\\\/es\\\/#website\",\"url\":\"https:\\\/\\\/lagranjafoods.com\\\/es\\\/\",\"name\":\"La Granja Foods\",\"description\":\"\u00a1Benvinguts a La Granja! Qualitat, sabor i frescor des de 1959.\",\"publisher\":{\"@id\":\"https:\\\/\\\/lagranjafoods.com\\\/es\\\/#organization\"},\"potentialAction\":[{\"@type\":\"SearchAction\",\"target\":{\"@type\":\"EntryPoint\",\"urlTemplate\":\"https:\\\/\\\/lagranjafoods.com\\\/es\\\/?s={search_term_string}\"},\"query-input\":{\"@type\":\"PropertyValueSpecification\",\"valueRequired\":true,\"valueName\":\"search_term_string\"}}],\"inLanguage\":\"es\"},{\"@type\":\"Organization\",\"@id\":\"https:\\\/\\\/lagranjafoods.com\\\/es\\\/#organization\",\"name\":\"La Granja Foods\",\"url\":\"https:\\\/\\\/lagranjafoods.com\\\/es\\\/\",\"logo\":{\"@type\":\"ImageObject\",\"inLanguage\":\"es\",\"@id\":\"https:\\\/\\\/lagranjafoods.com\\\/es\\\/#\\\/schema\\\/logo\\\/image\\\/\",\"url\":\"https:\\\/\\\/lagranjafoods.com\\\/wp-content\\\/uploads\\\/logo-lagranjafoods.png\",\"contentUrl\":\"https:\\\/\\\/lagranjafoods.com\\\/wp-content\\\/uploads\\\/logo-lagranjafoods.png\",\"width\":539,\"height\":158,\"caption\":\"La Granja Foods \"},\"image\":{\"@id\":\"https:\\\/\\\/lagranjafoods.com\\\/es\\\/#\\\/schema\\\/logo\\\/image\\\/\"}},{\"@type\":\"Person\",\"@id\":\"https:\\\/\\\/lagranjafoods.com\\\/es\\\/#\\\/schema\\\/person\\\/a09ef344e5c3da6e521ed0a69afd694c\",\"name\":\"conta\"}]}<\/script>\n<!-- \/ Yoast SEO plugin. -->","yoast_head_json":{"title":"Carme Gol, galardonada con el premio Dona d'empresa de la FEGP - La Granja Foods","description":"Carme Gol, presidenta de La Granja, ha sido galardonada con el Premio Dona d\u2019Empresa 2026 de la FEGP.","robots":{"index":"index","follow":"follow","max-snippet":"max-snippet:-1","max-image-preview":"max-image-preview:large","max-video-preview":"max-video-preview:-1"},"canonical":"https:\/\/lagranjafoods.com\/es\/carme-gol-galardonada-con-el-premio-dona-dempresa-de-la-fegp\/","og_locale":"es_ES","og_type":"article","og_title":"Carme Gol, galardonada con el premio Dona d'empresa de la FEGP - La Granja Foods","og_description":"Carme Gol, presidenta de La Granja, ha sido galardonada con el Premio Dona d\u2019Empresa 2026 de la FEGP.","og_url":"https:\/\/lagranjafoods.com\/es\/carme-gol-galardonada-con-el-premio-dona-dempresa-de-la-fegp\/","og_site_name":"La Granja Foods","article_published_time":"2026-08-05T07:49:55+00:00","article_modified_time":"2026-08-05T07:49:57+00:00","og_image":[{"width":1024,"height":768,"url":"https:\/\/lagranjafoods.com\/wp-content\/uploads\/Premi-FEGP-2026-1024x768.png","type":"image\/png"}],"author":"conta","twitter_card":"summary_large_image","twitter_misc":{"Escrito por":"conta","Tiempo de lectura":"2 minuto"},"schema":{"@context":"https:\/\/schema.org","@graph":[{"@type":"Article","@id":"https:\/\/lagranjafoods.com\/es\/carme-gol-galardonada-con-el-premio-dona-dempresa-de-la-fegp\/#article","isPartOf":{"@id":"https:\/\/lagranjafoods.com\/es\/carme-gol-galardonada-con-el-premio-dona-dempresa-de-la-fegp\/"},"author":{"name":"conta","@id":"https:\/\/lagranjafoods.com\/es\/#\/schema\/person\/a09ef344e5c3da6e521ed0a69afd694c"},"headline":"Carme Gol, galardonada con el premio Dona d&#8217;empresa de la FEGP","datePublished":"2026-08-05T07:49:55+00:00","dateModified":"2026-08-05T07:49:57+00:00","mainEntityOfPage":{"@id":"https:\/\/lagranjafoods.com\/es\/carme-gol-galardonada-con-el-premio-dona-dempresa-de-la-fegp\/"},"wordCount":331,"publisher":{"@id":"https:\/\/lagranjafoods.com\/es\/#organization"},"image":{"@id":"https:\/\/lagranjafoods.com\/es\/carme-gol-galardonada-con-el-premio-dona-dempresa-de-la-fegp\/#primaryimage"},"thumbnailUrl":"https:\/\/lagranjafoods.com\/wp-content\/uploads\/Premi-FEGP-2026.png","articleSection":["News"],"inLanguage":"es"},{"@type":"WebPage","@id":"https:\/\/lagranjafoods.com\/es\/carme-gol-galardonada-con-el-premio-dona-dempresa-de-la-fegp\/","url":"https:\/\/lagranjafoods.com\/es\/carme-gol-galardonada-con-el-premio-dona-dempresa-de-la-fegp\/","name":"Carme Gol, galardonada con el premio Dona d'empresa de la FEGP - La Granja Foods","isPartOf":{"@id":"https:\/\/lagranjafoods.com\/es\/#website"},"primaryImageOfPage":{"@id":"https:\/\/lagranjafoods.com\/es\/carme-gol-galardonada-con-el-premio-dona-dempresa-de-la-fegp\/#primaryimage"},"image":{"@id":"https:\/\/lagranjafoods.com\/es\/carme-gol-galardonada-con-el-premio-dona-dempresa-de-la-fegp\/#primaryimage"},"thumbnailUrl":"https:\/\/lagranjafoods.com\/wp-content\/uploads\/Premi-FEGP-2026.png","datePublished":"2026-08-05T07:49:55+00:00","dateModified":"2026-08-05T07:49:57+00:00","description":"Carme Gol, presidenta de La Granja, ha sido galardonada con el Premio Dona d\u2019Empresa 2026 de la FEGP.","breadcrumb":{"@id":"https:\/\/lagranjafoods.com\/es\/carme-gol-galardonada-con-el-premio-dona-dempresa-de-la-fegp\/#breadcrumb"},"inLanguage":"es","potentialAction":[{"@type":"ReadAction","target":["https:\/\/lagranjafoods.com\/es\/carme-gol-galardonada-con-el-premio-dona-dempresa-de-la-fegp\/"]}]},{"@type":"ImageObject","inLanguage":"es","@id":"https:\/\/lagranjafoods.com\/es\/carme-gol-galardonada-con-el-premio-dona-dempresa-de-la-fegp\/#primaryimage","url":"https:\/\/lagranjafoods.com\/wp-content\/uploads\/Premi-FEGP-2026.png","contentUrl":"https:\/\/lagranjafoods.com\/wp-content\/uploads\/Premi-FEGP-2026.png","width":2000,"height":1500},{"@type":"BreadcrumbList","@id":"https:\/\/lagranjafoods.com\/es\/carme-gol-galardonada-con-el-premio-dona-dempresa-de-la-fegp\/#breadcrumb","itemListElement":[{"@type":"ListItem","position":1,"name":"Portada","item":"https:\/\/lagranjafoods.com\/es\/"},{"@type":"ListItem","position":2,"name":"Carme Gol, galardonada con el premio Dona d&#8217;empresa de la FEGP"}]},{"@type":"WebSite","@id":"https:\/\/lagranjafoods.com\/es\/#website","url":"https:\/\/lagranjafoods.com\/es\/","name":"La Granja Foods","description":"\u00a1Benvinguts a La Granja! Qualitat, sabor i frescor des de 1959.","publisher":{"@id":"https:\/\/lagranjafoods.com\/es\/#organization"},"potentialAction":[{"@type":"SearchAction","target":{"@type":"EntryPoint","urlTemplate":"https:\/\/lagranjafoods.com\/es\/?s={search_term_string}"},"query-input":{"@type":"PropertyValueSpecification","valueRequired":true,"valueName":"search_term_string"}}],"inLanguage":"es"},{"@type":"Organization","@id":"https:\/\/lagranjafoods.com\/es\/#organization","name":"La Granja Foods","url":"https:\/\/lagranjafoods.com\/es\/","logo":{"@type":"ImageObject","inLanguage":"es","@id":"https:\/\/lagranjafoods.com\/es\/#\/schema\/logo\/image\/","url":"https:\/\/lagranjafoods.com\/wp-content\/uploads\/logo-lagranjafoods.png","contentUrl":"https:\/\/lagranjafoods.com\/wp-content\/uploads\/logo-lagranjafoods.png","width":539,"height":158,"caption":"La Granja Foods "},"image":{"@id":"https:\/\/lagranjafoods.com\/es\/#\/schema\/logo\/image\/"}},{"@type":"Person","@id":"https:\/\/lagranjafoods.com\/es\/#\/schema\/person\/a09ef344e5c3da6e521ed0a69afd694c","name":"conta"}]}},"_links":{"self":[{"href":"https:\/\/lagranjafoods.com\/es\/wp-json\/wp\/v2\/posts\/58614","targetHints":{"allow":["GET"]}}],"collection":[{"href":"https:\/\/lagranjafoods.com\/es\/wp-json\/wp\/v2\/posts"}],"about":[{"href":"https:\/\/lagranjafoods.com\/es\/wp-json\/wp\/v2\/types\/post"}],"author":[{"embeddable":true,"href":"https:\/\/lagranjafoods.com\/es\/wp-json\/wp\/v2\/users\/565"}],"replies":[{"embeddable":true,"href":"https:\/\/lagranjafoods.com\/es\/wp-json\/wp\/v2\/comments?post=58614"}],"version-history":[{"count":2,"href":"https:\/\/lagranjafoods.com\/es\/wp-json\/wp\/v2\/posts\/58614\/revisions"}],"predecessor-version":[{"id":58623,"href":"https:\/\/lagranjafoods.com\/es\/wp-json\/wp\/v2\/posts\/58614\/revisions\/58623"}],"wp:featuredmedia":[{"embeddable":true,"href":"https:\/\/lagranjafoods.com\/es\/wp-json\/wp\/v2\/media\/58618"}],"wp:attachment":[{"href":"https:\/\/lagranjafoods.com\/es\/wp-json\/wp\/v2\/media?parent=58614"}],"wp:term":[{"taxonomy":"category","embeddable":true,"href":"https:\/\/lagranjafoods.com\/es\/wp-json\/wp\/v2\/categories?post=58614"},{"taxonomy":"post_tag","embeddable":true,"href":"https:\/\/lagranjafoods.com\/es\/wp-json\/wp\/v2\/tags?post=58614"}],"curies":[{"name":"wp","href":"https:\/\/api.w.org\/{rel}","templated":true}]}}