{"id":58487,"date":"2026-07-29T11:53:59","date_gmt":"2026-07-29T09:53:59","guid":{"rendered":"https:\/\/lagranjafoods.com\/?p=58487"},"modified":"2026-07-29T12:09:50","modified_gmt":"2026-07-29T10:09:50","slug":"visita-del-conseller-de-la-generalitat-oscar-ordeig","status":"publish","type":"post","link":"https:\/\/lagranjafoods.com\/es\/visita-del-conseller-de-la-generalitat-oscar-ordeig\/","title":{"rendered":"La Granja Foods recibe la visita institucional del conseller \u00d2scar Ordeig"},"content":{"rendered":"<p class=\"isSelectedEnd\"><strong>\u00d2scar Ordeig visita las instalaciones de la empresa para conocer de primera mano su actividad, sus proyectos de futuro y su compromiso con el sector agroalimentario catal\u00e1n<\/strong><\/p>\n<p class=\"isSelectedEnd\"><strong>Ol\u00e8rdola, 28 de julio.<\/strong> La Granja Foods recibi\u00f3 ayer la visita institucional del <strong>conseller de Agricultura, Ganader\u00eda, Pesca y Alimentaci\u00f3n de la Generalitat de Catalunya<\/strong>, <strong>\u00d2scar Ordeig<\/strong>, acompa\u00f1ado de <strong>Rosa Cubel<\/strong>, secretaria general de Alimentaci\u00f3n del Departamento de Agricultura, Ganader\u00eda, Pesca y Alimentaci\u00f3n; <strong>Llu\u00eds Valls<\/strong>, delegado del Gobierno de la Generalitat en el Pened\u00e8s; <strong>Irene Mercader<\/strong>, directora de los Servicios Territoriales en el Pened\u00e8s del Departamento de Agricultura, Ganader\u00eda, Pesca y Alimentaci\u00f3n; <strong>Jordi \u00c0lvarez<\/strong>, alcalde de Ol\u00e8rdola, y <strong>Francisco Romero<\/strong>, alcalde de Vilafranca del Pened\u00e8s.<\/p>\n<p class=\"isSelectedEnd\">La visita comenz\u00f3 con una reuni\u00f3n en las oficinas centrales de La Granja Foods, donde el equipo directivo present\u00f3 la trayectoria de la empresa, su evoluci\u00f3n y los principales proyectos estrat\u00e9gicos que impulsan su crecimiento. Durante la presentaci\u00f3n tambi\u00e9n se compartieron los retos y las oportunidades del sector agroalimentario, as\u00ed como el compromiso de la compa\u00f1\u00eda con la innovaci\u00f3n, la calidad y la sostenibilidad.<\/p>\n<p class=\"isSelectedEnd\">Posteriormente, la delegaci\u00f3n institucional visit\u00f3 la planta de producci\u00f3n, donde pudo conocer los procesos de elaboraci\u00f3n, los est\u00e1ndares de calidad y seguridad alimentaria, as\u00ed como las inversiones y las iniciativas que La Granja Foods est\u00e1 desarrollando para continuar reforzando su competitividad y su capacidad productiva.<\/p>\n<p class=\"isSelectedEnd\">El encuentro permiti\u00f3 intercambiar impresiones sobre los principales desaf\u00edos del sector agroalimentario y poner en valor el papel de las empresas del territorio en la generaci\u00f3n de empleo, la innovaci\u00f3n y el desarrollo econ\u00f3mico de Catalunya.<\/p>\n<p class=\"isSelectedEnd\">Desde La Granja Foods se valora muy positivamente esta visita institucional, que ha permitido mostrar la realidad de la empresa y compartir su apuesta por un modelo de crecimiento basado en la calidad, la innovaci\u00f3n y el compromiso con el territorio.<\/p>\n<p><strong>\u00abPara La Granja Foods es un orgullo haber recibido esta visita institucional y haber podido mostrar el trabajo que llevamos a cabo cada d\u00eda. Creemos que la colaboraci\u00f3n entre las instituciones y el tejido empresarial es fundamental para continuar impulsando un sector agroalimentario fuerte, innovador y competitivo\u00bb, destaca Sergi L\u00f3pez Gol, CEO de La Granja Foods.<\/strong><\/p>\n\n\n<p class=\"wp-block-paragraph\"><\/p>\n","protected":false},"excerpt":{"rendered":"<p>\u00d2scar Ordeig visita las instalaciones de la empresa para conocer de primera mano su actividad, sus proyectos de futuro y su compromiso con el sector agroalimentario catal\u00e1n Ol\u00e8rdola, 28 de &hellip;<\/p>\n","protected":false},"author":565,"featured_media":58492,"comment_status":"closed","ping_status":"open","sticky":false,"template":"","format":"standard","meta":{"_acf_changed":false,"mc4wp_mailchimp_campaign":[],"footnotes":""},"categories":[74],"tags":[103],"class_list":["post-58487","post","type-post","status-publish","format-standard","has-post-thumbnail","hentry","category-news","tag-sin-gluten"],"acf":[],"yoast_head":"<!-- This site is optimized with the Yoast SEO plugin v28.3 - https:\/\/yoast.com\/product\/yoast-seo-wordpress\/ -->\n<title>La Granja Foods recibe la visita institucional del conseller \u00d2scar Ordeig - La Granja Foods<\/title>\n<meta name=\"description\" content=\"La Granja Foods recibe la visita del conseller de Agricultura, Ganader\u00eda, Pesca y Alimentaci\u00f3n de la Generalitat de Catalunya, \u00d2scar Ordeig.\" \/>\n<meta name=\"robots\" content=\"index, follow, max-snippet:-1, max-image-preview:large, max-video-preview:-1\" \/>\n<link rel=\"canonical\" href=\"https:\/\/lagranjafoods.com\/es\/visita-del-conseller-de-la-generalitat-oscar-ordeig\/\" \/>\n<meta property=\"og:locale\" content=\"es_ES\" \/>\n<meta property=\"og:type\" content=\"article\" \/>\n<meta property=\"og:title\" content=\"La Granja Foods recibe la visita institucional del conseller \u00d2scar Ordeig - La Granja Foods\" \/>\n<meta property=\"og:description\" content=\"La Granja Foods recibe la visita del conseller de Agricultura, Ganader\u00eda, Pesca y Alimentaci\u00f3n de la Generalitat de Catalunya, \u00d2scar Ordeig.\" \/>\n<meta property=\"og:url\" content=\"https:\/\/lagranjafoods.com\/es\/visita-del-conseller-de-la-generalitat-oscar-ordeig\/\" \/>\n<meta property=\"og:site_name\" content=\"La Granja Foods\" \/>\n<meta property=\"article:published_time\" content=\"2026-07-29T09:53:59+00:00\" \/>\n<meta property=\"article:modified_time\" content=\"2026-07-29T10:09:50+00:00\" \/>\n<meta property=\"og:image\" content=\"https:\/\/lagranjafoods.com\/wp-content\/uploads\/Visita-del-conseller-de-la-Generalitat-1024x768.png\" \/>\n\t<meta property=\"og:image:width\" content=\"1024\" \/>\n\t<meta property=\"og:image:height\" content=\"768\" \/>\n\t<meta property=\"og:image:type\" content=\"image\/png\" \/>\n<meta name=\"author\" content=\"conta\" \/>\n<meta name=\"twitter:card\" content=\"summary_large_image\" \/>\n<meta name=\"twitter:label1\" content=\"Escrito por\" \/>\n\t<meta name=\"twitter:data1\" content=\"conta\" \/>\n\t<meta name=\"twitter:label2\" content=\"Tiempo de lectura\" \/>\n\t<meta name=\"twitter:data2\" content=\"2 minuto\" \/>\n<script type=\"application\/ld+json\" class=\"yoast-schema-graph\">{\"@context\":\"https:\\\/\\\/schema.org\",\"@graph\":[{\"@type\":\"Article\",\"@id\":\"https:\\\/\\\/lagranjafoods.com\\\/es\\\/visita-del-conseller-de-la-generalitat-oscar-ordeig\\\/#article\",\"isPartOf\":{\"@id\":\"https:\\\/\\\/lagranjafoods.com\\\/es\\\/visita-del-conseller-de-la-generalitat-oscar-ordeig\\\/\"},\"author\":{\"name\":\"conta\",\"@id\":\"https:\\\/\\\/lagranjafoods.com\\\/es\\\/#\\\/schema\\\/person\\\/a09ef344e5c3da6e521ed0a69afd694c\"},\"headline\":\"La Granja Foods recibe la visita institucional del conseller \u00d2scar Ordeig\",\"datePublished\":\"2026-07-29T09:53:59+00:00\",\"dateModified\":\"2026-07-29T10:09:50+00:00\",\"mainEntityOfPage\":{\"@id\":\"https:\\\/\\\/lagranjafoods.com\\\/es\\\/visita-del-conseller-de-la-generalitat-oscar-ordeig\\\/\"},\"wordCount\":398,\"publisher\":{\"@id\":\"https:\\\/\\\/lagranjafoods.com\\\/es\\\/#organization\"},\"image\":{\"@id\":\"https:\\\/\\\/lagranjafoods.com\\\/es\\\/visita-del-conseller-de-la-generalitat-oscar-ordeig\\\/#primaryimage\"},\"thumbnailUrl\":\"https:\\\/\\\/lagranjafoods.com\\\/wp-content\\\/uploads\\\/Visita-del-conseller-de-la-Generalitat.png\",\"keywords\":[\"Sin gluten\"],\"articleSection\":[\"News\"],\"inLanguage\":\"es\"},{\"@type\":\"WebPage\",\"@id\":\"https:\\\/\\\/lagranjafoods.com\\\/es\\\/visita-del-conseller-de-la-generalitat-oscar-ordeig\\\/\",\"url\":\"https:\\\/\\\/lagranjafoods.com\\\/es\\\/visita-del-conseller-de-la-generalitat-oscar-ordeig\\\/\",\"name\":\"La Granja Foods recibe la visita institucional del conseller \u00d2scar Ordeig - La Granja Foods\",\"isPartOf\":{\"@id\":\"https:\\\/\\\/lagranjafoods.com\\\/es\\\/#website\"},\"primaryImageOfPage\":{\"@id\":\"https:\\\/\\\/lagranjafoods.com\\\/es\\\/visita-del-conseller-de-la-generalitat-oscar-ordeig\\\/#primaryimage\"},\"image\":{\"@id\":\"https:\\\/\\\/lagranjafoods.com\\\/es\\\/visita-del-conseller-de-la-generalitat-oscar-ordeig\\\/#primaryimage\"},\"thumbnailUrl\":\"https:\\\/\\\/lagranjafoods.com\\\/wp-content\\\/uploads\\\/Visita-del-conseller-de-la-Generalitat.png\",\"datePublished\":\"2026-07-29T09:53:59+00:00\",\"dateModified\":\"2026-07-29T10:09:50+00:00\",\"description\":\"La Granja Foods recibe la visita del conseller de Agricultura, Ganader\u00eda, Pesca y Alimentaci\u00f3n de la Generalitat de Catalunya, \u00d2scar Ordeig.\",\"breadcrumb\":{\"@id\":\"https:\\\/\\\/lagranjafoods.com\\\/es\\\/visita-del-conseller-de-la-generalitat-oscar-ordeig\\\/#breadcrumb\"},\"inLanguage\":\"es\",\"potentialAction\":[{\"@type\":\"ReadAction\",\"target\":[\"https:\\\/\\\/lagranjafoods.com\\\/es\\\/visita-del-conseller-de-la-generalitat-oscar-ordeig\\\/\"]}]},{\"@type\":\"ImageObject\",\"inLanguage\":\"es\",\"@id\":\"https:\\\/\\\/lagranjafoods.com\\\/es\\\/visita-del-conseller-de-la-generalitat-oscar-ordeig\\\/#primaryimage\",\"url\":\"https:\\\/\\\/lagranjafoods.com\\\/wp-content\\\/uploads\\\/Visita-del-conseller-de-la-Generalitat.png\",\"contentUrl\":\"https:\\\/\\\/lagranjafoods.com\\\/wp-content\\\/uploads\\\/Visita-del-conseller-de-la-Generalitat.png\",\"width\":2000,\"height\":1500},{\"@type\":\"BreadcrumbList\",\"@id\":\"https:\\\/\\\/lagranjafoods.com\\\/es\\\/visita-del-conseller-de-la-generalitat-oscar-ordeig\\\/#breadcrumb\",\"itemListElement\":[{\"@type\":\"ListItem\",\"position\":1,\"name\":\"Portada\",\"item\":\"https:\\\/\\\/lagranjafoods.com\\\/es\\\/\"},{\"@type\":\"ListItem\",\"position\":2,\"name\":\"La Granja Foods recibe la visita institucional del conseller \u00d2scar Ordeig\"}]},{\"@type\":\"WebSite\",\"@id\":\"https:\\\/\\\/lagranjafoods.com\\\/es\\\/#website\",\"url\":\"https:\\\/\\\/lagranjafoods.com\\\/es\\\/\",\"name\":\"La Granja Foods\",\"description\":\"\u00a1Benvinguts a La Granja! Qualitat, sabor i frescor des de 1959.\",\"publisher\":{\"@id\":\"https:\\\/\\\/lagranjafoods.com\\\/es\\\/#organization\"},\"potentialAction\":[{\"@type\":\"SearchAction\",\"target\":{\"@type\":\"EntryPoint\",\"urlTemplate\":\"https:\\\/\\\/lagranjafoods.com\\\/es\\\/?s={search_term_string}\"},\"query-input\":{\"@type\":\"PropertyValueSpecification\",\"valueRequired\":true,\"valueName\":\"search_term_string\"}}],\"inLanguage\":\"es\"},{\"@type\":\"Organization\",\"@id\":\"https:\\\/\\\/lagranjafoods.com\\\/es\\\/#organization\",\"name\":\"La Granja Foods\",\"url\":\"https:\\\/\\\/lagranjafoods.com\\\/es\\\/\",\"logo\":{\"@type\":\"ImageObject\",\"inLanguage\":\"es\",\"@id\":\"https:\\\/\\\/lagranjafoods.com\\\/es\\\/#\\\/schema\\\/logo\\\/image\\\/\",\"url\":\"https:\\\/\\\/lagranjafoods.com\\\/wp-content\\\/uploads\\\/logo-lagranjafoods.png\",\"contentUrl\":\"https:\\\/\\\/lagranjafoods.com\\\/wp-content\\\/uploads\\\/logo-lagranjafoods.png\",\"width\":539,\"height\":158,\"caption\":\"La Granja Foods \"},\"image\":{\"@id\":\"https:\\\/\\\/lagranjafoods.com\\\/es\\\/#\\\/schema\\\/logo\\\/image\\\/\"}},{\"@type\":\"Person\",\"@id\":\"https:\\\/\\\/lagranjafoods.com\\\/es\\\/#\\\/schema\\\/person\\\/a09ef344e5c3da6e521ed0a69afd694c\",\"name\":\"conta\"}]}<\/script>\n<!-- \/ Yoast SEO plugin. -->","yoast_head_json":{"title":"La Granja Foods recibe la visita institucional del conseller \u00d2scar Ordeig - La Granja Foods","description":"La Granja Foods recibe la visita del conseller de Agricultura, Ganader\u00eda, Pesca y Alimentaci\u00f3n de la Generalitat de Catalunya, \u00d2scar Ordeig.","robots":{"index":"index","follow":"follow","max-snippet":"max-snippet:-1","max-image-preview":"max-image-preview:large","max-video-preview":"max-video-preview:-1"},"canonical":"https:\/\/lagranjafoods.com\/es\/visita-del-conseller-de-la-generalitat-oscar-ordeig\/","og_locale":"es_ES","og_type":"article","og_title":"La Granja Foods recibe la visita institucional del conseller \u00d2scar Ordeig - La Granja Foods","og_description":"La Granja Foods recibe la visita del conseller de Agricultura, Ganader\u00eda, Pesca y Alimentaci\u00f3n de la Generalitat de Catalunya, \u00d2scar Ordeig.","og_url":"https:\/\/lagranjafoods.com\/es\/visita-del-conseller-de-la-generalitat-oscar-ordeig\/","og_site_name":"La Granja Foods","article_published_time":"2026-07-29T09:53:59+00:00","article_modified_time":"2026-07-29T10:09:50+00:00","og_image":[{"width":1024,"height":768,"url":"https:\/\/lagranjafoods.com\/wp-content\/uploads\/Visita-del-conseller-de-la-Generalitat-1024x768.png","type":"image\/png"}],"author":"conta","twitter_card":"summary_large_image","twitter_misc":{"Escrito por":"conta","Tiempo de lectura":"2 minuto"},"schema":{"@context":"https:\/\/schema.org","@graph":[{"@type":"Article","@id":"https:\/\/lagranjafoods.com\/es\/visita-del-conseller-de-la-generalitat-oscar-ordeig\/#article","isPartOf":{"@id":"https:\/\/lagranjafoods.com\/es\/visita-del-conseller-de-la-generalitat-oscar-ordeig\/"},"author":{"name":"conta","@id":"https:\/\/lagranjafoods.com\/es\/#\/schema\/person\/a09ef344e5c3da6e521ed0a69afd694c"},"headline":"La Granja Foods recibe la visita institucional del conseller \u00d2scar Ordeig","datePublished":"2026-07-29T09:53:59+00:00","dateModified":"2026-07-29T10:09:50+00:00","mainEntityOfPage":{"@id":"https:\/\/lagranjafoods.com\/es\/visita-del-conseller-de-la-generalitat-oscar-ordeig\/"},"wordCount":398,"publisher":{"@id":"https:\/\/lagranjafoods.com\/es\/#organization"},"image":{"@id":"https:\/\/lagranjafoods.com\/es\/visita-del-conseller-de-la-generalitat-oscar-ordeig\/#primaryimage"},"thumbnailUrl":"https:\/\/lagranjafoods.com\/wp-content\/uploads\/Visita-del-conseller-de-la-Generalitat.png","keywords":["Sin gluten"],"articleSection":["News"],"inLanguage":"es"},{"@type":"WebPage","@id":"https:\/\/lagranjafoods.com\/es\/visita-del-conseller-de-la-generalitat-oscar-ordeig\/","url":"https:\/\/lagranjafoods.com\/es\/visita-del-conseller-de-la-generalitat-oscar-ordeig\/","name":"La Granja Foods recibe la visita institucional del conseller \u00d2scar Ordeig - La Granja Foods","isPartOf":{"@id":"https:\/\/lagranjafoods.com\/es\/#website"},"primaryImageOfPage":{"@id":"https:\/\/lagranjafoods.com\/es\/visita-del-conseller-de-la-generalitat-oscar-ordeig\/#primaryimage"},"image":{"@id":"https:\/\/lagranjafoods.com\/es\/visita-del-conseller-de-la-generalitat-oscar-ordeig\/#primaryimage"},"thumbnailUrl":"https:\/\/lagranjafoods.com\/wp-content\/uploads\/Visita-del-conseller-de-la-Generalitat.png","datePublished":"2026-07-29T09:53:59+00:00","dateModified":"2026-07-29T10:09:50+00:00","description":"La Granja Foods recibe la visita del conseller de Agricultura, Ganader\u00eda, Pesca y Alimentaci\u00f3n de la Generalitat de Catalunya, \u00d2scar Ordeig.","breadcrumb":{"@id":"https:\/\/lagranjafoods.com\/es\/visita-del-conseller-de-la-generalitat-oscar-ordeig\/#breadcrumb"},"inLanguage":"es","potentialAction":[{"@type":"ReadAction","target":["https:\/\/lagranjafoods.com\/es\/visita-del-conseller-de-la-generalitat-oscar-ordeig\/"]}]},{"@type":"ImageObject","inLanguage":"es","@id":"https:\/\/lagranjafoods.com\/es\/visita-del-conseller-de-la-generalitat-oscar-ordeig\/#primaryimage","url":"https:\/\/lagranjafoods.com\/wp-content\/uploads\/Visita-del-conseller-de-la-Generalitat.png","contentUrl":"https:\/\/lagranjafoods.com\/wp-content\/uploads\/Visita-del-conseller-de-la-Generalitat.png","width":2000,"height":1500},{"@type":"BreadcrumbList","@id":"https:\/\/lagranjafoods.com\/es\/visita-del-conseller-de-la-generalitat-oscar-ordeig\/#breadcrumb","itemListElement":[{"@type":"ListItem","position":1,"name":"Portada","item":"https:\/\/lagranjafoods.com\/es\/"},{"@type":"ListItem","position":2,"name":"La Granja Foods recibe la visita institucional del conseller \u00d2scar Ordeig"}]},{"@type":"WebSite","@id":"https:\/\/lagranjafoods.com\/es\/#website","url":"https:\/\/lagranjafoods.com\/es\/","name":"La Granja Foods","description":"\u00a1Benvinguts a La Granja! Qualitat, sabor i frescor des de 1959.","publisher":{"@id":"https:\/\/lagranjafoods.com\/es\/#organization"},"potentialAction":[{"@type":"SearchAction","target":{"@type":"EntryPoint","urlTemplate":"https:\/\/lagranjafoods.com\/es\/?s={search_term_string}"},"query-input":{"@type":"PropertyValueSpecification","valueRequired":true,"valueName":"search_term_string"}}],"inLanguage":"es"},{"@type":"Organization","@id":"https:\/\/lagranjafoods.com\/es\/#organization","name":"La Granja Foods","url":"https:\/\/lagranjafoods.com\/es\/","logo":{"@type":"ImageObject","inLanguage":"es","@id":"https:\/\/lagranjafoods.com\/es\/#\/schema\/logo\/image\/","url":"https:\/\/lagranjafoods.com\/wp-content\/uploads\/logo-lagranjafoods.png","contentUrl":"https:\/\/lagranjafoods.com\/wp-content\/uploads\/logo-lagranjafoods.png","width":539,"height":158,"caption":"La Granja Foods "},"image":{"@id":"https:\/\/lagranjafoods.com\/es\/#\/schema\/logo\/image\/"}},{"@type":"Person","@id":"https:\/\/lagranjafoods.com\/es\/#\/schema\/person\/a09ef344e5c3da6e521ed0a69afd694c","name":"conta"}]}},"_links":{"self":[{"href":"https:\/\/lagranjafoods.com\/es\/wp-json\/wp\/v2\/posts\/58487","targetHints":{"allow":["GET"]}}],"collection":[{"href":"https:\/\/lagranjafoods.com\/es\/wp-json\/wp\/v2\/posts"}],"about":[{"href":"https:\/\/lagranjafoods.com\/es\/wp-json\/wp\/v2\/types\/post"}],"author":[{"embeddable":true,"href":"https:\/\/lagranjafoods.com\/es\/wp-json\/wp\/v2\/users\/565"}],"replies":[{"embeddable":true,"href":"https:\/\/lagranjafoods.com\/es\/wp-json\/wp\/v2\/comments?post=58487"}],"version-history":[{"count":2,"href":"https:\/\/lagranjafoods.com\/es\/wp-json\/wp\/v2\/posts\/58487\/revisions"}],"predecessor-version":[{"id":58501,"href":"https:\/\/lagranjafoods.com\/es\/wp-json\/wp\/v2\/posts\/58487\/revisions\/58501"}],"wp:featuredmedia":[{"embeddable":true,"href":"https:\/\/lagranjafoods.com\/es\/wp-json\/wp\/v2\/media\/58492"}],"wp:attachment":[{"href":"https:\/\/lagranjafoods.com\/es\/wp-json\/wp\/v2\/media?parent=58487"}],"wp:term":[{"taxonomy":"category","embeddable":true,"href":"https:\/\/lagranjafoods.com\/es\/wp-json\/wp\/v2\/categories?post=58487"},{"taxonomy":"post_tag","embeddable":true,"href":"https:\/\/lagranjafoods.com\/es\/wp-json\/wp\/v2\/tags?post=58487"}],"curies":[{"name":"wp","href":"https:\/\/api.w.org\/{rel}","templated":true}]}}