{"id":37774,"date":"2025-02-14T12:09:48","date_gmt":"2025-02-14T12:09:48","guid":{"rendered":"http:\/\/lagranjafoods.com\/?p=37774"},"modified":"2025-02-14T12:09:50","modified_gmt":"2025-02-14T12:09:50","slug":"la-granja-foods-refuerza-su-linea-de-co-branding-con-torrons-vicens","status":"publish","type":"post","link":"https:\/\/lagranjafoods.com\/es\/la-granja-foods-refuerza-su-linea-de-co-branding-con-torrons-vicens\/","title":{"rendered":"La Granja Foods refuerza su l\u00ednea de Co-Branding Con Torrons Vicens"},"content":{"rendered":"<p style=\"text-align: justify;\"><span style=\"font-family: Montserrat; color: black;\">La Granja Foods, una empresa familiar desde 1959, est\u00e1 celebrando un a\u00f1o lleno de \u00e9xitos.<\/span><\/p>\n<p style=\"text-align: justify;\"><span style=\"font-family: Montserrat; color: black;\">A sus reci\u00e9n cumplidos 65 a\u00f1os de historia y tradici\u00f3n, se suma un fuerte compromiso con la innovaci\u00f3n y el desarrollo, caracter\u00edsticas clave de la empresa. En este contexto, ha lanzado al mercado cuatro nuevos y sorprendentes productos en co-branding con la tambi\u00e9n empresa familiar Torrons Vicens.<\/span><\/p>\n<p style=\"text-align: justify;\"><span style=\"font-family: Montserrat; color: black;\">La apuesta de La Granja Foods por los co-brandings comenz\u00f3 en 2021, con el objetivo de apoyar el proyecto solidario de La Fageda. Esta colaboraci\u00f3n ha permitido elaborar productos de alta calidad mediante una estructura empresarial con fines sociales, que busca dar sentido a la vida de personas en situaci\u00f3n de vulnerabilidad. Fruto de esta alianza, se lanzaron al mercado dos bizcochos y una mini magdalena, cuyo ingrediente estrella es el yogur fresco natural de La Fageda.<\/span><\/p>\n<p style=\"text-align: justify;\"><span style=\"font-family: Montserrat; color: black;\">Gracias a la excelente acogida de los consumidores, La Granja Foods decidi\u00f3 crear una nueva l\u00ednea:<span class=\"apple-converted-space\">\u00a0<\/span><strong><i><span style=\"font-family: Montserrat; font-weight: normal;\">Special Editions<\/span><\/i><\/strong>, que ha abierto la puerta a nuevas colaboraciones con empresas que comparten no solo su compromiso con la calidad, sino tambi\u00e9n su buen hacer. En esta l\u00ednea, se han incorporado productos tan innovadores como la Magdalena de Miel con Pr\u00f3polis, desarrollada junto a Alemany 1879, defensores del mundo rural. A esta gama se suman tambi\u00e9n los ex\u00f3ticos bizcochos de t\u00e9 Chai o t\u00e9 Matcha, en colaboraci\u00f3n con Tea Shop, una marca de referencia en el mundo del t\u00e9 de alta calidad.<\/span><\/p>\n<p style=\"text-align: justify;\"><strong><span style=\"font-family: Montserrat; color: black;\">Bizcochos, Mini Magdalena y Magdalena Magnum<\/span><\/strong><\/p>\n<p style=\"text-align: justify;\"><span style=\"font-family: Montserrat; color: black;\">Con una trayectoria que se remonta a 1775 en Agramunt (Lleida), Torrons Vicens es una empresa con una gran tradici\u00f3n turronera. Por este motivo, el Departamento de I+D de La Granja Foods ha trabajado intensamente para desarrollar nuevas texturas que combinan la esponjosidad de los bizcochos y magdalenas con el \u00abcrunch\u00bb caracter\u00edstico de los turrones tradicionales de Torrons Vicens. As\u00ed nacen un bizcocho y una mini magdalena elaborados con turr\u00f3n duro, adem\u00e1s de una magdalena Magnum con Torta de Turr\u00f3n de Agramunt. Como broche de oro, se incorpora a la l\u00ednea sin gluten y sin lactosa de La Granja Foods un esponjoso bizcocho de almendra, con la garant\u00eda de calidad de Torrons Vicens.<\/span><\/p>\n<p style=\"text-align: justify;\"><span style=\"font-family: Montserrat; color: black;\">Este proyecto culmina un a\u00f1o en el que se ha reforzado la apuesta de La Granja Foods por el e-commerce, la presencia en medios y la expansi\u00f3n e internacionalizaci\u00f3n de la compa\u00f1\u00eda.<\/span><\/p>\n\n\n<p class=\"wp-block-paragraph\"><\/p>\n","protected":false},"excerpt":{"rendered":"<p>La Granja Foods, una empresa familiar desde 1959, est\u00e1 celebrando un a\u00f1o lleno de \u00e9xitos. A sus reci\u00e9n cumplidos 65 a\u00f1os de historia y tradici\u00f3n, se suma un fuerte compromiso &hellip;<\/p>\n","protected":false},"author":565,"featured_media":37781,"comment_status":"closed","ping_status":"open","sticky":false,"template":"","format":"standard","meta":{"_acf_changed":false,"mc4wp_mailchimp_campaign":[],"footnotes":""},"categories":[74],"tags":[103],"class_list":["post-37774","post","type-post","status-publish","format-standard","has-post-thumbnail","hentry","category-news","tag-sin-gluten"],"acf":[],"yoast_head":"<!-- This site is optimized with the Yoast SEO plugin v28.3 - https:\/\/yoast.com\/product\/yoast-seo-wordpress\/ -->\n<title>La Granja Foods refuerza su l\u00ednea de Co-Branding Con Torrons Vicens - La Granja Foods<\/title>\n<meta name=\"description\" content=\"La Granja Foods se enorgullece de reforzar su l\u00ednea de co-branding con Turrons Vicen\u00e7, sacando cuatro productos nuevos al mercado.\" \/>\n<meta name=\"robots\" content=\"index, follow, max-snippet:-1, max-image-preview:large, max-video-preview:-1\" \/>\n<link rel=\"canonical\" href=\"https:\/\/lagranjafoods.com\/es\/la-granja-foods-refuerza-su-linea-de-co-branding-con-torrons-vicens\/\" \/>\n<meta property=\"og:locale\" content=\"es_ES\" \/>\n<meta property=\"og:type\" content=\"article\" \/>\n<meta property=\"og:title\" content=\"La Granja Foods refuerza su l\u00ednea de Co-Branding Con Torrons Vicens - La Granja Foods\" \/>\n<meta property=\"og:description\" content=\"La Granja Foods se enorgullece de reforzar su l\u00ednea de co-branding con Turrons Vicen\u00e7, sacando cuatro productos nuevos al mercado.\" \/>\n<meta property=\"og:url\" content=\"https:\/\/lagranjafoods.com\/es\/la-granja-foods-refuerza-su-linea-de-co-branding-con-torrons-vicens\/\" \/>\n<meta property=\"og:site_name\" content=\"La Granja Foods\" \/>\n<meta property=\"article:published_time\" content=\"2025-02-14T12:09:48+00:00\" \/>\n<meta property=\"article:modified_time\" content=\"2025-02-14T12:09:50+00:00\" \/>\n<meta property=\"og:image\" content=\"https:\/\/lagranjafoods.com\/wp-content\/uploads\/banner-blog-pagina-web-2000-\u00d7-1500-px-3.jpg\" \/>\n\t<meta property=\"og:image:width\" content=\"2000\" \/>\n\t<meta property=\"og:image:height\" content=\"1500\" \/>\n\t<meta property=\"og:image:type\" content=\"image\/jpeg\" \/>\n<meta name=\"author\" content=\"conta\" \/>\n<meta name=\"twitter:card\" content=\"summary_large_image\" \/>\n<meta name=\"twitter:label1\" content=\"Escrito por\" \/>\n\t<meta name=\"twitter:data1\" content=\"conta\" \/>\n\t<meta name=\"twitter:label2\" content=\"Tiempo de lectura\" \/>\n\t<meta name=\"twitter:data2\" content=\"2 minuto\" \/>\n<script type=\"application\/ld+json\" class=\"yoast-schema-graph\">{\"@context\":\"https:\\\/\\\/schema.org\",\"@graph\":[{\"@type\":\"Article\",\"@id\":\"https:\\\/\\\/lagranjafoods.com\\\/es\\\/la-granja-foods-refuerza-su-linea-de-co-branding-con-torrons-vicens\\\/#article\",\"isPartOf\":{\"@id\":\"https:\\\/\\\/lagranjafoods.com\\\/es\\\/la-granja-foods-refuerza-su-linea-de-co-branding-con-torrons-vicens\\\/\"},\"author\":{\"name\":\"conta\",\"@id\":\"https:\\\/\\\/lagranjafoods.com\\\/es\\\/#\\\/schema\\\/person\\\/a09ef344e5c3da6e521ed0a69afd694c\"},\"headline\":\"La Granja Foods refuerza su l\u00ednea de Co-Branding Con Torrons Vicens\",\"datePublished\":\"2025-02-14T12:09:48+00:00\",\"dateModified\":\"2025-02-14T12:09:50+00:00\",\"mainEntityOfPage\":{\"@id\":\"https:\\\/\\\/lagranjafoods.com\\\/es\\\/la-granja-foods-refuerza-su-linea-de-co-branding-con-torrons-vicens\\\/\"},\"wordCount\":424,\"publisher\":{\"@id\":\"https:\\\/\\\/lagranjafoods.com\\\/es\\\/#organization\"},\"image\":{\"@id\":\"https:\\\/\\\/lagranjafoods.com\\\/es\\\/la-granja-foods-refuerza-su-linea-de-co-branding-con-torrons-vicens\\\/#primaryimage\"},\"thumbnailUrl\":\"https:\\\/\\\/lagranjafoods.com\\\/wp-content\\\/uploads\\\/banner-blog-pagina-web-2000-\u00d7-1500-px-3.jpg\",\"keywords\":[\"Sin gluten\"],\"articleSection\":[\"News\"],\"inLanguage\":\"es\"},{\"@type\":\"WebPage\",\"@id\":\"https:\\\/\\\/lagranjafoods.com\\\/es\\\/la-granja-foods-refuerza-su-linea-de-co-branding-con-torrons-vicens\\\/\",\"url\":\"https:\\\/\\\/lagranjafoods.com\\\/es\\\/la-granja-foods-refuerza-su-linea-de-co-branding-con-torrons-vicens\\\/\",\"name\":\"La Granja Foods refuerza su l\u00ednea de Co-Branding Con Torrons Vicens - La Granja Foods\",\"isPartOf\":{\"@id\":\"https:\\\/\\\/lagranjafoods.com\\\/es\\\/#website\"},\"primaryImageOfPage\":{\"@id\":\"https:\\\/\\\/lagranjafoods.com\\\/es\\\/la-granja-foods-refuerza-su-linea-de-co-branding-con-torrons-vicens\\\/#primaryimage\"},\"image\":{\"@id\":\"https:\\\/\\\/lagranjafoods.com\\\/es\\\/la-granja-foods-refuerza-su-linea-de-co-branding-con-torrons-vicens\\\/#primaryimage\"},\"thumbnailUrl\":\"https:\\\/\\\/lagranjafoods.com\\\/wp-content\\\/uploads\\\/banner-blog-pagina-web-2000-\u00d7-1500-px-3.jpg\",\"datePublished\":\"2025-02-14T12:09:48+00:00\",\"dateModified\":\"2025-02-14T12:09:50+00:00\",\"description\":\"La Granja Foods se enorgullece de reforzar su l\u00ednea de co-branding con Turrons Vicen\u00e7, sacando cuatro productos nuevos al mercado.\",\"breadcrumb\":{\"@id\":\"https:\\\/\\\/lagranjafoods.com\\\/es\\\/la-granja-foods-refuerza-su-linea-de-co-branding-con-torrons-vicens\\\/#breadcrumb\"},\"inLanguage\":\"es\",\"potentialAction\":[{\"@type\":\"ReadAction\",\"target\":[\"https:\\\/\\\/lagranjafoods.com\\\/es\\\/la-granja-foods-refuerza-su-linea-de-co-branding-con-torrons-vicens\\\/\"]}]},{\"@type\":\"ImageObject\",\"inLanguage\":\"es\",\"@id\":\"https:\\\/\\\/lagranjafoods.com\\\/es\\\/la-granja-foods-refuerza-su-linea-de-co-branding-con-torrons-vicens\\\/#primaryimage\",\"url\":\"https:\\\/\\\/lagranjafoods.com\\\/wp-content\\\/uploads\\\/banner-blog-pagina-web-2000-\u00d7-1500-px-3.jpg\",\"contentUrl\":\"https:\\\/\\\/lagranjafoods.com\\\/wp-content\\\/uploads\\\/banner-blog-pagina-web-2000-\u00d7-1500-px-3.jpg\",\"width\":2000,\"height\":1500},{\"@type\":\"BreadcrumbList\",\"@id\":\"https:\\\/\\\/lagranjafoods.com\\\/es\\\/la-granja-foods-refuerza-su-linea-de-co-branding-con-torrons-vicens\\\/#breadcrumb\",\"itemListElement\":[{\"@type\":\"ListItem\",\"position\":1,\"name\":\"Portada\",\"item\":\"https:\\\/\\\/lagranjafoods.com\\\/es\\\/\"},{\"@type\":\"ListItem\",\"position\":2,\"name\":\"La Granja Foods refuerza su l\u00ednea de Co-Branding Con Torrons Vicens\"}]},{\"@type\":\"WebSite\",\"@id\":\"https:\\\/\\\/lagranjafoods.com\\\/es\\\/#website\",\"url\":\"https:\\\/\\\/lagranjafoods.com\\\/es\\\/\",\"name\":\"La Granja Foods\",\"description\":\"\u00a1Benvinguts a La Granja! Qualitat, sabor i frescor des de 1959.\",\"publisher\":{\"@id\":\"https:\\\/\\\/lagranjafoods.com\\\/es\\\/#organization\"},\"potentialAction\":[{\"@type\":\"SearchAction\",\"target\":{\"@type\":\"EntryPoint\",\"urlTemplate\":\"https:\\\/\\\/lagranjafoods.com\\\/es\\\/?s={search_term_string}\"},\"query-input\":{\"@type\":\"PropertyValueSpecification\",\"valueRequired\":true,\"valueName\":\"search_term_string\"}}],\"inLanguage\":\"es\"},{\"@type\":\"Organization\",\"@id\":\"https:\\\/\\\/lagranjafoods.com\\\/es\\\/#organization\",\"name\":\"La Granja Foods\",\"url\":\"https:\\\/\\\/lagranjafoods.com\\\/es\\\/\",\"logo\":{\"@type\":\"ImageObject\",\"inLanguage\":\"es\",\"@id\":\"https:\\\/\\\/lagranjafoods.com\\\/es\\\/#\\\/schema\\\/logo\\\/image\\\/\",\"url\":\"https:\\\/\\\/lagranjafoods.com\\\/wp-content\\\/uploads\\\/logo-lagranjafoods.png\",\"contentUrl\":\"https:\\\/\\\/lagranjafoods.com\\\/wp-content\\\/uploads\\\/logo-lagranjafoods.png\",\"width\":539,\"height\":158,\"caption\":\"La Granja Foods \"},\"image\":{\"@id\":\"https:\\\/\\\/lagranjafoods.com\\\/es\\\/#\\\/schema\\\/logo\\\/image\\\/\"}},{\"@type\":\"Person\",\"@id\":\"https:\\\/\\\/lagranjafoods.com\\\/es\\\/#\\\/schema\\\/person\\\/a09ef344e5c3da6e521ed0a69afd694c\",\"name\":\"conta\"}]}<\/script>\n<!-- \/ Yoast SEO plugin. -->","yoast_head_json":{"title":"La Granja Foods refuerza su l\u00ednea de Co-Branding Con Torrons Vicens - La Granja Foods","description":"La Granja Foods se enorgullece de reforzar su l\u00ednea de co-branding con Turrons Vicen\u00e7, sacando cuatro productos nuevos al mercado.","robots":{"index":"index","follow":"follow","max-snippet":"max-snippet:-1","max-image-preview":"max-image-preview:large","max-video-preview":"max-video-preview:-1"},"canonical":"https:\/\/lagranjafoods.com\/es\/la-granja-foods-refuerza-su-linea-de-co-branding-con-torrons-vicens\/","og_locale":"es_ES","og_type":"article","og_title":"La Granja Foods refuerza su l\u00ednea de Co-Branding Con Torrons Vicens - La Granja Foods","og_description":"La Granja Foods se enorgullece de reforzar su l\u00ednea de co-branding con Turrons Vicen\u00e7, sacando cuatro productos nuevos al mercado.","og_url":"https:\/\/lagranjafoods.com\/es\/la-granja-foods-refuerza-su-linea-de-co-branding-con-torrons-vicens\/","og_site_name":"La Granja Foods","article_published_time":"2025-02-14T12:09:48+00:00","article_modified_time":"2025-02-14T12:09:50+00:00","og_image":[{"width":2000,"height":1500,"url":"https:\/\/lagranjafoods.com\/wp-content\/uploads\/banner-blog-pagina-web-2000-\u00d7-1500-px-3.jpg","type":"image\/jpeg"}],"author":"conta","twitter_card":"summary_large_image","twitter_misc":{"Escrito por":"conta","Tiempo de lectura":"2 minuto"},"schema":{"@context":"https:\/\/schema.org","@graph":[{"@type":"Article","@id":"https:\/\/lagranjafoods.com\/es\/la-granja-foods-refuerza-su-linea-de-co-branding-con-torrons-vicens\/#article","isPartOf":{"@id":"https:\/\/lagranjafoods.com\/es\/la-granja-foods-refuerza-su-linea-de-co-branding-con-torrons-vicens\/"},"author":{"name":"conta","@id":"https:\/\/lagranjafoods.com\/es\/#\/schema\/person\/a09ef344e5c3da6e521ed0a69afd694c"},"headline":"La Granja Foods refuerza su l\u00ednea de Co-Branding Con Torrons Vicens","datePublished":"2025-02-14T12:09:48+00:00","dateModified":"2025-02-14T12:09:50+00:00","mainEntityOfPage":{"@id":"https:\/\/lagranjafoods.com\/es\/la-granja-foods-refuerza-su-linea-de-co-branding-con-torrons-vicens\/"},"wordCount":424,"publisher":{"@id":"https:\/\/lagranjafoods.com\/es\/#organization"},"image":{"@id":"https:\/\/lagranjafoods.com\/es\/la-granja-foods-refuerza-su-linea-de-co-branding-con-torrons-vicens\/#primaryimage"},"thumbnailUrl":"https:\/\/lagranjafoods.com\/wp-content\/uploads\/banner-blog-pagina-web-2000-\u00d7-1500-px-3.jpg","keywords":["Sin gluten"],"articleSection":["News"],"inLanguage":"es"},{"@type":"WebPage","@id":"https:\/\/lagranjafoods.com\/es\/la-granja-foods-refuerza-su-linea-de-co-branding-con-torrons-vicens\/","url":"https:\/\/lagranjafoods.com\/es\/la-granja-foods-refuerza-su-linea-de-co-branding-con-torrons-vicens\/","name":"La Granja Foods refuerza su l\u00ednea de Co-Branding Con Torrons Vicens - La Granja Foods","isPartOf":{"@id":"https:\/\/lagranjafoods.com\/es\/#website"},"primaryImageOfPage":{"@id":"https:\/\/lagranjafoods.com\/es\/la-granja-foods-refuerza-su-linea-de-co-branding-con-torrons-vicens\/#primaryimage"},"image":{"@id":"https:\/\/lagranjafoods.com\/es\/la-granja-foods-refuerza-su-linea-de-co-branding-con-torrons-vicens\/#primaryimage"},"thumbnailUrl":"https:\/\/lagranjafoods.com\/wp-content\/uploads\/banner-blog-pagina-web-2000-\u00d7-1500-px-3.jpg","datePublished":"2025-02-14T12:09:48+00:00","dateModified":"2025-02-14T12:09:50+00:00","description":"La Granja Foods se enorgullece de reforzar su l\u00ednea de co-branding con Turrons Vicen\u00e7, sacando cuatro productos nuevos al mercado.","breadcrumb":{"@id":"https:\/\/lagranjafoods.com\/es\/la-granja-foods-refuerza-su-linea-de-co-branding-con-torrons-vicens\/#breadcrumb"},"inLanguage":"es","potentialAction":[{"@type":"ReadAction","target":["https:\/\/lagranjafoods.com\/es\/la-granja-foods-refuerza-su-linea-de-co-branding-con-torrons-vicens\/"]}]},{"@type":"ImageObject","inLanguage":"es","@id":"https:\/\/lagranjafoods.com\/es\/la-granja-foods-refuerza-su-linea-de-co-branding-con-torrons-vicens\/#primaryimage","url":"https:\/\/lagranjafoods.com\/wp-content\/uploads\/banner-blog-pagina-web-2000-\u00d7-1500-px-3.jpg","contentUrl":"https:\/\/lagranjafoods.com\/wp-content\/uploads\/banner-blog-pagina-web-2000-\u00d7-1500-px-3.jpg","width":2000,"height":1500},{"@type":"BreadcrumbList","@id":"https:\/\/lagranjafoods.com\/es\/la-granja-foods-refuerza-su-linea-de-co-branding-con-torrons-vicens\/#breadcrumb","itemListElement":[{"@type":"ListItem","position":1,"name":"Portada","item":"https:\/\/lagranjafoods.com\/es\/"},{"@type":"ListItem","position":2,"name":"La Granja Foods refuerza su l\u00ednea de Co-Branding Con Torrons Vicens"}]},{"@type":"WebSite","@id":"https:\/\/lagranjafoods.com\/es\/#website","url":"https:\/\/lagranjafoods.com\/es\/","name":"La Granja Foods","description":"\u00a1Benvinguts a La Granja! Qualitat, sabor i frescor des de 1959.","publisher":{"@id":"https:\/\/lagranjafoods.com\/es\/#organization"},"potentialAction":[{"@type":"SearchAction","target":{"@type":"EntryPoint","urlTemplate":"https:\/\/lagranjafoods.com\/es\/?s={search_term_string}"},"query-input":{"@type":"PropertyValueSpecification","valueRequired":true,"valueName":"search_term_string"}}],"inLanguage":"es"},{"@type":"Organization","@id":"https:\/\/lagranjafoods.com\/es\/#organization","name":"La Granja Foods","url":"https:\/\/lagranjafoods.com\/es\/","logo":{"@type":"ImageObject","inLanguage":"es","@id":"https:\/\/lagranjafoods.com\/es\/#\/schema\/logo\/image\/","url":"https:\/\/lagranjafoods.com\/wp-content\/uploads\/logo-lagranjafoods.png","contentUrl":"https:\/\/lagranjafoods.com\/wp-content\/uploads\/logo-lagranjafoods.png","width":539,"height":158,"caption":"La Granja Foods "},"image":{"@id":"https:\/\/lagranjafoods.com\/es\/#\/schema\/logo\/image\/"}},{"@type":"Person","@id":"https:\/\/lagranjafoods.com\/es\/#\/schema\/person\/a09ef344e5c3da6e521ed0a69afd694c","name":"conta"}]}},"_links":{"self":[{"href":"https:\/\/lagranjafoods.com\/es\/wp-json\/wp\/v2\/posts\/37774","targetHints":{"allow":["GET"]}}],"collection":[{"href":"https:\/\/lagranjafoods.com\/es\/wp-json\/wp\/v2\/posts"}],"about":[{"href":"https:\/\/lagranjafoods.com\/es\/wp-json\/wp\/v2\/types\/post"}],"author":[{"embeddable":true,"href":"https:\/\/lagranjafoods.com\/es\/wp-json\/wp\/v2\/users\/565"}],"replies":[{"embeddable":true,"href":"https:\/\/lagranjafoods.com\/es\/wp-json\/wp\/v2\/comments?post=37774"}],"version-history":[{"count":0,"href":"https:\/\/lagranjafoods.com\/es\/wp-json\/wp\/v2\/posts\/37774\/revisions"}],"wp:featuredmedia":[{"embeddable":true,"href":"https:\/\/lagranjafoods.com\/es\/wp-json\/wp\/v2\/media\/37781"}],"wp:attachment":[{"href":"https:\/\/lagranjafoods.com\/es\/wp-json\/wp\/v2\/media?parent=37774"}],"wp:term":[{"taxonomy":"category","embeddable":true,"href":"https:\/\/lagranjafoods.com\/es\/wp-json\/wp\/v2\/categories?post=37774"},{"taxonomy":"post_tag","embeddable":true,"href":"https:\/\/lagranjafoods.com\/es\/wp-json\/wp\/v2\/tags?post=37774"}],"curies":[{"name":"wp","href":"https:\/\/api.w.org\/{rel}","templated":true}]}}