{"id":37583,"date":"2025-02-05T11:16:06","date_gmt":"2025-02-05T11:16:06","guid":{"rendered":"http:\/\/lagranjafoods.com\/?p=37583"},"modified":"2025-02-05T11:16:07","modified_gmt":"2025-02-05T11:16:07","slug":"corazones-de-san-valentin-sin-gluten","status":"publish","type":"post","link":"https:\/\/lagranjafoods.com\/es\/corazones-de-san-valentin-sin-gluten\/","title":{"rendered":"Corazones de San Valent\u00edn Sin Gluten"},"content":{"rendered":"<h2><span style=\"font-weight: 400;\">INGREDIENTES<\/span><\/h2>\n<ul>\n<li>Plancha de 1,8Kg de Bizcocho M\u00e1rmol Sin Gluten y Sin Lactosa La Granja Foods, <a href=\"http:\/\/lagranjafoods.com\/producto\/plancha-de-bizcocho-tradicional-marmol-sin-gluten-y-sin-lactosa\/\">haz click aqu\u00ed para comprarla.\u00a0<\/a><\/li>\n<li>Mermelada extra de melocot\u00f3n de vi\u00f1a de La Fageda, <a href=\"http:\/\/lagranjafoods.com\/producto\/mermelada-extra-de-melocoton-de-vina\/\">haz click aqu\u00ed para comprarla.<\/a><\/li>\n<li>500 gr. de chocolate especial para fundir*<\/li>\n<li>2 cucharadas de aceite de coco*<\/li>\n<li>Toppings al gusto: Corazones de az\u00facar, coco rallado&#8230;<\/li>\n<\/ul>\n<p>Aconsejamos disponer de un molde en forma de coraz\u00f3n.<\/p>\n<p>* Todos los ingredientes son libres de gluten<\/p>\n<h2><span style=\"font-weight: 400;\">ELABORACI\u00d3N<\/span><\/h2>\n<ol>\n<li style=\"font-weight: 400;\" aria-level=\"1\">Comenzamos abriendo la plancha de 1,8 kg de Bizcocho M\u00e1rmol Sin Gluten y Sin Lactosa de La Granja Foods. Con la ayuda de un molde en forma de coraz\u00f3n, cortamos corazones en la plancha y los colocamos en un plato. Si no tienes un molde en forma de coraz\u00f3n, te compartimos un truco: dibuja un coraz\u00f3n en una hoja en blanco, rec\u00f3rtalo y \u00fasalo como gu\u00eda para cortar el bizcocho y que quede perfecto.<\/li>\n<li aria-level=\"1\">Luego, corta el bizcocho por la mitad con un cuchillo y unta una capa de Mermelada Extra de Melocot\u00f3n de Vi\u00f1a de La Fageda entre ambas mitades. Vuelve a unirlas para que mantengan su forma original.<\/li>\n<li aria-level=\"1\">A continuaci\u00f3n, funde el chocolate al ba\u00f1o mar\u00eda o en el microondas. Una vez fundido, remueve bien con una cuchara o esp\u00e1tula para evitar que queden grumos y conseguir una textura uniforme.<\/li>\n<li aria-level=\"1\">Cuando el chocolate est\u00e9 listo, cubre completamente los corazones con \u00e9l. Luego, deja reposar en la nevera para que el chocolate se solidifique.<\/li>\n<li aria-level=\"1\">Finalmente, decora los corazones de chocolate a tu gusto. En nuestra receta, hemos optado por a\u00f1adir los toppings de az\u00facar por todo el coraz\u00f3n.<\/li>\n<li aria-level=\"1\">\u00a1Ahora toca disfrutar de La Granja Foods!<\/li>\n<\/ol>\n","protected":false},"excerpt":{"rendered":"<p>INGREDIENTES Plancha de 1,8Kg de Bizcocho M\u00e1rmol Sin Gluten y Sin Lactosa La Granja Foods, haz click aqu\u00ed para comprarla.\u00a0 Mermelada extra de melocot\u00f3n de vi\u00f1a de La Fageda, haz &hellip;<\/p>\n","protected":false},"author":565,"featured_media":37587,"comment_status":"closed","ping_status":"open","sticky":false,"template":"","format":"standard","meta":{"_acf_changed":false,"mc4wp_mailchimp_campaign":[],"footnotes":""},"categories":[75],"tags":[103],"class_list":["post-37583","post","type-post","status-publish","format-standard","has-post-thumbnail","hentry","category-recetas","tag-sin-gluten"],"acf":[],"yoast_head":"<!-- This site is optimized with the Yoast SEO plugin v28.3 - https:\/\/yoast.com\/product\/yoast-seo-wordpress\/ -->\n<title>Corazones de San Valent\u00edn Sin Gluten - La Granja Foods<\/title>\n<meta name=\"description\" content=\"Corazones de San Valent\u00edn Sin Gluten. Receta ideal para hacer con amigos o familia y celebrar el San Valent\u00edn!\" \/>\n<meta name=\"robots\" content=\"index, follow, max-snippet:-1, max-image-preview:large, max-video-preview:-1\" \/>\n<link rel=\"canonical\" href=\"https:\/\/lagranjafoods.com\/es\/corazones-de-san-valentin-sin-gluten\/\" \/>\n<meta property=\"og:locale\" content=\"es_ES\" \/>\n<meta property=\"og:type\" content=\"article\" \/>\n<meta property=\"og:title\" content=\"Corazones de San Valent\u00edn Sin Gluten - La Granja Foods\" \/>\n<meta property=\"og:description\" content=\"Corazones de San Valent\u00edn Sin Gluten. Receta ideal para hacer con amigos o familia y celebrar el San Valent\u00edn!\" \/>\n<meta property=\"og:url\" content=\"https:\/\/lagranjafoods.com\/es\/corazones-de-san-valentin-sin-gluten\/\" \/>\n<meta property=\"og:site_name\" content=\"La Granja Foods\" \/>\n<meta property=\"article:published_time\" content=\"2025-02-05T11:16:06+00:00\" \/>\n<meta property=\"article:modified_time\" content=\"2025-02-05T11:16:07+00:00\" \/>\n<meta property=\"og:image\" content=\"https:\/\/lagranjafoods.com\/wp-content\/uploads\/banner-blog-pagina-web-2000-\u00d7-1500-px.jpg\" \/>\n\t<meta property=\"og:image:width\" content=\"2000\" \/>\n\t<meta property=\"og:image:height\" content=\"1500\" \/>\n\t<meta property=\"og:image:type\" content=\"image\/jpeg\" \/>\n<meta name=\"author\" content=\"conta\" \/>\n<meta name=\"twitter:card\" content=\"summary_large_image\" \/>\n<meta name=\"twitter:label1\" content=\"Escrito por\" \/>\n\t<meta name=\"twitter:data1\" content=\"conta\" \/>\n\t<meta name=\"twitter:label2\" content=\"Tiempo de lectura\" \/>\n\t<meta name=\"twitter:data2\" content=\"2 minuto\" \/>\n<script type=\"application\/ld+json\" class=\"yoast-schema-graph\">{\"@context\":\"https:\\\/\\\/schema.org\",\"@graph\":[{\"@type\":\"Article\",\"@id\":\"https:\\\/\\\/lagranjafoods.com\\\/es\\\/corazones-de-san-valentin-sin-gluten\\\/#article\",\"isPartOf\":{\"@id\":\"https:\\\/\\\/lagranjafoods.com\\\/es\\\/corazones-de-san-valentin-sin-gluten\\\/\"},\"author\":{\"name\":\"conta\",\"@id\":\"https:\\\/\\\/lagranjafoods.com\\\/es\\\/#\\\/schema\\\/person\\\/a09ef344e5c3da6e521ed0a69afd694c\"},\"headline\":\"Corazones de San Valent\u00edn Sin Gluten\",\"datePublished\":\"2025-02-05T11:16:06+00:00\",\"dateModified\":\"2025-02-05T11:16:07+00:00\",\"mainEntityOfPage\":{\"@id\":\"https:\\\/\\\/lagranjafoods.com\\\/es\\\/corazones-de-san-valentin-sin-gluten\\\/\"},\"wordCount\":293,\"publisher\":{\"@id\":\"https:\\\/\\\/lagranjafoods.com\\\/es\\\/#organization\"},\"image\":{\"@id\":\"https:\\\/\\\/lagranjafoods.com\\\/es\\\/corazones-de-san-valentin-sin-gluten\\\/#primaryimage\"},\"thumbnailUrl\":\"https:\\\/\\\/lagranjafoods.com\\\/wp-content\\\/uploads\\\/banner-blog-pagina-web-2000-\u00d7-1500-px.jpg\",\"keywords\":[\"Sin gluten\"],\"articleSection\":[\"Recetas\"],\"inLanguage\":\"es\"},{\"@type\":\"WebPage\",\"@id\":\"https:\\\/\\\/lagranjafoods.com\\\/es\\\/corazones-de-san-valentin-sin-gluten\\\/\",\"url\":\"https:\\\/\\\/lagranjafoods.com\\\/es\\\/corazones-de-san-valentin-sin-gluten\\\/\",\"name\":\"Corazones de San Valent\u00edn Sin Gluten - La Granja Foods\",\"isPartOf\":{\"@id\":\"https:\\\/\\\/lagranjafoods.com\\\/es\\\/#website\"},\"primaryImageOfPage\":{\"@id\":\"https:\\\/\\\/lagranjafoods.com\\\/es\\\/corazones-de-san-valentin-sin-gluten\\\/#primaryimage\"},\"image\":{\"@id\":\"https:\\\/\\\/lagranjafoods.com\\\/es\\\/corazones-de-san-valentin-sin-gluten\\\/#primaryimage\"},\"thumbnailUrl\":\"https:\\\/\\\/lagranjafoods.com\\\/wp-content\\\/uploads\\\/banner-blog-pagina-web-2000-\u00d7-1500-px.jpg\",\"datePublished\":\"2025-02-05T11:16:06+00:00\",\"dateModified\":\"2025-02-05T11:16:07+00:00\",\"description\":\"Corazones de San Valent\u00edn Sin Gluten. Receta ideal para hacer con amigos o familia y celebrar el San Valent\u00edn!\",\"breadcrumb\":{\"@id\":\"https:\\\/\\\/lagranjafoods.com\\\/es\\\/corazones-de-san-valentin-sin-gluten\\\/#breadcrumb\"},\"inLanguage\":\"es\",\"potentialAction\":[{\"@type\":\"ReadAction\",\"target\":[\"https:\\\/\\\/lagranjafoods.com\\\/es\\\/corazones-de-san-valentin-sin-gluten\\\/\"]}]},{\"@type\":\"ImageObject\",\"inLanguage\":\"es\",\"@id\":\"https:\\\/\\\/lagranjafoods.com\\\/es\\\/corazones-de-san-valentin-sin-gluten\\\/#primaryimage\",\"url\":\"https:\\\/\\\/lagranjafoods.com\\\/wp-content\\\/uploads\\\/banner-blog-pagina-web-2000-\u00d7-1500-px.jpg\",\"contentUrl\":\"https:\\\/\\\/lagranjafoods.com\\\/wp-content\\\/uploads\\\/banner-blog-pagina-web-2000-\u00d7-1500-px.jpg\",\"width\":2000,\"height\":1500},{\"@type\":\"BreadcrumbList\",\"@id\":\"https:\\\/\\\/lagranjafoods.com\\\/es\\\/corazones-de-san-valentin-sin-gluten\\\/#breadcrumb\",\"itemListElement\":[{\"@type\":\"ListItem\",\"position\":1,\"name\":\"Portada\",\"item\":\"https:\\\/\\\/lagranjafoods.com\\\/es\\\/\"},{\"@type\":\"ListItem\",\"position\":2,\"name\":\"Corazones de San Valent\u00edn Sin Gluten\"}]},{\"@type\":\"WebSite\",\"@id\":\"https:\\\/\\\/lagranjafoods.com\\\/es\\\/#website\",\"url\":\"https:\\\/\\\/lagranjafoods.com\\\/es\\\/\",\"name\":\"La Granja Foods\",\"description\":\"\u00a1Benvinguts a La Granja! Qualitat, sabor i frescor des de 1959.\",\"publisher\":{\"@id\":\"https:\\\/\\\/lagranjafoods.com\\\/es\\\/#organization\"},\"potentialAction\":[{\"@type\":\"SearchAction\",\"target\":{\"@type\":\"EntryPoint\",\"urlTemplate\":\"https:\\\/\\\/lagranjafoods.com\\\/es\\\/?s={search_term_string}\"},\"query-input\":{\"@type\":\"PropertyValueSpecification\",\"valueRequired\":true,\"valueName\":\"search_term_string\"}}],\"inLanguage\":\"es\"},{\"@type\":\"Organization\",\"@id\":\"https:\\\/\\\/lagranjafoods.com\\\/es\\\/#organization\",\"name\":\"La Granja Foods\",\"url\":\"https:\\\/\\\/lagranjafoods.com\\\/es\\\/\",\"logo\":{\"@type\":\"ImageObject\",\"inLanguage\":\"es\",\"@id\":\"https:\\\/\\\/lagranjafoods.com\\\/es\\\/#\\\/schema\\\/logo\\\/image\\\/\",\"url\":\"https:\\\/\\\/lagranjafoods.com\\\/wp-content\\\/uploads\\\/logo-lagranjafoods.png\",\"contentUrl\":\"https:\\\/\\\/lagranjafoods.com\\\/wp-content\\\/uploads\\\/logo-lagranjafoods.png\",\"width\":539,\"height\":158,\"caption\":\"La Granja Foods \"},\"image\":{\"@id\":\"https:\\\/\\\/lagranjafoods.com\\\/es\\\/#\\\/schema\\\/logo\\\/image\\\/\"}},{\"@type\":\"Person\",\"@id\":\"https:\\\/\\\/lagranjafoods.com\\\/es\\\/#\\\/schema\\\/person\\\/a09ef344e5c3da6e521ed0a69afd694c\",\"name\":\"conta\"}]}<\/script>\n<!-- \/ Yoast SEO plugin. -->","yoast_head_json":{"title":"Corazones de San Valent\u00edn Sin Gluten - La Granja Foods","description":"Corazones de San Valent\u00edn Sin Gluten. Receta ideal para hacer con amigos o familia y celebrar el San Valent\u00edn!","robots":{"index":"index","follow":"follow","max-snippet":"max-snippet:-1","max-image-preview":"max-image-preview:large","max-video-preview":"max-video-preview:-1"},"canonical":"https:\/\/lagranjafoods.com\/es\/corazones-de-san-valentin-sin-gluten\/","og_locale":"es_ES","og_type":"article","og_title":"Corazones de San Valent\u00edn Sin Gluten - La Granja Foods","og_description":"Corazones de San Valent\u00edn Sin Gluten. Receta ideal para hacer con amigos o familia y celebrar el San Valent\u00edn!","og_url":"https:\/\/lagranjafoods.com\/es\/corazones-de-san-valentin-sin-gluten\/","og_site_name":"La Granja Foods","article_published_time":"2025-02-05T11:16:06+00:00","article_modified_time":"2025-02-05T11:16:07+00:00","og_image":[{"width":2000,"height":1500,"url":"https:\/\/lagranjafoods.com\/wp-content\/uploads\/banner-blog-pagina-web-2000-\u00d7-1500-px.jpg","type":"image\/jpeg"}],"author":"conta","twitter_card":"summary_large_image","twitter_misc":{"Escrito por":"conta","Tiempo de lectura":"2 minuto"},"schema":{"@context":"https:\/\/schema.org","@graph":[{"@type":"Article","@id":"https:\/\/lagranjafoods.com\/es\/corazones-de-san-valentin-sin-gluten\/#article","isPartOf":{"@id":"https:\/\/lagranjafoods.com\/es\/corazones-de-san-valentin-sin-gluten\/"},"author":{"name":"conta","@id":"https:\/\/lagranjafoods.com\/es\/#\/schema\/person\/a09ef344e5c3da6e521ed0a69afd694c"},"headline":"Corazones de San Valent\u00edn Sin Gluten","datePublished":"2025-02-05T11:16:06+00:00","dateModified":"2025-02-05T11:16:07+00:00","mainEntityOfPage":{"@id":"https:\/\/lagranjafoods.com\/es\/corazones-de-san-valentin-sin-gluten\/"},"wordCount":293,"publisher":{"@id":"https:\/\/lagranjafoods.com\/es\/#organization"},"image":{"@id":"https:\/\/lagranjafoods.com\/es\/corazones-de-san-valentin-sin-gluten\/#primaryimage"},"thumbnailUrl":"https:\/\/lagranjafoods.com\/wp-content\/uploads\/banner-blog-pagina-web-2000-\u00d7-1500-px.jpg","keywords":["Sin gluten"],"articleSection":["Recetas"],"inLanguage":"es"},{"@type":"WebPage","@id":"https:\/\/lagranjafoods.com\/es\/corazones-de-san-valentin-sin-gluten\/","url":"https:\/\/lagranjafoods.com\/es\/corazones-de-san-valentin-sin-gluten\/","name":"Corazones de San Valent\u00edn Sin Gluten - La Granja Foods","isPartOf":{"@id":"https:\/\/lagranjafoods.com\/es\/#website"},"primaryImageOfPage":{"@id":"https:\/\/lagranjafoods.com\/es\/corazones-de-san-valentin-sin-gluten\/#primaryimage"},"image":{"@id":"https:\/\/lagranjafoods.com\/es\/corazones-de-san-valentin-sin-gluten\/#primaryimage"},"thumbnailUrl":"https:\/\/lagranjafoods.com\/wp-content\/uploads\/banner-blog-pagina-web-2000-\u00d7-1500-px.jpg","datePublished":"2025-02-05T11:16:06+00:00","dateModified":"2025-02-05T11:16:07+00:00","description":"Corazones de San Valent\u00edn Sin Gluten. Receta ideal para hacer con amigos o familia y celebrar el San Valent\u00edn!","breadcrumb":{"@id":"https:\/\/lagranjafoods.com\/es\/corazones-de-san-valentin-sin-gluten\/#breadcrumb"},"inLanguage":"es","potentialAction":[{"@type":"ReadAction","target":["https:\/\/lagranjafoods.com\/es\/corazones-de-san-valentin-sin-gluten\/"]}]},{"@type":"ImageObject","inLanguage":"es","@id":"https:\/\/lagranjafoods.com\/es\/corazones-de-san-valentin-sin-gluten\/#primaryimage","url":"https:\/\/lagranjafoods.com\/wp-content\/uploads\/banner-blog-pagina-web-2000-\u00d7-1500-px.jpg","contentUrl":"https:\/\/lagranjafoods.com\/wp-content\/uploads\/banner-blog-pagina-web-2000-\u00d7-1500-px.jpg","width":2000,"height":1500},{"@type":"BreadcrumbList","@id":"https:\/\/lagranjafoods.com\/es\/corazones-de-san-valentin-sin-gluten\/#breadcrumb","itemListElement":[{"@type":"ListItem","position":1,"name":"Portada","item":"https:\/\/lagranjafoods.com\/es\/"},{"@type":"ListItem","position":2,"name":"Corazones de San Valent\u00edn Sin Gluten"}]},{"@type":"WebSite","@id":"https:\/\/lagranjafoods.com\/es\/#website","url":"https:\/\/lagranjafoods.com\/es\/","name":"La Granja Foods","description":"\u00a1Benvinguts a La Granja! Qualitat, sabor i frescor des de 1959.","publisher":{"@id":"https:\/\/lagranjafoods.com\/es\/#organization"},"potentialAction":[{"@type":"SearchAction","target":{"@type":"EntryPoint","urlTemplate":"https:\/\/lagranjafoods.com\/es\/?s={search_term_string}"},"query-input":{"@type":"PropertyValueSpecification","valueRequired":true,"valueName":"search_term_string"}}],"inLanguage":"es"},{"@type":"Organization","@id":"https:\/\/lagranjafoods.com\/es\/#organization","name":"La Granja Foods","url":"https:\/\/lagranjafoods.com\/es\/","logo":{"@type":"ImageObject","inLanguage":"es","@id":"https:\/\/lagranjafoods.com\/es\/#\/schema\/logo\/image\/","url":"https:\/\/lagranjafoods.com\/wp-content\/uploads\/logo-lagranjafoods.png","contentUrl":"https:\/\/lagranjafoods.com\/wp-content\/uploads\/logo-lagranjafoods.png","width":539,"height":158,"caption":"La Granja Foods "},"image":{"@id":"https:\/\/lagranjafoods.com\/es\/#\/schema\/logo\/image\/"}},{"@type":"Person","@id":"https:\/\/lagranjafoods.com\/es\/#\/schema\/person\/a09ef344e5c3da6e521ed0a69afd694c","name":"conta"}]}},"_links":{"self":[{"href":"https:\/\/lagranjafoods.com\/es\/wp-json\/wp\/v2\/posts\/37583","targetHints":{"allow":["GET"]}}],"collection":[{"href":"https:\/\/lagranjafoods.com\/es\/wp-json\/wp\/v2\/posts"}],"about":[{"href":"https:\/\/lagranjafoods.com\/es\/wp-json\/wp\/v2\/types\/post"}],"author":[{"embeddable":true,"href":"https:\/\/lagranjafoods.com\/es\/wp-json\/wp\/v2\/users\/565"}],"replies":[{"embeddable":true,"href":"https:\/\/lagranjafoods.com\/es\/wp-json\/wp\/v2\/comments?post=37583"}],"version-history":[{"count":0,"href":"https:\/\/lagranjafoods.com\/es\/wp-json\/wp\/v2\/posts\/37583\/revisions"}],"wp:featuredmedia":[{"embeddable":true,"href":"https:\/\/lagranjafoods.com\/es\/wp-json\/wp\/v2\/media\/37587"}],"wp:attachment":[{"href":"https:\/\/lagranjafoods.com\/es\/wp-json\/wp\/v2\/media?parent=37583"}],"wp:term":[{"taxonomy":"category","embeddable":true,"href":"https:\/\/lagranjafoods.com\/es\/wp-json\/wp\/v2\/categories?post=37583"},{"taxonomy":"post_tag","embeddable":true,"href":"https:\/\/lagranjafoods.com\/es\/wp-json\/wp\/v2\/tags?post=37583"}],"curies":[{"name":"wp","href":"https:\/\/api.w.org\/{rel}","templated":true}]}}