{"id":37049,"date":"2025-01-22T12:14:38","date_gmt":"2025-01-22T12:14:38","guid":{"rendered":"http:\/\/lagranjafoods.com\/?p=37049"},"modified":"2025-01-22T12:39:02","modified_gmt":"2025-01-22T12:39:02","slug":"jornada-laboral-salud-mental","status":"publish","type":"post","link":"https:\/\/lagranjafoods.com\/es\/jornada-laboral-salud-mental\/","title":{"rendered":"La Granja Foods celebra una jornada dedicada a la salud mental"},"content":{"rendered":"<p><span style=\"font-size: revert; color: initial;\">El pasado 10 de octubre, en el marco del D\u00eda Mundial de la Salud Mental, en <a href=\"http:\/\/lagranjafoods.com\/nosotros-historia\/?_gl=1*rj8d5l*_up*MQ..*_ga*MTg4NTY0NDA4MC4xNzM3NTQ2NzE1*_ga_QYHEX3WT0K*MTczNzU0NjcxNC4xLjAuMTczNzU0NjcxNC4wLjAuMA..\/\">La Granja Foods<\/a> dimos un paso importante hacia el bienestar emocional de nuestro equipo al organizar una jornada especial dedicada a este tema fundamental. En colaboraci\u00f3n con Esther y Laura, psic\u00f3logas y trabajadoras sociales de la asociaci\u00f3n OASIS, dise\u00f1amos una experiencia \u00fanica que combin\u00f3 aprendizaje, reflexi\u00f3n y conexi\u00f3n personal.<\/span><\/p>\n<h4><strong>El poder de detenerse y reflexionar<\/strong><\/h4>\n<p>La jornada comenz\u00f3 con actividades grupales orientadas a cuestionar y transformar creencias limitantes sobre el entorno laboral. Uno de los principales retos propuestos por Esther y Laura fue reflexionar sobre lo que significa ser un \u00abbuen\u00bb o \u00abmal\u00bb trabajador, una creencia que muchas veces influye en c\u00f3mo nos percibimos y c\u00f3mo interactuamos en el trabajo.<\/p>\n<p>A trav\u00e9s de din\u00e1micas participativas y conversaciones abiertas, se gener\u00f3 un espacio seguro y de confianza donde cada persona pudo expresarse sin temor a ser juzgada. Este ambiente permiti\u00f3 que muchos colaboradores compartieran emociones y pensamientos que habitualmente no encuentran cabida en el entorno laboral.<\/p>\n<p>Las valoraciones de los participantes son testimonio del impacto positivo que tuvo esta jornada:<br \/><em>\u00abNunca pens\u00e9 que tendr\u00eda un espacio as\u00ed en el trabajo, me sorprendi\u00f3 mucho.\u00bb<\/em><br \/><em>\u00abPoder decir c\u00f3mo me siento sin sentirme juzgado fue lo mejor.\u00bb<\/em><br \/><em>\u00abLas din\u00e1micas fueron una manera divertida de reflexionar.\u00bb<\/em><br \/><em>\u00ab\u00a1M\u00e1s jornadas como esta, por favor!\u00bb<\/em><\/p>\n<h4><strong>Un enfoque personalizado: sesiones individuales<\/strong><\/h4>\n<p>Adem\u00e1s de las actividades grupales, cada miembro del equipo tuvo la oportunidad de participar en una sesi\u00f3n individual de 30 minutos con Esther y Laura. Estas sesiones ofrecieron un espacio privado y confidencial para abordar temas tanto personales como laborales, permitiendo a los participantes explorar sus emociones y buscar soluciones con la gu\u00eda de profesionales experimentadas.<\/p>\n<p>La posibilidad de recibir este tipo de atenci\u00f3n personalizada en el entorno laboral fue una de las iniciativas m\u00e1s valoradas, ya que reflej\u00f3 el inter\u00e9s genuino de La Granja Foods por cuidar el bienestar integral de cada persona.<\/p>\n<h4><strong>M\u00e1s all\u00e1 de una jornada: un compromiso con las personas<\/strong><\/h4>\n<p>La organizaci\u00f3n de estas actividades no fue un esfuerzo aislado, sino parte de un compromiso continuo de La Granja Foods con la salud mental y el bienestar emocional. Sabemos que un equipo feliz y saludable contribuye a construir un entorno laboral positivo, colaborativo y humano.<\/p>\n<p>Queremos extender nuestro agradecimiento a Esther y Laura, as\u00ed como a la asociaci\u00f3n OASIS, por su profesionalidad y calidez durante toda la jornada. Tambi\u00e9n reconocemos el trabajo de nuestro equipo de Recursos Humanos y Prevenci\u00f3n de Riesgos Laborales, que se encarg\u00f3 de organizar y coordinar cada detalle.<\/p>\n<p>Pero, sobre todo, queremos agradecer a nuestro equipo, que particip\u00f3 activamente, mostr\u00f3 apertura y aport\u00f3 sus experiencias y reflexiones para enriquecer esta actividad.<\/p>\n<h4><strong>Un futuro lleno de aprendizajes compartidos<\/strong><\/h4>\n<p>Esta jornada ha sido un recordatorio de la importancia de detenernos, escuchar y cuidar tanto de nosotros mismos como de quienes nos rodean. En La Granja Foods seguiremos apostando por iniciativas como esta, que no solo nos ayudan a crecer como profesionales, sino tambi\u00e9n como personas.<\/p>\n<p>Porque el bienestar de nuestro equipo es la base para un futuro lleno de \u00e9xito compartido.<\/p>\n\n\n<p class=\"wp-block-paragraph\"><\/p>\n","protected":false},"excerpt":{"rendered":"<p>El pasado 10 de octubre, en el marco del D\u00eda Mundial de la Salud Mental, en La Granja Foods dimos un paso importante hacia el bienestar emocional de nuestro equipo &hellip;<\/p>\n","protected":false},"author":565,"featured_media":37050,"comment_status":"closed","ping_status":"open","sticky":false,"template":"","format":"standard","meta":{"_acf_changed":false,"mc4wp_mailchimp_campaign":[],"footnotes":""},"categories":[74],"tags":[103],"class_list":["post-37049","post","type-post","status-publish","format-standard","has-post-thumbnail","hentry","category-news","tag-sin-gluten"],"acf":[],"yoast_head":"<!-- This site is optimized with the Yoast SEO plugin v28.3 - https:\/\/yoast.com\/product\/yoast-seo-wordpress\/ -->\n<title>La Granja Foods celebra una jornada dedicada a la salud mental - La Granja Foods<\/title>\n<meta name=\"description\" content=\"La Granja Foods celebra una jornada dedicada a la salud mental: reflexionando, aprendiendo y creciendo juntos.\" \/>\n<meta name=\"robots\" content=\"index, follow, max-snippet:-1, max-image-preview:large, max-video-preview:-1\" \/>\n<link rel=\"canonical\" href=\"https:\/\/lagranjafoods.com\/es\/jornada-laboral-salud-mental\/\" \/>\n<meta property=\"og:locale\" content=\"es_ES\" \/>\n<meta property=\"og:type\" content=\"article\" \/>\n<meta property=\"og:title\" content=\"La Granja Foods celebra una jornada dedicada a la salud mental - La Granja Foods\" \/>\n<meta property=\"og:description\" content=\"La Granja Foods celebra una jornada dedicada a la salud mental: reflexionando, aprendiendo y creciendo juntos.\" \/>\n<meta property=\"og:url\" content=\"https:\/\/lagranjafoods.com\/es\/jornada-laboral-salud-mental\/\" \/>\n<meta property=\"og:site_name\" content=\"La Granja Foods\" \/>\n<meta property=\"article:published_time\" content=\"2025-01-22T12:14:38+00:00\" \/>\n<meta property=\"article:modified_time\" content=\"2025-01-22T12:39:02+00:00\" \/>\n<meta property=\"og:image\" content=\"https:\/\/lagranjafoods.com\/wp-content\/uploads\/banner-salud-mental-1-1024x768.png\" \/>\n\t<meta property=\"og:image:width\" content=\"1024\" \/>\n\t<meta property=\"og:image:height\" content=\"768\" \/>\n\t<meta property=\"og:image:type\" content=\"image\/png\" \/>\n<meta name=\"author\" content=\"conta\" \/>\n<meta name=\"twitter:card\" content=\"summary_large_image\" \/>\n<meta name=\"twitter:label1\" content=\"Escrito por\" \/>\n\t<meta name=\"twitter:data1\" content=\"conta\" \/>\n\t<meta name=\"twitter:label2\" content=\"Tiempo de lectura\" \/>\n\t<meta name=\"twitter:data2\" content=\"3 minuto\" \/>\n<script type=\"application\/ld+json\" class=\"yoast-schema-graph\">{\"@context\":\"https:\\\/\\\/schema.org\",\"@graph\":[{\"@type\":\"Article\",\"@id\":\"https:\\\/\\\/lagranjafoods.com\\\/es\\\/jornada-laboral-salud-mental\\\/#article\",\"isPartOf\":{\"@id\":\"https:\\\/\\\/lagranjafoods.com\\\/es\\\/jornada-laboral-salud-mental\\\/\"},\"author\":{\"name\":\"conta\",\"@id\":\"https:\\\/\\\/lagranjafoods.com\\\/es\\\/#\\\/schema\\\/person\\\/a09ef344e5c3da6e521ed0a69afd694c\"},\"headline\":\"La Granja Foods celebra una jornada dedicada a la salud mental\",\"datePublished\":\"2025-01-22T12:14:38+00:00\",\"dateModified\":\"2025-01-22T12:39:02+00:00\",\"mainEntityOfPage\":{\"@id\":\"https:\\\/\\\/lagranjafoods.com\\\/es\\\/jornada-laboral-salud-mental\\\/\"},\"wordCount\":551,\"publisher\":{\"@id\":\"https:\\\/\\\/lagranjafoods.com\\\/es\\\/#organization\"},\"image\":{\"@id\":\"https:\\\/\\\/lagranjafoods.com\\\/es\\\/jornada-laboral-salud-mental\\\/#primaryimage\"},\"thumbnailUrl\":\"https:\\\/\\\/lagranjafoods.com\\\/wp-content\\\/uploads\\\/banner-salud-mental-1.png\",\"keywords\":[\"Sin gluten\"],\"articleSection\":[\"News\"],\"inLanguage\":\"es\"},{\"@type\":\"WebPage\",\"@id\":\"https:\\\/\\\/lagranjafoods.com\\\/es\\\/jornada-laboral-salud-mental\\\/\",\"url\":\"https:\\\/\\\/lagranjafoods.com\\\/es\\\/jornada-laboral-salud-mental\\\/\",\"name\":\"La Granja Foods celebra una jornada dedicada a la salud mental - La Granja Foods\",\"isPartOf\":{\"@id\":\"https:\\\/\\\/lagranjafoods.com\\\/es\\\/#website\"},\"primaryImageOfPage\":{\"@id\":\"https:\\\/\\\/lagranjafoods.com\\\/es\\\/jornada-laboral-salud-mental\\\/#primaryimage\"},\"image\":{\"@id\":\"https:\\\/\\\/lagranjafoods.com\\\/es\\\/jornada-laboral-salud-mental\\\/#primaryimage\"},\"thumbnailUrl\":\"https:\\\/\\\/lagranjafoods.com\\\/wp-content\\\/uploads\\\/banner-salud-mental-1.png\",\"datePublished\":\"2025-01-22T12:14:38+00:00\",\"dateModified\":\"2025-01-22T12:39:02+00:00\",\"description\":\"La Granja Foods celebra una jornada dedicada a la salud mental: reflexionando, aprendiendo y creciendo juntos.\",\"breadcrumb\":{\"@id\":\"https:\\\/\\\/lagranjafoods.com\\\/es\\\/jornada-laboral-salud-mental\\\/#breadcrumb\"},\"inLanguage\":\"es\",\"potentialAction\":[{\"@type\":\"ReadAction\",\"target\":[\"https:\\\/\\\/lagranjafoods.com\\\/es\\\/jornada-laboral-salud-mental\\\/\"]}]},{\"@type\":\"ImageObject\",\"inLanguage\":\"es\",\"@id\":\"https:\\\/\\\/lagranjafoods.com\\\/es\\\/jornada-laboral-salud-mental\\\/#primaryimage\",\"url\":\"https:\\\/\\\/lagranjafoods.com\\\/wp-content\\\/uploads\\\/banner-salud-mental-1.png\",\"contentUrl\":\"https:\\\/\\\/lagranjafoods.com\\\/wp-content\\\/uploads\\\/banner-salud-mental-1.png\",\"width\":2000,\"height\":1500},{\"@type\":\"BreadcrumbList\",\"@id\":\"https:\\\/\\\/lagranjafoods.com\\\/es\\\/jornada-laboral-salud-mental\\\/#breadcrumb\",\"itemListElement\":[{\"@type\":\"ListItem\",\"position\":1,\"name\":\"Portada\",\"item\":\"https:\\\/\\\/lagranjafoods.com\\\/es\\\/\"},{\"@type\":\"ListItem\",\"position\":2,\"name\":\"La Granja Foods celebra una jornada dedicada a la salud mental\"}]},{\"@type\":\"WebSite\",\"@id\":\"https:\\\/\\\/lagranjafoods.com\\\/es\\\/#website\",\"url\":\"https:\\\/\\\/lagranjafoods.com\\\/es\\\/\",\"name\":\"La Granja Foods\",\"description\":\"\u00a1Benvinguts a La Granja! Qualitat, sabor i frescor des de 1959.\",\"publisher\":{\"@id\":\"https:\\\/\\\/lagranjafoods.com\\\/es\\\/#organization\"},\"potentialAction\":[{\"@type\":\"SearchAction\",\"target\":{\"@type\":\"EntryPoint\",\"urlTemplate\":\"https:\\\/\\\/lagranjafoods.com\\\/es\\\/?s={search_term_string}\"},\"query-input\":{\"@type\":\"PropertyValueSpecification\",\"valueRequired\":true,\"valueName\":\"search_term_string\"}}],\"inLanguage\":\"es\"},{\"@type\":\"Organization\",\"@id\":\"https:\\\/\\\/lagranjafoods.com\\\/es\\\/#organization\",\"name\":\"La Granja Foods\",\"url\":\"https:\\\/\\\/lagranjafoods.com\\\/es\\\/\",\"logo\":{\"@type\":\"ImageObject\",\"inLanguage\":\"es\",\"@id\":\"https:\\\/\\\/lagranjafoods.com\\\/es\\\/#\\\/schema\\\/logo\\\/image\\\/\",\"url\":\"https:\\\/\\\/lagranjafoods.com\\\/wp-content\\\/uploads\\\/logo-lagranjafoods.png\",\"contentUrl\":\"https:\\\/\\\/lagranjafoods.com\\\/wp-content\\\/uploads\\\/logo-lagranjafoods.png\",\"width\":539,\"height\":158,\"caption\":\"La Granja Foods \"},\"image\":{\"@id\":\"https:\\\/\\\/lagranjafoods.com\\\/es\\\/#\\\/schema\\\/logo\\\/image\\\/\"}},{\"@type\":\"Person\",\"@id\":\"https:\\\/\\\/lagranjafoods.com\\\/es\\\/#\\\/schema\\\/person\\\/a09ef344e5c3da6e521ed0a69afd694c\",\"name\":\"conta\"}]}<\/script>\n<!-- \/ Yoast SEO plugin. -->","yoast_head_json":{"title":"La Granja Foods celebra una jornada dedicada a la salud mental - La Granja Foods","description":"La Granja Foods celebra una jornada dedicada a la salud mental: reflexionando, aprendiendo y creciendo juntos.","robots":{"index":"index","follow":"follow","max-snippet":"max-snippet:-1","max-image-preview":"max-image-preview:large","max-video-preview":"max-video-preview:-1"},"canonical":"https:\/\/lagranjafoods.com\/es\/jornada-laboral-salud-mental\/","og_locale":"es_ES","og_type":"article","og_title":"La Granja Foods celebra una jornada dedicada a la salud mental - La Granja Foods","og_description":"La Granja Foods celebra una jornada dedicada a la salud mental: reflexionando, aprendiendo y creciendo juntos.","og_url":"https:\/\/lagranjafoods.com\/es\/jornada-laboral-salud-mental\/","og_site_name":"La Granja Foods","article_published_time":"2025-01-22T12:14:38+00:00","article_modified_time":"2025-01-22T12:39:02+00:00","og_image":[{"width":1024,"height":768,"url":"https:\/\/lagranjafoods.com\/wp-content\/uploads\/banner-salud-mental-1-1024x768.png","type":"image\/png"}],"author":"conta","twitter_card":"summary_large_image","twitter_misc":{"Escrito por":"conta","Tiempo de lectura":"3 minuto"},"schema":{"@context":"https:\/\/schema.org","@graph":[{"@type":"Article","@id":"https:\/\/lagranjafoods.com\/es\/jornada-laboral-salud-mental\/#article","isPartOf":{"@id":"https:\/\/lagranjafoods.com\/es\/jornada-laboral-salud-mental\/"},"author":{"name":"conta","@id":"https:\/\/lagranjafoods.com\/es\/#\/schema\/person\/a09ef344e5c3da6e521ed0a69afd694c"},"headline":"La Granja Foods celebra una jornada dedicada a la salud mental","datePublished":"2025-01-22T12:14:38+00:00","dateModified":"2025-01-22T12:39:02+00:00","mainEntityOfPage":{"@id":"https:\/\/lagranjafoods.com\/es\/jornada-laboral-salud-mental\/"},"wordCount":551,"publisher":{"@id":"https:\/\/lagranjafoods.com\/es\/#organization"},"image":{"@id":"https:\/\/lagranjafoods.com\/es\/jornada-laboral-salud-mental\/#primaryimage"},"thumbnailUrl":"https:\/\/lagranjafoods.com\/wp-content\/uploads\/banner-salud-mental-1.png","keywords":["Sin gluten"],"articleSection":["News"],"inLanguage":"es"},{"@type":"WebPage","@id":"https:\/\/lagranjafoods.com\/es\/jornada-laboral-salud-mental\/","url":"https:\/\/lagranjafoods.com\/es\/jornada-laboral-salud-mental\/","name":"La Granja Foods celebra una jornada dedicada a la salud mental - La Granja Foods","isPartOf":{"@id":"https:\/\/lagranjafoods.com\/es\/#website"},"primaryImageOfPage":{"@id":"https:\/\/lagranjafoods.com\/es\/jornada-laboral-salud-mental\/#primaryimage"},"image":{"@id":"https:\/\/lagranjafoods.com\/es\/jornada-laboral-salud-mental\/#primaryimage"},"thumbnailUrl":"https:\/\/lagranjafoods.com\/wp-content\/uploads\/banner-salud-mental-1.png","datePublished":"2025-01-22T12:14:38+00:00","dateModified":"2025-01-22T12:39:02+00:00","description":"La Granja Foods celebra una jornada dedicada a la salud mental: reflexionando, aprendiendo y creciendo juntos.","breadcrumb":{"@id":"https:\/\/lagranjafoods.com\/es\/jornada-laboral-salud-mental\/#breadcrumb"},"inLanguage":"es","potentialAction":[{"@type":"ReadAction","target":["https:\/\/lagranjafoods.com\/es\/jornada-laboral-salud-mental\/"]}]},{"@type":"ImageObject","inLanguage":"es","@id":"https:\/\/lagranjafoods.com\/es\/jornada-laboral-salud-mental\/#primaryimage","url":"https:\/\/lagranjafoods.com\/wp-content\/uploads\/banner-salud-mental-1.png","contentUrl":"https:\/\/lagranjafoods.com\/wp-content\/uploads\/banner-salud-mental-1.png","width":2000,"height":1500},{"@type":"BreadcrumbList","@id":"https:\/\/lagranjafoods.com\/es\/jornada-laboral-salud-mental\/#breadcrumb","itemListElement":[{"@type":"ListItem","position":1,"name":"Portada","item":"https:\/\/lagranjafoods.com\/es\/"},{"@type":"ListItem","position":2,"name":"La Granja Foods celebra una jornada dedicada a la salud mental"}]},{"@type":"WebSite","@id":"https:\/\/lagranjafoods.com\/es\/#website","url":"https:\/\/lagranjafoods.com\/es\/","name":"La Granja Foods","description":"\u00a1Benvinguts a La Granja! Qualitat, sabor i frescor des de 1959.","publisher":{"@id":"https:\/\/lagranjafoods.com\/es\/#organization"},"potentialAction":[{"@type":"SearchAction","target":{"@type":"EntryPoint","urlTemplate":"https:\/\/lagranjafoods.com\/es\/?s={search_term_string}"},"query-input":{"@type":"PropertyValueSpecification","valueRequired":true,"valueName":"search_term_string"}}],"inLanguage":"es"},{"@type":"Organization","@id":"https:\/\/lagranjafoods.com\/es\/#organization","name":"La Granja Foods","url":"https:\/\/lagranjafoods.com\/es\/","logo":{"@type":"ImageObject","inLanguage":"es","@id":"https:\/\/lagranjafoods.com\/es\/#\/schema\/logo\/image\/","url":"https:\/\/lagranjafoods.com\/wp-content\/uploads\/logo-lagranjafoods.png","contentUrl":"https:\/\/lagranjafoods.com\/wp-content\/uploads\/logo-lagranjafoods.png","width":539,"height":158,"caption":"La Granja Foods "},"image":{"@id":"https:\/\/lagranjafoods.com\/es\/#\/schema\/logo\/image\/"}},{"@type":"Person","@id":"https:\/\/lagranjafoods.com\/es\/#\/schema\/person\/a09ef344e5c3da6e521ed0a69afd694c","name":"conta"}]}},"_links":{"self":[{"href":"https:\/\/lagranjafoods.com\/es\/wp-json\/wp\/v2\/posts\/37049","targetHints":{"allow":["GET"]}}],"collection":[{"href":"https:\/\/lagranjafoods.com\/es\/wp-json\/wp\/v2\/posts"}],"about":[{"href":"https:\/\/lagranjafoods.com\/es\/wp-json\/wp\/v2\/types\/post"}],"author":[{"embeddable":true,"href":"https:\/\/lagranjafoods.com\/es\/wp-json\/wp\/v2\/users\/565"}],"replies":[{"embeddable":true,"href":"https:\/\/lagranjafoods.com\/es\/wp-json\/wp\/v2\/comments?post=37049"}],"version-history":[{"count":0,"href":"https:\/\/lagranjafoods.com\/es\/wp-json\/wp\/v2\/posts\/37049\/revisions"}],"wp:featuredmedia":[{"embeddable":true,"href":"https:\/\/lagranjafoods.com\/es\/wp-json\/wp\/v2\/media\/37050"}],"wp:attachment":[{"href":"https:\/\/lagranjafoods.com\/es\/wp-json\/wp\/v2\/media?parent=37049"}],"wp:term":[{"taxonomy":"category","embeddable":true,"href":"https:\/\/lagranjafoods.com\/es\/wp-json\/wp\/v2\/categories?post=37049"},{"taxonomy":"post_tag","embeddable":true,"href":"https:\/\/lagranjafoods.com\/es\/wp-json\/wp\/v2\/tags?post=37049"}],"curies":[{"name":"wp","href":"https:\/\/api.w.org\/{rel}","templated":true}]}}