{"id":1128,"date":"2022-10-18T11:41:03","date_gmt":"2022-10-18T11:41:03","guid":{"rendered":"http:\/\/lagranjafoods.com\/tarta-de-cumpleanos-sin-gluten-y-sin-lactosa\/"},"modified":"2025-01-31T15:56:40","modified_gmt":"2025-01-31T15:56:40","slug":"tarta-de-cumpleanos-sin-gluten-y-sin-lactosa","status":"publish","type":"post","link":"https:\/\/lagranjafoods.com\/es\/tarta-de-cumpleanos-sin-gluten-y-sin-lactosa\/","title":{"rendered":"Tarta de Cumplea\u00f1os Sin Gluten y Sin Lactosa"},"content":{"rendered":"<h2><span style=\"font-weight: 400;\">INGREDIENTES<\/span><\/h2>\n<ul>\n<li>Bizcocho Original Sin Gluten de La Granja<\/li>\n<li>1 taza de frambuesas y ar\u00e1ndanos o frutos rojos al gusto<\/li>\n<li>Ralladura de la piel de media naranja<\/li>\n<li>2 d\u00e1tiles Medjoul<\/li>\n<li>1\u20442 taza de agua<\/li>\n<li>400 gr. de queso tipo crema sin lactosa*<\/li>\n<li>Aroma de vainilla, cantidad al gusto*<br \/>\n* Todos los ingredientes son libres de gluten y lactosa<\/li>\n<\/ul>\n<h2><span style=\"font-weight: 400;\">ELABORACI\u00d3N<\/span><\/h2>\n<ol>\n<li style=\"font-weight: 400;\" aria-level=\"1\">Empezamos dise\u00f1ando la forma de la tarta de cumplea\u00f1os, nosotros hemos escogido el n\u00famero 4, pero puedes escoger el n\u00famero o forma que t\u00fa quieras utilizando las porciones del Bizcocho Original Sin Gluten de La Granja. Una vez tengas la forma decidida, el pr\u00f3ximo paso es cortar por la mitad las porciones del Bizcocho, ya que en el medio introduciremos las frutas rojas trituradas.<\/li>\n<li aria-level=\"1\">Una vez tengas las porciones del Bizcocho cortadas por la mitad, con un tenedor o batidor trituraremos los frutos rojos y las dispondremos encima de las mitades, y encima colocaremos la otra mitad de la porci\u00f3n.<\/li>\n<li aria-level=\"1\">En una batidora introduciremos la piel rallada de media naranja, los dos d\u00e1tiles Medjouls sin piel ni hueso y el agua. Crearemos una especie de caramelo l\u00edquido para endulzar la crema de queso que haremos a continuaci\u00f3n. Reservamos.<\/li>\n<li aria-level=\"1\">En un cuenco o recipiente mezclaremos las dos tarrinas de queso tipo crema sin lactosa, el caramelo l\u00edquido que hemos acabado de hacer y aroma de vainilla al gusto (nosotros hemos introducido una cucharada). Lo mezclamos todo hasta crear una masa homog\u00e9nea.<\/li>\n<li aria-level=\"1\">Con una esp\u00e1tula cubriremos todo el pastel, como en la imagen, y lo decoraremos con lo que m\u00e1s nos guste: frutas, flores o chocolate.<\/li>\n<\/ol>\n","protected":false},"excerpt":{"rendered":"<p>INGREDIENTES Bizcocho Original Sin Gluten de La Granja 1 taza de frambuesas y ar\u00e1ndanos o frutos rojos al gusto Ralladura de la piel de media naranja 2 d\u00e1tiles Medjoul 1\u20442 &hellip;<\/p>\n","protected":false},"author":1,"featured_media":870,"comment_status":"closed","ping_status":"open","sticky":false,"template":"","format":"standard","meta":{"_acf_changed":false,"mc4wp_mailchimp_campaign":[],"footnotes":""},"categories":[75],"tags":[],"class_list":["post-1128","post","type-post","status-publish","format-standard","has-post-thumbnail","hentry","category-recetas"],"acf":[],"yoast_head":"<!-- This site is optimized with the Yoast SEO plugin v28.3 - https:\/\/yoast.com\/product\/yoast-seo-wordpress\/ -->\n<title>Tarta de Cumplea\u00f1os Sin Gluten y Sin Lactosa - La Granja Foods<\/title>\n<meta name=\"description\" content=\"INGREDIENTES Bizcocho Original Sin Gluten de La Granja 1 taza de frambuesas y ar\u00e1ndanos o frutos rojos al gusto Ralladura de la piel de media naranja 2\" \/>\n<meta name=\"robots\" content=\"index, follow, max-snippet:-1, max-image-preview:large, max-video-preview:-1\" \/>\n<link rel=\"canonical\" href=\"https:\/\/lagranjafoods.com\/es\/tarta-de-cumpleanos-sin-gluten-y-sin-lactosa\/\" \/>\n<meta property=\"og:locale\" content=\"es_ES\" \/>\n<meta property=\"og:type\" content=\"article\" \/>\n<meta property=\"og:title\" content=\"Tarta de Cumplea\u00f1os Sin Gluten y Sin Lactosa - La Granja Foods\" \/>\n<meta property=\"og:description\" content=\"INGREDIENTES Bizcocho Original Sin Gluten de La Granja 1 taza de frambuesas y ar\u00e1ndanos o frutos rojos al gusto Ralladura de la piel de media naranja 2\" \/>\n<meta property=\"og:url\" content=\"https:\/\/lagranjafoods.com\/es\/tarta-de-cumpleanos-sin-gluten-y-sin-lactosa\/\" \/>\n<meta property=\"og:site_name\" content=\"La Granja Foods\" \/>\n<meta property=\"article:published_time\" content=\"2022-10-18T11:41:03+00:00\" \/>\n<meta property=\"article:modified_time\" content=\"2025-01-31T15:56:40+00:00\" \/>\n<meta property=\"og:image\" content=\"https:\/\/lagranjafoods.com\/wp-content\/uploads\/15-1.jpg\" \/>\n\t<meta property=\"og:image:width\" content=\"2000\" \/>\n\t<meta property=\"og:image:height\" content=\"1500\" \/>\n\t<meta property=\"og:image:type\" content=\"image\/jpeg\" \/>\n<meta name=\"author\" content=\"emfasi\" \/>\n<meta name=\"twitter:card\" content=\"summary_large_image\" \/>\n<meta name=\"twitter:label1\" content=\"Escrito por\" \/>\n\t<meta name=\"twitter:data1\" content=\"emfasi\" \/>\n\t<meta name=\"twitter:label2\" content=\"Tiempo de lectura\" \/>\n\t<meta name=\"twitter:data2\" content=\"2 minuto\" \/>\n<script type=\"application\/ld+json\" class=\"yoast-schema-graph\">{\"@context\":\"https:\\\/\\\/schema.org\",\"@graph\":[{\"@type\":\"Article\",\"@id\":\"https:\\\/\\\/lagranjafoods.com\\\/es\\\/tarta-de-cumpleanos-sin-gluten-y-sin-lactosa\\\/#article\",\"isPartOf\":{\"@id\":\"https:\\\/\\\/lagranjafoods.com\\\/es\\\/tarta-de-cumpleanos-sin-gluten-y-sin-lactosa\\\/\"},\"author\":{\"name\":\"emfasi\",\"@id\":\"https:\\\/\\\/lagranjafoods.com\\\/es\\\/#\\\/schema\\\/person\\\/8620ca73cfc2e9a8afd326de202a03db\"},\"headline\":\"Tarta de Cumplea\u00f1os Sin Gluten y Sin Lactosa\",\"datePublished\":\"2022-10-18T11:41:03+00:00\",\"dateModified\":\"2025-01-31T15:56:40+00:00\",\"mainEntityOfPage\":{\"@id\":\"https:\\\/\\\/lagranjafoods.com\\\/es\\\/tarta-de-cumpleanos-sin-gluten-y-sin-lactosa\\\/\"},\"wordCount\":281,\"publisher\":{\"@id\":\"https:\\\/\\\/lagranjafoods.com\\\/es\\\/#organization\"},\"image\":{\"@id\":\"https:\\\/\\\/lagranjafoods.com\\\/es\\\/tarta-de-cumpleanos-sin-gluten-y-sin-lactosa\\\/#primaryimage\"},\"thumbnailUrl\":\"https:\\\/\\\/lagranjafoods.com\\\/wp-content\\\/uploads\\\/15-1.jpg\",\"articleSection\":[\"Recetas\"],\"inLanguage\":\"es\"},{\"@type\":\"WebPage\",\"@id\":\"https:\\\/\\\/lagranjafoods.com\\\/es\\\/tarta-de-cumpleanos-sin-gluten-y-sin-lactosa\\\/\",\"url\":\"https:\\\/\\\/lagranjafoods.com\\\/es\\\/tarta-de-cumpleanos-sin-gluten-y-sin-lactosa\\\/\",\"name\":\"Tarta de Cumplea\u00f1os Sin Gluten y Sin Lactosa - La Granja Foods\",\"isPartOf\":{\"@id\":\"https:\\\/\\\/lagranjafoods.com\\\/es\\\/#website\"},\"primaryImageOfPage\":{\"@id\":\"https:\\\/\\\/lagranjafoods.com\\\/es\\\/tarta-de-cumpleanos-sin-gluten-y-sin-lactosa\\\/#primaryimage\"},\"image\":{\"@id\":\"https:\\\/\\\/lagranjafoods.com\\\/es\\\/tarta-de-cumpleanos-sin-gluten-y-sin-lactosa\\\/#primaryimage\"},\"thumbnailUrl\":\"https:\\\/\\\/lagranjafoods.com\\\/wp-content\\\/uploads\\\/15-1.jpg\",\"datePublished\":\"2022-10-18T11:41:03+00:00\",\"dateModified\":\"2025-01-31T15:56:40+00:00\",\"description\":\"INGREDIENTES Bizcocho Original Sin Gluten de La Granja 1 taza de frambuesas y ar\u00e1ndanos o frutos rojos al gusto Ralladura de la piel de media naranja 2\",\"breadcrumb\":{\"@id\":\"https:\\\/\\\/lagranjafoods.com\\\/es\\\/tarta-de-cumpleanos-sin-gluten-y-sin-lactosa\\\/#breadcrumb\"},\"inLanguage\":\"es\",\"potentialAction\":[{\"@type\":\"ReadAction\",\"target\":[\"https:\\\/\\\/lagranjafoods.com\\\/es\\\/tarta-de-cumpleanos-sin-gluten-y-sin-lactosa\\\/\"]}]},{\"@type\":\"ImageObject\",\"inLanguage\":\"es\",\"@id\":\"https:\\\/\\\/lagranjafoods.com\\\/es\\\/tarta-de-cumpleanos-sin-gluten-y-sin-lactosa\\\/#primaryimage\",\"url\":\"https:\\\/\\\/lagranjafoods.com\\\/wp-content\\\/uploads\\\/15-1.jpg\",\"contentUrl\":\"https:\\\/\\\/lagranjafoods.com\\\/wp-content\\\/uploads\\\/15-1.jpg\",\"width\":2000,\"height\":1500},{\"@type\":\"BreadcrumbList\",\"@id\":\"https:\\\/\\\/lagranjafoods.com\\\/es\\\/tarta-de-cumpleanos-sin-gluten-y-sin-lactosa\\\/#breadcrumb\",\"itemListElement\":[{\"@type\":\"ListItem\",\"position\":1,\"name\":\"Portada\",\"item\":\"https:\\\/\\\/lagranjafoods.com\\\/es\\\/\"},{\"@type\":\"ListItem\",\"position\":2,\"name\":\"Tarta de Cumplea\u00f1os Sin Gluten y Sin Lactosa\"}]},{\"@type\":\"WebSite\",\"@id\":\"https:\\\/\\\/lagranjafoods.com\\\/es\\\/#website\",\"url\":\"https:\\\/\\\/lagranjafoods.com\\\/es\\\/\",\"name\":\"La Granja Foods\",\"description\":\"\u00a1Benvinguts a La Granja! Qualitat, sabor i frescor des de 1959.\",\"publisher\":{\"@id\":\"https:\\\/\\\/lagranjafoods.com\\\/es\\\/#organization\"},\"potentialAction\":[{\"@type\":\"SearchAction\",\"target\":{\"@type\":\"EntryPoint\",\"urlTemplate\":\"https:\\\/\\\/lagranjafoods.com\\\/es\\\/?s={search_term_string}\"},\"query-input\":{\"@type\":\"PropertyValueSpecification\",\"valueRequired\":true,\"valueName\":\"search_term_string\"}}],\"inLanguage\":\"es\"},{\"@type\":\"Organization\",\"@id\":\"https:\\\/\\\/lagranjafoods.com\\\/es\\\/#organization\",\"name\":\"La Granja Foods\",\"url\":\"https:\\\/\\\/lagranjafoods.com\\\/es\\\/\",\"logo\":{\"@type\":\"ImageObject\",\"inLanguage\":\"es\",\"@id\":\"https:\\\/\\\/lagranjafoods.com\\\/es\\\/#\\\/schema\\\/logo\\\/image\\\/\",\"url\":\"https:\\\/\\\/lagranjafoods.com\\\/wp-content\\\/uploads\\\/logo-lagranjafoods.png\",\"contentUrl\":\"https:\\\/\\\/lagranjafoods.com\\\/wp-content\\\/uploads\\\/logo-lagranjafoods.png\",\"width\":539,\"height\":158,\"caption\":\"La Granja Foods \"},\"image\":{\"@id\":\"https:\\\/\\\/lagranjafoods.com\\\/es\\\/#\\\/schema\\\/logo\\\/image\\\/\"}},{\"@type\":\"Person\",\"@id\":\"https:\\\/\\\/lagranjafoods.com\\\/es\\\/#\\\/schema\\\/person\\\/8620ca73cfc2e9a8afd326de202a03db\",\"name\":\"emfasi\",\"sameAs\":[\"http:\\\/\\\/lagranjafoods.com\"]}]}<\/script>\n<!-- \/ Yoast SEO plugin. -->","yoast_head_json":{"title":"Tarta de Cumplea\u00f1os Sin Gluten y Sin Lactosa - La Granja Foods","description":"INGREDIENTES Bizcocho Original Sin Gluten de La Granja 1 taza de frambuesas y ar\u00e1ndanos o frutos rojos al gusto Ralladura de la piel de media naranja 2","robots":{"index":"index","follow":"follow","max-snippet":"max-snippet:-1","max-image-preview":"max-image-preview:large","max-video-preview":"max-video-preview:-1"},"canonical":"https:\/\/lagranjafoods.com\/es\/tarta-de-cumpleanos-sin-gluten-y-sin-lactosa\/","og_locale":"es_ES","og_type":"article","og_title":"Tarta de Cumplea\u00f1os Sin Gluten y Sin Lactosa - La Granja Foods","og_description":"INGREDIENTES Bizcocho Original Sin Gluten de La Granja 1 taza de frambuesas y ar\u00e1ndanos o frutos rojos al gusto Ralladura de la piel de media naranja 2","og_url":"https:\/\/lagranjafoods.com\/es\/tarta-de-cumpleanos-sin-gluten-y-sin-lactosa\/","og_site_name":"La Granja Foods","article_published_time":"2022-10-18T11:41:03+00:00","article_modified_time":"2025-01-31T15:56:40+00:00","og_image":[{"width":2000,"height":1500,"url":"https:\/\/lagranjafoods.com\/wp-content\/uploads\/15-1.jpg","type":"image\/jpeg"}],"author":"emfasi","twitter_card":"summary_large_image","twitter_misc":{"Escrito por":"emfasi","Tiempo de lectura":"2 minuto"},"schema":{"@context":"https:\/\/schema.org","@graph":[{"@type":"Article","@id":"https:\/\/lagranjafoods.com\/es\/tarta-de-cumpleanos-sin-gluten-y-sin-lactosa\/#article","isPartOf":{"@id":"https:\/\/lagranjafoods.com\/es\/tarta-de-cumpleanos-sin-gluten-y-sin-lactosa\/"},"author":{"name":"emfasi","@id":"https:\/\/lagranjafoods.com\/es\/#\/schema\/person\/8620ca73cfc2e9a8afd326de202a03db"},"headline":"Tarta de Cumplea\u00f1os Sin Gluten y Sin Lactosa","datePublished":"2022-10-18T11:41:03+00:00","dateModified":"2025-01-31T15:56:40+00:00","mainEntityOfPage":{"@id":"https:\/\/lagranjafoods.com\/es\/tarta-de-cumpleanos-sin-gluten-y-sin-lactosa\/"},"wordCount":281,"publisher":{"@id":"https:\/\/lagranjafoods.com\/es\/#organization"},"image":{"@id":"https:\/\/lagranjafoods.com\/es\/tarta-de-cumpleanos-sin-gluten-y-sin-lactosa\/#primaryimage"},"thumbnailUrl":"https:\/\/lagranjafoods.com\/wp-content\/uploads\/15-1.jpg","articleSection":["Recetas"],"inLanguage":"es"},{"@type":"WebPage","@id":"https:\/\/lagranjafoods.com\/es\/tarta-de-cumpleanos-sin-gluten-y-sin-lactosa\/","url":"https:\/\/lagranjafoods.com\/es\/tarta-de-cumpleanos-sin-gluten-y-sin-lactosa\/","name":"Tarta de Cumplea\u00f1os Sin Gluten y Sin Lactosa - La Granja Foods","isPartOf":{"@id":"https:\/\/lagranjafoods.com\/es\/#website"},"primaryImageOfPage":{"@id":"https:\/\/lagranjafoods.com\/es\/tarta-de-cumpleanos-sin-gluten-y-sin-lactosa\/#primaryimage"},"image":{"@id":"https:\/\/lagranjafoods.com\/es\/tarta-de-cumpleanos-sin-gluten-y-sin-lactosa\/#primaryimage"},"thumbnailUrl":"https:\/\/lagranjafoods.com\/wp-content\/uploads\/15-1.jpg","datePublished":"2022-10-18T11:41:03+00:00","dateModified":"2025-01-31T15:56:40+00:00","description":"INGREDIENTES Bizcocho Original Sin Gluten de La Granja 1 taza de frambuesas y ar\u00e1ndanos o frutos rojos al gusto Ralladura de la piel de media naranja 2","breadcrumb":{"@id":"https:\/\/lagranjafoods.com\/es\/tarta-de-cumpleanos-sin-gluten-y-sin-lactosa\/#breadcrumb"},"inLanguage":"es","potentialAction":[{"@type":"ReadAction","target":["https:\/\/lagranjafoods.com\/es\/tarta-de-cumpleanos-sin-gluten-y-sin-lactosa\/"]}]},{"@type":"ImageObject","inLanguage":"es","@id":"https:\/\/lagranjafoods.com\/es\/tarta-de-cumpleanos-sin-gluten-y-sin-lactosa\/#primaryimage","url":"https:\/\/lagranjafoods.com\/wp-content\/uploads\/15-1.jpg","contentUrl":"https:\/\/lagranjafoods.com\/wp-content\/uploads\/15-1.jpg","width":2000,"height":1500},{"@type":"BreadcrumbList","@id":"https:\/\/lagranjafoods.com\/es\/tarta-de-cumpleanos-sin-gluten-y-sin-lactosa\/#breadcrumb","itemListElement":[{"@type":"ListItem","position":1,"name":"Portada","item":"https:\/\/lagranjafoods.com\/es\/"},{"@type":"ListItem","position":2,"name":"Tarta de Cumplea\u00f1os Sin Gluten y Sin Lactosa"}]},{"@type":"WebSite","@id":"https:\/\/lagranjafoods.com\/es\/#website","url":"https:\/\/lagranjafoods.com\/es\/","name":"La Granja Foods","description":"\u00a1Benvinguts a La Granja! Qualitat, sabor i frescor des de 1959.","publisher":{"@id":"https:\/\/lagranjafoods.com\/es\/#organization"},"potentialAction":[{"@type":"SearchAction","target":{"@type":"EntryPoint","urlTemplate":"https:\/\/lagranjafoods.com\/es\/?s={search_term_string}"},"query-input":{"@type":"PropertyValueSpecification","valueRequired":true,"valueName":"search_term_string"}}],"inLanguage":"es"},{"@type":"Organization","@id":"https:\/\/lagranjafoods.com\/es\/#organization","name":"La Granja Foods","url":"https:\/\/lagranjafoods.com\/es\/","logo":{"@type":"ImageObject","inLanguage":"es","@id":"https:\/\/lagranjafoods.com\/es\/#\/schema\/logo\/image\/","url":"https:\/\/lagranjafoods.com\/wp-content\/uploads\/logo-lagranjafoods.png","contentUrl":"https:\/\/lagranjafoods.com\/wp-content\/uploads\/logo-lagranjafoods.png","width":539,"height":158,"caption":"La Granja Foods "},"image":{"@id":"https:\/\/lagranjafoods.com\/es\/#\/schema\/logo\/image\/"}},{"@type":"Person","@id":"https:\/\/lagranjafoods.com\/es\/#\/schema\/person\/8620ca73cfc2e9a8afd326de202a03db","name":"emfasi","sameAs":["http:\/\/lagranjafoods.com"]}]}},"_links":{"self":[{"href":"https:\/\/lagranjafoods.com\/es\/wp-json\/wp\/v2\/posts\/1128","targetHints":{"allow":["GET"]}}],"collection":[{"href":"https:\/\/lagranjafoods.com\/es\/wp-json\/wp\/v2\/posts"}],"about":[{"href":"https:\/\/lagranjafoods.com\/es\/wp-json\/wp\/v2\/types\/post"}],"author":[{"embeddable":true,"href":"https:\/\/lagranjafoods.com\/es\/wp-json\/wp\/v2\/users\/1"}],"replies":[{"embeddable":true,"href":"https:\/\/lagranjafoods.com\/es\/wp-json\/wp\/v2\/comments?post=1128"}],"version-history":[{"count":0,"href":"https:\/\/lagranjafoods.com\/es\/wp-json\/wp\/v2\/posts\/1128\/revisions"}],"wp:featuredmedia":[{"embeddable":true,"href":"https:\/\/lagranjafoods.com\/es\/wp-json\/wp\/v2\/media\/870"}],"wp:attachment":[{"href":"https:\/\/lagranjafoods.com\/es\/wp-json\/wp\/v2\/media?parent=1128"}],"wp:term":[{"taxonomy":"category","embeddable":true,"href":"https:\/\/lagranjafoods.com\/es\/wp-json\/wp\/v2\/categories?post=1128"},{"taxonomy":"post_tag","embeddable":true,"href":"https:\/\/lagranjafoods.com\/es\/wp-json\/wp\/v2\/tags?post=1128"}],"curies":[{"name":"wp","href":"https:\/\/api.w.org\/{rel}","templated":true}]}}