{"id":58748,"date":"2023-03-01T10:02:07","date_gmt":"2023-03-01T10:02:07","guid":{"rendered":"https:\/\/lagranjafoods.com\/decora-tu-garlanda-en-familia\/"},"modified":"2026-08-18T08:43:03","modified_gmt":"2026-08-18T06:43:03","slug":"decora-tu-garlanda-en-familia","status":"publish","type":"post","link":"https:\/\/lagranjafoods.com\/ca\/decora-tu-garlanda-en-familia\/","title":{"rendered":"Decora la teva garlanda en familia"},"content":{"rendered":"<h2>INGREDIENTS<\/h2>\n<ul>\n<li>1 Garlanda de La Granja Foods<\/li>\n<li>Ous i formes de chocolata de La Granja Foods<\/li>\n<li>Fruites al gust: maduixes, fruits vermells, taronjes, etc.<\/li>\n<li>300 ml de nata fresca per muntar<\/li>\n<li>2 taultes de chocolata amb llet o chocolata negre fondant<\/li>\n<li>2 cullerades de mantega<\/li>\n<\/ul>\n<h2>ELABORACI\u00d3<\/h2>\n<p>La idea d&#8217;aquesta recepta es gaudir-la en fam\u00edlia, i que els m\u00e9s petits de la casa puguin decorar-la al seu gust! Des de La Granja, et donem aquesta idea tan divertida. <\/p>\n<ol>\n<li>Comen\u00e7a tallant la Garlanda per la meitat per poder-la farcir. Talla les fruites en trossos petits i munta la nata fresca. Per muntar-la, utilitza 250 ml de nata. Per aconseguir una textura consistent, la nata ha d\u2019estar molt freda (pots posar-la al congelador durant 30 minuts abans de muntar-la). \u00c9s important utilitzar unes varetes manuals o el\u00e8ctriques i mai una batedora, ja que podria tallar la nata. Omple una m\u00e0niga pastissera amb la nata muntada, despr\u00e9s farceix la Garlanda i decora-la amb les fruites tallades (nosaltres hem utilitzat taronges).    <\/li>\n<li>Ara, prepararem la cobertura de xocolata per abocar-la per sobre de la Garlanda. En un cass\u00f3, posa-hi 50 ml de nata, la mantega i una rajola de xocolata. Remena fins que la barreja es desfaci i est\u00e9n-la per sobre de la Garlanda. Et recomanem fer aquest proc\u00e9s sobre una safata per evitar embrutar.   <\/li>\n<li>Ara arriba la part m\u00e9s divertida! Farem un niu de xocolata per posar-lo sobre la Garlanda i afegir-hi els ous. Al microones, desf\u00e9s la segona rajola de xocolata. Infla un globus i, amb una cullera, cobreix-lo amb la xocolata desfeta per formar un niu com el de la imatge. Refrigera\u2019l fins que la xocolata s\u2019endureixi i, quan estigui fred, punxa el globus per poder col\u00b7locar el niu sobre la Garlanda.    <\/li>\n<li>Decora-la al teu gust amb ous de xocolata, fruites, plomes o pollets&#8230; Com m\u00e9s imaginaci\u00f3, millor!<\/li>\n<\/ol>\n","protected":false},"excerpt":{"rendered":"<p>INGREDIENTS 1 Garlanda de La Granja Foods Ous i formes de chocolata de La Granja Foods Fruites al gust: maduixes, fruits vermells, taronjes, etc. 300 ml de nata fresca per &hellip;<\/p>\n","protected":false},"author":1,"featured_media":34344,"comment_status":"closed","ping_status":"open","sticky":false,"template":"","format":"standard","meta":{"_acf_changed":false,"mc4wp_mailchimp_campaign":[],"footnotes":""},"categories":[82],"tags":[],"class_list":["post-58748","post","type-post","status-publish","format-standard","has-post-thumbnail","hentry","category-receptes"],"acf":[],"yoast_head":"<!-- This site is optimized with the Yoast SEO plugin v28.3 - https:\/\/yoast.com\/product\/yoast-seo-wordpress\/ -->\n<title>Decora la teva garlanda en familia - La Granja Foods<\/title>\n<meta name=\"description\" content=\"Gaudeix decorant la teva Garlanda amb la fam\u00edlia. \u00c9s perfecta per a totes les edats!\" \/>\n<meta name=\"robots\" content=\"index, follow, max-snippet:-1, max-image-preview:large, max-video-preview:-1\" \/>\n<link rel=\"canonical\" href=\"https:\/\/lagranjafoods.com\/ca\/decora-tu-garlanda-en-familia\/\" \/>\n<meta property=\"og:locale\" content=\"ca_ES\" \/>\n<meta property=\"og:type\" content=\"article\" \/>\n<meta property=\"og:title\" content=\"Decora la teva garlanda en familia - La Granja Foods\" \/>\n<meta property=\"og:description\" content=\"Gaudeix decorant la teva Garlanda amb la fam\u00edlia. \u00c9s perfecta per a totes les edats!\" \/>\n<meta property=\"og:url\" content=\"https:\/\/lagranjafoods.com\/ca\/decora-tu-garlanda-en-familia\/\" \/>\n<meta property=\"og:site_name\" content=\"La Granja Foods\" \/>\n<meta property=\"article:published_time\" content=\"2023-03-01T10:02:07+00:00\" \/>\n<meta property=\"article:modified_time\" content=\"2026-08-18T06:43:03+00:00\" \/>\n<meta property=\"og:image\" content=\"https:\/\/lagranjafoods.com\/wp-content\/uploads\/Recetario-garlanda-3.jpg\" \/>\n\t<meta property=\"og:image:width\" content=\"2000\" \/>\n\t<meta property=\"og:image:height\" content=\"1500\" \/>\n\t<meta property=\"og:image:type\" content=\"image\/jpeg\" \/>\n<meta name=\"author\" content=\"emfasi\" \/>\n<meta name=\"twitter:card\" content=\"summary_large_image\" \/>\n<meta name=\"twitter:label1\" content=\"Escrit per\" \/>\n\t<meta name=\"twitter:data1\" content=\"emfasi\" \/>\n\t<meta name=\"twitter:label2\" content=\"Temps estimat de lectura\" \/>\n\t<meta name=\"twitter:data2\" content=\"2 minut\" \/>\n<script type=\"application\/ld+json\" class=\"yoast-schema-graph\">{\"@context\":\"https:\\\/\\\/schema.org\",\"@graph\":[{\"@type\":\"Article\",\"@id\":\"https:\\\/\\\/lagranjafoods.com\\\/ca\\\/decora-tu-garlanda-en-familia\\\/#article\",\"isPartOf\":{\"@id\":\"https:\\\/\\\/lagranjafoods.com\\\/ca\\\/decora-tu-garlanda-en-familia\\\/\"},\"author\":{\"name\":\"emfasi\",\"@id\":\"https:\\\/\\\/lagranjafoods.com\\\/ca\\\/#\\\/schema\\\/person\\\/8620ca73cfc2e9a8afd326de202a03db\"},\"headline\":\"Decora la teva garlanda en familia\",\"datePublished\":\"2023-03-01T10:02:07+00:00\",\"dateModified\":\"2026-08-18T06:43:03+00:00\",\"mainEntityOfPage\":{\"@id\":\"https:\\\/\\\/lagranjafoods.com\\\/ca\\\/decora-tu-garlanda-en-familia\\\/\"},\"wordCount\":320,\"publisher\":{\"@id\":\"https:\\\/\\\/lagranjafoods.com\\\/ca\\\/#organization\"},\"image\":{\"@id\":\"https:\\\/\\\/lagranjafoods.com\\\/ca\\\/decora-tu-garlanda-en-familia\\\/#primaryimage\"},\"thumbnailUrl\":\"https:\\\/\\\/lagranjafoods.com\\\/wp-content\\\/uploads\\\/Recetario-garlanda-3.jpg\",\"articleSection\":[\"Receptes\"],\"inLanguage\":\"ca\"},{\"@type\":\"WebPage\",\"@id\":\"https:\\\/\\\/lagranjafoods.com\\\/ca\\\/decora-tu-garlanda-en-familia\\\/\",\"url\":\"https:\\\/\\\/lagranjafoods.com\\\/ca\\\/decora-tu-garlanda-en-familia\\\/\",\"name\":\"Decora la teva garlanda en familia - La Granja Foods\",\"isPartOf\":{\"@id\":\"https:\\\/\\\/lagranjafoods.com\\\/ca\\\/#website\"},\"primaryImageOfPage\":{\"@id\":\"https:\\\/\\\/lagranjafoods.com\\\/ca\\\/decora-tu-garlanda-en-familia\\\/#primaryimage\"},\"image\":{\"@id\":\"https:\\\/\\\/lagranjafoods.com\\\/ca\\\/decora-tu-garlanda-en-familia\\\/#primaryimage\"},\"thumbnailUrl\":\"https:\\\/\\\/lagranjafoods.com\\\/wp-content\\\/uploads\\\/Recetario-garlanda-3.jpg\",\"datePublished\":\"2023-03-01T10:02:07+00:00\",\"dateModified\":\"2026-08-18T06:43:03+00:00\",\"description\":\"Gaudeix decorant la teva Garlanda amb la fam\u00edlia. \u00c9s perfecta per a totes les edats!\",\"breadcrumb\":{\"@id\":\"https:\\\/\\\/lagranjafoods.com\\\/ca\\\/decora-tu-garlanda-en-familia\\\/#breadcrumb\"},\"inLanguage\":\"ca\",\"potentialAction\":[{\"@type\":\"ReadAction\",\"target\":[\"https:\\\/\\\/lagranjafoods.com\\\/ca\\\/decora-tu-garlanda-en-familia\\\/\"]}]},{\"@type\":\"ImageObject\",\"inLanguage\":\"ca\",\"@id\":\"https:\\\/\\\/lagranjafoods.com\\\/ca\\\/decora-tu-garlanda-en-familia\\\/#primaryimage\",\"url\":\"https:\\\/\\\/lagranjafoods.com\\\/wp-content\\\/uploads\\\/Recetario-garlanda-3.jpg\",\"contentUrl\":\"https:\\\/\\\/lagranjafoods.com\\\/wp-content\\\/uploads\\\/Recetario-garlanda-3.jpg\",\"width\":2000,\"height\":1500},{\"@type\":\"BreadcrumbList\",\"@id\":\"https:\\\/\\\/lagranjafoods.com\\\/ca\\\/decora-tu-garlanda-en-familia\\\/#breadcrumb\",\"itemListElement\":[{\"@type\":\"ListItem\",\"position\":1,\"name\":\"Portada\",\"item\":\"https:\\\/\\\/lagranjafoods.com\\\/ca\\\/\"},{\"@type\":\"ListItem\",\"position\":2,\"name\":\"Decora la teva garlanda en familia\"}]},{\"@type\":\"WebSite\",\"@id\":\"https:\\\/\\\/lagranjafoods.com\\\/ca\\\/#website\",\"url\":\"https:\\\/\\\/lagranjafoods.com\\\/ca\\\/\",\"name\":\"La Granja Foods\",\"description\":\"\u00a1Benvinguts a La Granja! Qualitat, sabor i frescor des de 1959.\",\"publisher\":{\"@id\":\"https:\\\/\\\/lagranjafoods.com\\\/ca\\\/#organization\"},\"potentialAction\":[{\"@type\":\"SearchAction\",\"target\":{\"@type\":\"EntryPoint\",\"urlTemplate\":\"https:\\\/\\\/lagranjafoods.com\\\/ca\\\/?s={search_term_string}\"},\"query-input\":{\"@type\":\"PropertyValueSpecification\",\"valueRequired\":true,\"valueName\":\"search_term_string\"}}],\"inLanguage\":\"ca\"},{\"@type\":\"Organization\",\"@id\":\"https:\\\/\\\/lagranjafoods.com\\\/ca\\\/#organization\",\"name\":\"La Granja Foods\",\"url\":\"https:\\\/\\\/lagranjafoods.com\\\/ca\\\/\",\"logo\":{\"@type\":\"ImageObject\",\"inLanguage\":\"ca\",\"@id\":\"https:\\\/\\\/lagranjafoods.com\\\/ca\\\/#\\\/schema\\\/logo\\\/image\\\/\",\"url\":\"https:\\\/\\\/lagranjafoods.com\\\/wp-content\\\/uploads\\\/logo-lagranjafoods.png\",\"contentUrl\":\"https:\\\/\\\/lagranjafoods.com\\\/wp-content\\\/uploads\\\/logo-lagranjafoods.png\",\"width\":539,\"height\":158,\"caption\":\"La Granja Foods \"},\"image\":{\"@id\":\"https:\\\/\\\/lagranjafoods.com\\\/ca\\\/#\\\/schema\\\/logo\\\/image\\\/\"}},{\"@type\":\"Person\",\"@id\":\"https:\\\/\\\/lagranjafoods.com\\\/ca\\\/#\\\/schema\\\/person\\\/8620ca73cfc2e9a8afd326de202a03db\",\"name\":\"emfasi\",\"sameAs\":[\"http:\\\/\\\/lagranjafoods.com\"]}]}<\/script>\n<!-- \/ Yoast SEO plugin. -->","yoast_head_json":{"title":"Decora la teva garlanda en familia - La Granja Foods","description":"Gaudeix decorant la teva Garlanda amb la fam\u00edlia. \u00c9s perfecta per a totes les edats!","robots":{"index":"index","follow":"follow","max-snippet":"max-snippet:-1","max-image-preview":"max-image-preview:large","max-video-preview":"max-video-preview:-1"},"canonical":"https:\/\/lagranjafoods.com\/ca\/decora-tu-garlanda-en-familia\/","og_locale":"ca_ES","og_type":"article","og_title":"Decora la teva garlanda en familia - La Granja Foods","og_description":"Gaudeix decorant la teva Garlanda amb la fam\u00edlia. \u00c9s perfecta per a totes les edats!","og_url":"https:\/\/lagranjafoods.com\/ca\/decora-tu-garlanda-en-familia\/","og_site_name":"La Granja Foods","article_published_time":"2023-03-01T10:02:07+00:00","article_modified_time":"2026-08-18T06:43:03+00:00","og_image":[{"width":2000,"height":1500,"url":"https:\/\/lagranjafoods.com\/wp-content\/uploads\/Recetario-garlanda-3.jpg","type":"image\/jpeg"}],"author":"emfasi","twitter_card":"summary_large_image","twitter_misc":{"Escrit per":"emfasi","Temps estimat de lectura":"2 minut"},"schema":{"@context":"https:\/\/schema.org","@graph":[{"@type":"Article","@id":"https:\/\/lagranjafoods.com\/ca\/decora-tu-garlanda-en-familia\/#article","isPartOf":{"@id":"https:\/\/lagranjafoods.com\/ca\/decora-tu-garlanda-en-familia\/"},"author":{"name":"emfasi","@id":"https:\/\/lagranjafoods.com\/ca\/#\/schema\/person\/8620ca73cfc2e9a8afd326de202a03db"},"headline":"Decora la teva garlanda en familia","datePublished":"2023-03-01T10:02:07+00:00","dateModified":"2026-08-18T06:43:03+00:00","mainEntityOfPage":{"@id":"https:\/\/lagranjafoods.com\/ca\/decora-tu-garlanda-en-familia\/"},"wordCount":320,"publisher":{"@id":"https:\/\/lagranjafoods.com\/ca\/#organization"},"image":{"@id":"https:\/\/lagranjafoods.com\/ca\/decora-tu-garlanda-en-familia\/#primaryimage"},"thumbnailUrl":"https:\/\/lagranjafoods.com\/wp-content\/uploads\/Recetario-garlanda-3.jpg","articleSection":["Receptes"],"inLanguage":"ca"},{"@type":"WebPage","@id":"https:\/\/lagranjafoods.com\/ca\/decora-tu-garlanda-en-familia\/","url":"https:\/\/lagranjafoods.com\/ca\/decora-tu-garlanda-en-familia\/","name":"Decora la teva garlanda en familia - La Granja Foods","isPartOf":{"@id":"https:\/\/lagranjafoods.com\/ca\/#website"},"primaryImageOfPage":{"@id":"https:\/\/lagranjafoods.com\/ca\/decora-tu-garlanda-en-familia\/#primaryimage"},"image":{"@id":"https:\/\/lagranjafoods.com\/ca\/decora-tu-garlanda-en-familia\/#primaryimage"},"thumbnailUrl":"https:\/\/lagranjafoods.com\/wp-content\/uploads\/Recetario-garlanda-3.jpg","datePublished":"2023-03-01T10:02:07+00:00","dateModified":"2026-08-18T06:43:03+00:00","description":"Gaudeix decorant la teva Garlanda amb la fam\u00edlia. \u00c9s perfecta per a totes les edats!","breadcrumb":{"@id":"https:\/\/lagranjafoods.com\/ca\/decora-tu-garlanda-en-familia\/#breadcrumb"},"inLanguage":"ca","potentialAction":[{"@type":"ReadAction","target":["https:\/\/lagranjafoods.com\/ca\/decora-tu-garlanda-en-familia\/"]}]},{"@type":"ImageObject","inLanguage":"ca","@id":"https:\/\/lagranjafoods.com\/ca\/decora-tu-garlanda-en-familia\/#primaryimage","url":"https:\/\/lagranjafoods.com\/wp-content\/uploads\/Recetario-garlanda-3.jpg","contentUrl":"https:\/\/lagranjafoods.com\/wp-content\/uploads\/Recetario-garlanda-3.jpg","width":2000,"height":1500},{"@type":"BreadcrumbList","@id":"https:\/\/lagranjafoods.com\/ca\/decora-tu-garlanda-en-familia\/#breadcrumb","itemListElement":[{"@type":"ListItem","position":1,"name":"Portada","item":"https:\/\/lagranjafoods.com\/ca\/"},{"@type":"ListItem","position":2,"name":"Decora la teva garlanda en familia"}]},{"@type":"WebSite","@id":"https:\/\/lagranjafoods.com\/ca\/#website","url":"https:\/\/lagranjafoods.com\/ca\/","name":"La Granja Foods","description":"\u00a1Benvinguts a La Granja! Qualitat, sabor i frescor des de 1959.","publisher":{"@id":"https:\/\/lagranjafoods.com\/ca\/#organization"},"potentialAction":[{"@type":"SearchAction","target":{"@type":"EntryPoint","urlTemplate":"https:\/\/lagranjafoods.com\/ca\/?s={search_term_string}"},"query-input":{"@type":"PropertyValueSpecification","valueRequired":true,"valueName":"search_term_string"}}],"inLanguage":"ca"},{"@type":"Organization","@id":"https:\/\/lagranjafoods.com\/ca\/#organization","name":"La Granja Foods","url":"https:\/\/lagranjafoods.com\/ca\/","logo":{"@type":"ImageObject","inLanguage":"ca","@id":"https:\/\/lagranjafoods.com\/ca\/#\/schema\/logo\/image\/","url":"https:\/\/lagranjafoods.com\/wp-content\/uploads\/logo-lagranjafoods.png","contentUrl":"https:\/\/lagranjafoods.com\/wp-content\/uploads\/logo-lagranjafoods.png","width":539,"height":158,"caption":"La Granja Foods "},"image":{"@id":"https:\/\/lagranjafoods.com\/ca\/#\/schema\/logo\/image\/"}},{"@type":"Person","@id":"https:\/\/lagranjafoods.com\/ca\/#\/schema\/person\/8620ca73cfc2e9a8afd326de202a03db","name":"emfasi","sameAs":["http:\/\/lagranjafoods.com"]}]}},"_links":{"self":[{"href":"https:\/\/lagranjafoods.com\/ca\/wp-json\/wp\/v2\/posts\/58748","targetHints":{"allow":["GET"]}}],"collection":[{"href":"https:\/\/lagranjafoods.com\/ca\/wp-json\/wp\/v2\/posts"}],"about":[{"href":"https:\/\/lagranjafoods.com\/ca\/wp-json\/wp\/v2\/types\/post"}],"author":[{"embeddable":true,"href":"https:\/\/lagranjafoods.com\/ca\/wp-json\/wp\/v2\/users\/1"}],"replies":[{"embeddable":true,"href":"https:\/\/lagranjafoods.com\/ca\/wp-json\/wp\/v2\/comments?post=58748"}],"version-history":[{"count":1,"href":"https:\/\/lagranjafoods.com\/ca\/wp-json\/wp\/v2\/posts\/58748\/revisions"}],"predecessor-version":[{"id":58749,"href":"https:\/\/lagranjafoods.com\/ca\/wp-json\/wp\/v2\/posts\/58748\/revisions\/58749"}],"wp:featuredmedia":[{"embeddable":true,"href":"https:\/\/lagranjafoods.com\/ca\/wp-json\/wp\/v2\/media\/34344"}],"wp:attachment":[{"href":"https:\/\/lagranjafoods.com\/ca\/wp-json\/wp\/v2\/media?parent=58748"}],"wp:term":[{"taxonomy":"category","embeddable":true,"href":"https:\/\/lagranjafoods.com\/ca\/wp-json\/wp\/v2\/categories?post=58748"},{"taxonomy":"post_tag","embeddable":true,"href":"https:\/\/lagranjafoods.com\/ca\/wp-json\/wp\/v2\/tags?post=58748"}],"curies":[{"name":"wp","href":"https:\/\/api.w.org\/{rel}","templated":true}]}}