{"id":58615,"date":"2026-08-05T09:49:55","date_gmt":"2026-08-05T07:49:55","guid":{"rendered":"https:\/\/lagranjafoods.com\/?p=58615"},"modified":"2026-08-05T09:49:55","modified_gmt":"2026-08-05T07:49:55","slug":"carme-gol-guardonada-amb-el-premi-dona-dempresa-de-la-fegp","status":"publish","type":"post","link":"https:\/\/lagranjafoods.com\/ca\/carme-gol-guardonada-amb-el-premi-dona-dempresa-de-la-fegp\/","title":{"rendered":"Carme Gol, guardonada amb el premi Dona d&#8217;empresa de la FEGP"},"content":{"rendered":"<p style=\"text-align: left;\">El passat 11 de juny, la nostra presidenta, Carme Gol, va ser guardonada amb el Premi FEGP Dona d\u2019Empresa 2026. Es tracta d\u2019un reconeixement molt merescut que la consolida com una figura clau de lideratge dins l\u2019empresa i posa en valor la seva traject\u00f2ria al capdavant de l\u2019organitzaci\u00f3, fruit del seu comprom\u00eds i la seva dedicaci\u00f3 constants.<\/p>\n<p>Aquest guard\u00f3 posa especialment en valor un model de lideratge que transcendeix la gesti\u00f3 del dia a dia i que es construeix des d\u2019una visi\u00f3 de llarg recorregut, orientada a la millora cont\u00ednua, la sostenibilitat del projecte i el creixement compartit de l\u2019organitzaci\u00f3.<\/p>\n<p>Alhora, aquest premi reafirma la import\u00e0ncia del lideratge femen\u00ed en el m\u00f3n empresarial i reconeix el paper i l\u2019esfor\u00e7 de dones com la Carme, que promouen i lideren iniciatives fermes i sostenibles, amb un impacte tangible en el desenvolupament social i econ\u00f2mic del territori.<\/p>\n<p>Aquest reconeixement tamb\u00e9 serveix d\u2019inspiraci\u00f3 per continuar impulsant un model empresarial basat en el comprom\u00eds, la innovaci\u00f3 i la creaci\u00f3 de valor, posant en relleu la contribuci\u00f3 de les dones al teixit empresarial i al progr\u00e9s de la societat.<\/p>\n<p>Per a Carme Gol, aquest reconeixement \u00e9s tamb\u00e9 un homenatge a totes les persones que contribueixen dia rere dia al creixement de l\u2019empresa:<\/p>\n<p>\u00abEstic emocionada i agra\u00efda per haver rebut el Premi de la Nit de l\u2019Empresa 2026 de la FEGP. Aquest reconeixement no \u00e9s nom\u00e9s meu, sin\u00f3 de totes les dones i els homes que formem part de La Granja. Amb el seu comprom\u00eds, esfor\u00e7 i passi\u00f3, fem possible cada dia aquest projecte que tant estimem. Gr\u00e0cies a la FEGP i al col\u00b7lectiu Dones d\u2019Empresa per aquesta distinci\u00f3, i gr\u00e0cies a tot l\u2019equip de La Granja per fer-ho possible.\u00bb<\/p>\n<p>Enhorabona, Carme! Gaudeix molt d\u2019aquest merescut premi. T\u2019ho mereixes!<\/p>\n","protected":false},"excerpt":{"rendered":"<p>El passat 11 de juny, la nostra presidenta, Carme Gol, va ser guardonada amb el Premi FEGP Dona d\u2019Empresa 2026. Es tracta d\u2019un reconeixement molt merescut que la consolida com &hellip;<\/p>\n","protected":false},"author":565,"featured_media":58619,"comment_status":"closed","ping_status":"closed","sticky":false,"template":"","format":"standard","meta":{"_acf_changed":false,"mc4wp_mailchimp_campaign":[],"footnotes":""},"categories":[81],"tags":[],"class_list":["post-58615","post","type-post","status-publish","format-standard","has-post-thumbnail","hentry","category-news-ca"],"acf":[],"yoast_head":"<!-- This site is optimized with the Yoast SEO plugin v28.3 - https:\/\/yoast.com\/product\/yoast-seo-wordpress\/ -->\n<title>Carme Gol, guardonada amb el premi Dona d&#039;empresa de la FEGP - La Granja Foods<\/title>\n<meta name=\"description\" content=\"Carme Gol, presidenta de La Granja, ha estat guardonada amb el Premi Dona d\u2019Empresa 2026 de la FEGP.\" \/>\n<meta name=\"robots\" content=\"index, follow, max-snippet:-1, max-image-preview:large, max-video-preview:-1\" \/>\n<link rel=\"canonical\" href=\"https:\/\/lagranjafoods.com\/ca\/carme-gol-guardonada-amb-el-premi-dona-dempresa-de-la-fegp\/\" \/>\n<meta property=\"og:locale\" content=\"ca_ES\" \/>\n<meta property=\"og:type\" content=\"article\" \/>\n<meta property=\"og:title\" content=\"Carme Gol, guardonada amb el premi Dona d&#039;empresa de la FEGP - La Granja Foods\" \/>\n<meta property=\"og:description\" content=\"Carme Gol, presidenta de La Granja, ha estat guardonada amb el Premi Dona d\u2019Empresa 2026 de la FEGP.\" \/>\n<meta property=\"og:url\" content=\"https:\/\/lagranjafoods.com\/ca\/carme-gol-guardonada-amb-el-premi-dona-dempresa-de-la-fegp\/\" \/>\n<meta property=\"og:site_name\" content=\"La Granja Foods\" \/>\n<meta property=\"article:published_time\" content=\"2026-08-05T07:49:55+00:00\" \/>\n<meta property=\"og:image\" content=\"https:\/\/lagranjafoods.com\/wp-content\/uploads\/Premi-FEGP-2026-1024x768.png\" \/>\n\t<meta property=\"og:image:width\" content=\"1024\" \/>\n\t<meta property=\"og:image:height\" content=\"768\" \/>\n\t<meta property=\"og:image:type\" content=\"image\/png\" \/>\n<meta name=\"author\" content=\"conta\" \/>\n<meta name=\"twitter:card\" content=\"summary_large_image\" \/>\n<meta name=\"twitter:label1\" content=\"Escrit per\" \/>\n\t<meta name=\"twitter:data1\" content=\"conta\" \/>\n\t<meta name=\"twitter:label2\" content=\"Temps estimat de lectura\" \/>\n\t<meta name=\"twitter:data2\" content=\"2 minut\" \/>\n<script type=\"application\/ld+json\" class=\"yoast-schema-graph\">{\"@context\":\"https:\\\/\\\/schema.org\",\"@graph\":[{\"@type\":\"Article\",\"@id\":\"https:\\\/\\\/lagranjafoods.com\\\/ca\\\/carme-gol-guardonada-amb-el-premi-dona-dempresa-de-la-fegp\\\/#article\",\"isPartOf\":{\"@id\":\"https:\\\/\\\/lagranjafoods.com\\\/ca\\\/carme-gol-guardonada-amb-el-premi-dona-dempresa-de-la-fegp\\\/\"},\"author\":{\"name\":\"conta\",\"@id\":\"https:\\\/\\\/lagranjafoods.com\\\/ca\\\/#\\\/schema\\\/person\\\/a09ef344e5c3da6e521ed0a69afd694c\"},\"headline\":\"Carme Gol, guardonada amb el premi Dona d&#8217;empresa de la FEGP\",\"datePublished\":\"2026-08-05T07:49:55+00:00\",\"mainEntityOfPage\":{\"@id\":\"https:\\\/\\\/lagranjafoods.com\\\/ca\\\/carme-gol-guardonada-amb-el-premi-dona-dempresa-de-la-fegp\\\/\"},\"wordCount\":329,\"publisher\":{\"@id\":\"https:\\\/\\\/lagranjafoods.com\\\/ca\\\/#organization\"},\"image\":{\"@id\":\"https:\\\/\\\/lagranjafoods.com\\\/ca\\\/carme-gol-guardonada-amb-el-premi-dona-dempresa-de-la-fegp\\\/#primaryimage\"},\"thumbnailUrl\":\"https:\\\/\\\/lagranjafoods.com\\\/wp-content\\\/uploads\\\/Premi-FEGP-2026.png\",\"articleSection\":[\"News\"],\"inLanguage\":\"ca\"},{\"@type\":\"WebPage\",\"@id\":\"https:\\\/\\\/lagranjafoods.com\\\/ca\\\/carme-gol-guardonada-amb-el-premi-dona-dempresa-de-la-fegp\\\/\",\"url\":\"https:\\\/\\\/lagranjafoods.com\\\/ca\\\/carme-gol-guardonada-amb-el-premi-dona-dempresa-de-la-fegp\\\/\",\"name\":\"Carme Gol, guardonada amb el premi Dona d'empresa de la FEGP - La Granja Foods\",\"isPartOf\":{\"@id\":\"https:\\\/\\\/lagranjafoods.com\\\/ca\\\/#website\"},\"primaryImageOfPage\":{\"@id\":\"https:\\\/\\\/lagranjafoods.com\\\/ca\\\/carme-gol-guardonada-amb-el-premi-dona-dempresa-de-la-fegp\\\/#primaryimage\"},\"image\":{\"@id\":\"https:\\\/\\\/lagranjafoods.com\\\/ca\\\/carme-gol-guardonada-amb-el-premi-dona-dempresa-de-la-fegp\\\/#primaryimage\"},\"thumbnailUrl\":\"https:\\\/\\\/lagranjafoods.com\\\/wp-content\\\/uploads\\\/Premi-FEGP-2026.png\",\"datePublished\":\"2026-08-05T07:49:55+00:00\",\"description\":\"Carme Gol, presidenta de La Granja, ha estat guardonada amb el Premi Dona d\u2019Empresa 2026 de la FEGP.\",\"breadcrumb\":{\"@id\":\"https:\\\/\\\/lagranjafoods.com\\\/ca\\\/carme-gol-guardonada-amb-el-premi-dona-dempresa-de-la-fegp\\\/#breadcrumb\"},\"inLanguage\":\"ca\",\"potentialAction\":[{\"@type\":\"ReadAction\",\"target\":[\"https:\\\/\\\/lagranjafoods.com\\\/ca\\\/carme-gol-guardonada-amb-el-premi-dona-dempresa-de-la-fegp\\\/\"]}]},{\"@type\":\"ImageObject\",\"inLanguage\":\"ca\",\"@id\":\"https:\\\/\\\/lagranjafoods.com\\\/ca\\\/carme-gol-guardonada-amb-el-premi-dona-dempresa-de-la-fegp\\\/#primaryimage\",\"url\":\"https:\\\/\\\/lagranjafoods.com\\\/wp-content\\\/uploads\\\/Premi-FEGP-2026.png\",\"contentUrl\":\"https:\\\/\\\/lagranjafoods.com\\\/wp-content\\\/uploads\\\/Premi-FEGP-2026.png\",\"width\":2000,\"height\":1500},{\"@type\":\"BreadcrumbList\",\"@id\":\"https:\\\/\\\/lagranjafoods.com\\\/ca\\\/carme-gol-guardonada-amb-el-premi-dona-dempresa-de-la-fegp\\\/#breadcrumb\",\"itemListElement\":[{\"@type\":\"ListItem\",\"position\":1,\"name\":\"Portada\",\"item\":\"https:\\\/\\\/lagranjafoods.com\\\/ca\\\/\"},{\"@type\":\"ListItem\",\"position\":2,\"name\":\"Carme Gol, guardonada amb el premi Dona d&#8217;empresa de la FEGP\"}]},{\"@type\":\"WebSite\",\"@id\":\"https:\\\/\\\/lagranjafoods.com\\\/ca\\\/#website\",\"url\":\"https:\\\/\\\/lagranjafoods.com\\\/ca\\\/\",\"name\":\"La Granja Foods\",\"description\":\"\u00a1Benvinguts a La Granja! Qualitat, sabor i frescor des de 1959.\",\"publisher\":{\"@id\":\"https:\\\/\\\/lagranjafoods.com\\\/ca\\\/#organization\"},\"potentialAction\":[{\"@type\":\"SearchAction\",\"target\":{\"@type\":\"EntryPoint\",\"urlTemplate\":\"https:\\\/\\\/lagranjafoods.com\\\/ca\\\/?s={search_term_string}\"},\"query-input\":{\"@type\":\"PropertyValueSpecification\",\"valueRequired\":true,\"valueName\":\"search_term_string\"}}],\"inLanguage\":\"ca\"},{\"@type\":\"Organization\",\"@id\":\"https:\\\/\\\/lagranjafoods.com\\\/ca\\\/#organization\",\"name\":\"La Granja Foods\",\"url\":\"https:\\\/\\\/lagranjafoods.com\\\/ca\\\/\",\"logo\":{\"@type\":\"ImageObject\",\"inLanguage\":\"ca\",\"@id\":\"https:\\\/\\\/lagranjafoods.com\\\/ca\\\/#\\\/schema\\\/logo\\\/image\\\/\",\"url\":\"https:\\\/\\\/lagranjafoods.com\\\/wp-content\\\/uploads\\\/logo-lagranjafoods.png\",\"contentUrl\":\"https:\\\/\\\/lagranjafoods.com\\\/wp-content\\\/uploads\\\/logo-lagranjafoods.png\",\"width\":539,\"height\":158,\"caption\":\"La Granja Foods \"},\"image\":{\"@id\":\"https:\\\/\\\/lagranjafoods.com\\\/ca\\\/#\\\/schema\\\/logo\\\/image\\\/\"}},{\"@type\":\"Person\",\"@id\":\"https:\\\/\\\/lagranjafoods.com\\\/ca\\\/#\\\/schema\\\/person\\\/a09ef344e5c3da6e521ed0a69afd694c\",\"name\":\"conta\"}]}<\/script>\n<!-- \/ Yoast SEO plugin. -->","yoast_head_json":{"title":"Carme Gol, guardonada amb el premi Dona d'empresa de la FEGP - La Granja Foods","description":"Carme Gol, presidenta de La Granja, ha estat guardonada amb el Premi Dona d\u2019Empresa 2026 de la FEGP.","robots":{"index":"index","follow":"follow","max-snippet":"max-snippet:-1","max-image-preview":"max-image-preview:large","max-video-preview":"max-video-preview:-1"},"canonical":"https:\/\/lagranjafoods.com\/ca\/carme-gol-guardonada-amb-el-premi-dona-dempresa-de-la-fegp\/","og_locale":"ca_ES","og_type":"article","og_title":"Carme Gol, guardonada amb el premi Dona d'empresa de la FEGP - La Granja Foods","og_description":"Carme Gol, presidenta de La Granja, ha estat guardonada amb el Premi Dona d\u2019Empresa 2026 de la FEGP.","og_url":"https:\/\/lagranjafoods.com\/ca\/carme-gol-guardonada-amb-el-premi-dona-dempresa-de-la-fegp\/","og_site_name":"La Granja Foods","article_published_time":"2026-08-05T07:49:55+00:00","og_image":[{"width":1024,"height":768,"url":"https:\/\/lagranjafoods.com\/wp-content\/uploads\/Premi-FEGP-2026-1024x768.png","type":"image\/png"}],"author":"conta","twitter_card":"summary_large_image","twitter_misc":{"Escrit per":"conta","Temps estimat de lectura":"2 minut"},"schema":{"@context":"https:\/\/schema.org","@graph":[{"@type":"Article","@id":"https:\/\/lagranjafoods.com\/ca\/carme-gol-guardonada-amb-el-premi-dona-dempresa-de-la-fegp\/#article","isPartOf":{"@id":"https:\/\/lagranjafoods.com\/ca\/carme-gol-guardonada-amb-el-premi-dona-dempresa-de-la-fegp\/"},"author":{"name":"conta","@id":"https:\/\/lagranjafoods.com\/ca\/#\/schema\/person\/a09ef344e5c3da6e521ed0a69afd694c"},"headline":"Carme Gol, guardonada amb el premi Dona d&#8217;empresa de la FEGP","datePublished":"2026-08-05T07:49:55+00:00","mainEntityOfPage":{"@id":"https:\/\/lagranjafoods.com\/ca\/carme-gol-guardonada-amb-el-premi-dona-dempresa-de-la-fegp\/"},"wordCount":329,"publisher":{"@id":"https:\/\/lagranjafoods.com\/ca\/#organization"},"image":{"@id":"https:\/\/lagranjafoods.com\/ca\/carme-gol-guardonada-amb-el-premi-dona-dempresa-de-la-fegp\/#primaryimage"},"thumbnailUrl":"https:\/\/lagranjafoods.com\/wp-content\/uploads\/Premi-FEGP-2026.png","articleSection":["News"],"inLanguage":"ca"},{"@type":"WebPage","@id":"https:\/\/lagranjafoods.com\/ca\/carme-gol-guardonada-amb-el-premi-dona-dempresa-de-la-fegp\/","url":"https:\/\/lagranjafoods.com\/ca\/carme-gol-guardonada-amb-el-premi-dona-dempresa-de-la-fegp\/","name":"Carme Gol, guardonada amb el premi Dona d'empresa de la FEGP - La Granja Foods","isPartOf":{"@id":"https:\/\/lagranjafoods.com\/ca\/#website"},"primaryImageOfPage":{"@id":"https:\/\/lagranjafoods.com\/ca\/carme-gol-guardonada-amb-el-premi-dona-dempresa-de-la-fegp\/#primaryimage"},"image":{"@id":"https:\/\/lagranjafoods.com\/ca\/carme-gol-guardonada-amb-el-premi-dona-dempresa-de-la-fegp\/#primaryimage"},"thumbnailUrl":"https:\/\/lagranjafoods.com\/wp-content\/uploads\/Premi-FEGP-2026.png","datePublished":"2026-08-05T07:49:55+00:00","description":"Carme Gol, presidenta de La Granja, ha estat guardonada amb el Premi Dona d\u2019Empresa 2026 de la FEGP.","breadcrumb":{"@id":"https:\/\/lagranjafoods.com\/ca\/carme-gol-guardonada-amb-el-premi-dona-dempresa-de-la-fegp\/#breadcrumb"},"inLanguage":"ca","potentialAction":[{"@type":"ReadAction","target":["https:\/\/lagranjafoods.com\/ca\/carme-gol-guardonada-amb-el-premi-dona-dempresa-de-la-fegp\/"]}]},{"@type":"ImageObject","inLanguage":"ca","@id":"https:\/\/lagranjafoods.com\/ca\/carme-gol-guardonada-amb-el-premi-dona-dempresa-de-la-fegp\/#primaryimage","url":"https:\/\/lagranjafoods.com\/wp-content\/uploads\/Premi-FEGP-2026.png","contentUrl":"https:\/\/lagranjafoods.com\/wp-content\/uploads\/Premi-FEGP-2026.png","width":2000,"height":1500},{"@type":"BreadcrumbList","@id":"https:\/\/lagranjafoods.com\/ca\/carme-gol-guardonada-amb-el-premi-dona-dempresa-de-la-fegp\/#breadcrumb","itemListElement":[{"@type":"ListItem","position":1,"name":"Portada","item":"https:\/\/lagranjafoods.com\/ca\/"},{"@type":"ListItem","position":2,"name":"Carme Gol, guardonada amb el premi Dona d&#8217;empresa de la FEGP"}]},{"@type":"WebSite","@id":"https:\/\/lagranjafoods.com\/ca\/#website","url":"https:\/\/lagranjafoods.com\/ca\/","name":"La Granja Foods","description":"\u00a1Benvinguts a La Granja! Qualitat, sabor i frescor des de 1959.","publisher":{"@id":"https:\/\/lagranjafoods.com\/ca\/#organization"},"potentialAction":[{"@type":"SearchAction","target":{"@type":"EntryPoint","urlTemplate":"https:\/\/lagranjafoods.com\/ca\/?s={search_term_string}"},"query-input":{"@type":"PropertyValueSpecification","valueRequired":true,"valueName":"search_term_string"}}],"inLanguage":"ca"},{"@type":"Organization","@id":"https:\/\/lagranjafoods.com\/ca\/#organization","name":"La Granja Foods","url":"https:\/\/lagranjafoods.com\/ca\/","logo":{"@type":"ImageObject","inLanguage":"ca","@id":"https:\/\/lagranjafoods.com\/ca\/#\/schema\/logo\/image\/","url":"https:\/\/lagranjafoods.com\/wp-content\/uploads\/logo-lagranjafoods.png","contentUrl":"https:\/\/lagranjafoods.com\/wp-content\/uploads\/logo-lagranjafoods.png","width":539,"height":158,"caption":"La Granja Foods "},"image":{"@id":"https:\/\/lagranjafoods.com\/ca\/#\/schema\/logo\/image\/"}},{"@type":"Person","@id":"https:\/\/lagranjafoods.com\/ca\/#\/schema\/person\/a09ef344e5c3da6e521ed0a69afd694c","name":"conta"}]}},"_links":{"self":[{"href":"https:\/\/lagranjafoods.com\/ca\/wp-json\/wp\/v2\/posts\/58615","targetHints":{"allow":["GET"]}}],"collection":[{"href":"https:\/\/lagranjafoods.com\/ca\/wp-json\/wp\/v2\/posts"}],"about":[{"href":"https:\/\/lagranjafoods.com\/ca\/wp-json\/wp\/v2\/types\/post"}],"author":[{"embeddable":true,"href":"https:\/\/lagranjafoods.com\/ca\/wp-json\/wp\/v2\/users\/565"}],"replies":[{"embeddable":true,"href":"https:\/\/lagranjafoods.com\/ca\/wp-json\/wp\/v2\/comments?post=58615"}],"version-history":[{"count":1,"href":"https:\/\/lagranjafoods.com\/ca\/wp-json\/wp\/v2\/posts\/58615\/revisions"}],"predecessor-version":[{"id":58624,"href":"https:\/\/lagranjafoods.com\/ca\/wp-json\/wp\/v2\/posts\/58615\/revisions\/58624"}],"wp:featuredmedia":[{"embeddable":true,"href":"https:\/\/lagranjafoods.com\/ca\/wp-json\/wp\/v2\/media\/58619"}],"wp:attachment":[{"href":"https:\/\/lagranjafoods.com\/ca\/wp-json\/wp\/v2\/media?parent=58615"}],"wp:term":[{"taxonomy":"category","embeddable":true,"href":"https:\/\/lagranjafoods.com\/ca\/wp-json\/wp\/v2\/categories?post=58615"},{"taxonomy":"post_tag","embeddable":true,"href":"https:\/\/lagranjafoods.com\/ca\/wp-json\/wp\/v2\/tags?post=58615"}],"curies":[{"name":"wp","href":"https:\/\/api.w.org\/{rel}","templated":true}]}}