{"id":58523,"date":"2026-08-07T09:36:09","date_gmt":"2026-08-07T07:36:09","guid":{"rendered":"https:\/\/lagranjafoods.com\/?p=58523"},"modified":"2026-08-07T09:36:09","modified_gmt":"2026-08-07T07:36:09","slug":"col%c2%b7laboracio-amb-toni-ponce-competidor-als-jocs-paralimpics","status":"publish","type":"post","link":"https:\/\/lagranjafoods.com\/ca\/col%c2%b7laboracio-amb-toni-ponce-competidor-als-jocs-paralimpics\/","title":{"rendered":"Col\u00b7laboraci\u00f3 amb Toni Ponce competidor als Jocs Paral\u00edmpics"},"content":{"rendered":"<p class=\"isSelectedEnd\">A La Granja Foods ens apassiona l\u2019esport i, especialment, els valors que representa: l\u2019esfor\u00e7, la const\u00e0ncia, la disciplina i la superaci\u00f3. Per aix\u00f2, l\u2019any 2021 vam tenir l\u2019oportunitat d\u2019iniciar un patrocini i formar part d\u2019un projecte molt especial juntament amb Toni Ponce, nedador paral\u00edmpic i esportista classificat per als Jocs Paral\u00edmpics de T\u00f2quio 2020, celebrats l\u2019any 2021.<\/p>\n<p class=\"isSelectedEnd\">A trav\u00e9s d\u2019aquesta col\u00b7laboraci\u00f3, vam voler aportar el nostre granet de sorra per donar suport a la seva traject\u00f2ria esportiva i ajudar-lo a continuar competint al m\u00e9s alt nivell. Actualment, li donem suport a trav\u00e9s d\u2019un patrocini destinat a ajudar-lo a cobrir part de les despeses que comporten la seva preparaci\u00f3 i participaci\u00f3 en competicions.<\/p>\n<p class=\"isSelectedEnd\">Per\u00f2 aquesta col\u00b7laboraci\u00f3 va m\u00e9s enll\u00e0 del suport econ\u00f2mic. De tant en tant, en Toni ens visita a La Granja Foods per oferir-nos xerrades motivacionals i compartir amb nosaltres la seva experi\u00e8ncia, els reptes als quals s\u2019ha enfrontat i el seu proc\u00e9s de superaci\u00f3. S\u00f3n trobades que ens permeten con\u00e8ixer de primera m\u00e0 tot l\u2019esfor\u00e7 que hi ha darrere d\u2019un esportista d\u2019elit.<\/p>\n<p class=\"isSelectedEnd\">Des de l\u2019any 2021 continuem acompanyant-lo en la seva traject\u00f2ria esportiva, compartint els seus reptes i celebrant els seus \u00e8xits. Ens sentim molt orgullosos de mantenir aquesta col\u00b7laboraci\u00f3 al llarg del temps i de poder formar part, encara que sigui amb el nostre petit granet de sorra, del seu cam\u00ed.<\/p>\n<p class=\"isSelectedEnd\">En Toni Ponce \u00e9s un referent de l\u2019esport paral\u00edmpic i un exemple de superaci\u00f3. La seva dedicaci\u00f3, comprom\u00eds i passi\u00f3 per la nataci\u00f3 reflecteixen uns valors amb els quals ens sentim plenament identificats i que ens van motivar a iniciar aquesta col\u00b7laboraci\u00f3 i a continuar al seu costat.<\/p>\n<p>Volem felicitar en Toni per tots els \u00e8xits aconseguits, especialment per les seves dues medalles de plata als Jocs Paral\u00edmpics de T\u00f2quio 2021 i per la medalla de plata aconseguida novament a Par\u00eds 2024. Ens enorgulleix continuar acompanyant-lo i poder aprendre tamb\u00e9 d\u2019ell, tant de la seva traject\u00f2ria esportiva com de la seva hist\u00f2ria personal. Continuarem donant-li suport en els nous reptes que estiguin per arribar i celebrant cadascun dels seus \u00e8xits.<\/p>\n","protected":false},"excerpt":{"rendered":"<p>A La Granja Foods ens apassiona l\u2019esport i, especialment, els valors que representa: l\u2019esfor\u00e7, la const\u00e0ncia, la disciplina i la superaci\u00f3. Per aix\u00f2, l\u2019any 2021 vam tenir l\u2019oportunitat d\u2019iniciar un &hellip;<\/p>\n","protected":false},"author":565,"featured_media":58510,"comment_status":"closed","ping_status":"closed","sticky":false,"template":"","format":"standard","meta":{"_acf_changed":false,"mc4wp_mailchimp_campaign":[],"footnotes":""},"categories":[81],"tags":[],"class_list":["post-58523","post","type-post","status-publish","format-standard","has-post-thumbnail","hentry","category-news-ca"],"acf":[],"yoast_head":"<!-- This site is optimized with the Yoast SEO plugin v28.3 - https:\/\/yoast.com\/product\/yoast-seo-wordpress\/ -->\n<title>Col\u00b7laboraci\u00f3 amb Toni Ponce competidor als Jocs Paral\u00edmpics - La Granja Foods<\/title>\n<meta name=\"description\" content=\"La Granja Foods col\u00b7labora amb Toni Ponce, un referent de l&#039;esport paral\u00edmpic, inspirats per la seva capacitat de superaci\u00f3, comprom\u00eds i passi\u00f3.\" \/>\n<meta name=\"robots\" content=\"index, follow, max-snippet:-1, max-image-preview:large, max-video-preview:-1\" \/>\n<link rel=\"canonical\" href=\"https:\/\/lagranjafoods.com\/ca\/col%c2%b7laboracio-amb-toni-ponce-competidor-als-jocs-paralimpics\/\" \/>\n<meta property=\"og:locale\" content=\"ca_ES\" \/>\n<meta property=\"og:type\" content=\"article\" \/>\n<meta property=\"og:title\" content=\"Col\u00b7laboraci\u00f3 amb Toni Ponce competidor als Jocs Paral\u00edmpics - La Granja Foods\" \/>\n<meta property=\"og:description\" content=\"La Granja Foods col\u00b7labora amb Toni Ponce, un referent de l&#039;esport paral\u00edmpic, inspirats per la seva capacitat de superaci\u00f3, comprom\u00eds i passi\u00f3.\" \/>\n<meta property=\"og:url\" content=\"https:\/\/lagranjafoods.com\/ca\/col%c2%b7laboracio-amb-toni-ponce-competidor-als-jocs-paralimpics\/\" \/>\n<meta property=\"og:site_name\" content=\"La Granja Foods\" \/>\n<meta property=\"article:published_time\" content=\"2026-08-07T07:36:09+00:00\" \/>\n<meta property=\"og:image\" content=\"https:\/\/lagranjafoods.com\/wp-content\/uploads\/Colaboracion-Toni-Ponce-1024x768.png\" \/>\n\t<meta property=\"og:image:width\" content=\"1024\" \/>\n\t<meta property=\"og:image:height\" content=\"768\" \/>\n\t<meta property=\"og:image:type\" content=\"image\/png\" \/>\n<meta name=\"author\" content=\"conta\" \/>\n<meta name=\"twitter:card\" content=\"summary_large_image\" \/>\n<meta name=\"twitter:label1\" content=\"Escrit per\" \/>\n\t<meta name=\"twitter:data1\" content=\"conta\" \/>\n\t<meta name=\"twitter:label2\" content=\"Temps estimat de lectura\" \/>\n\t<meta name=\"twitter:data2\" content=\"2 minut\" \/>\n<script type=\"application\/ld+json\" class=\"yoast-schema-graph\">{\"@context\":\"https:\\\/\\\/schema.org\",\"@graph\":[{\"@type\":\"Article\",\"@id\":\"https:\\\/\\\/lagranjafoods.com\\\/ca\\\/col%c2%b7laboracio-amb-toni-ponce-competidor-als-jocs-paralimpics\\\/#article\",\"isPartOf\":{\"@id\":\"https:\\\/\\\/lagranjafoods.com\\\/ca\\\/col%c2%b7laboracio-amb-toni-ponce-competidor-als-jocs-paralimpics\\\/\"},\"author\":{\"name\":\"conta\",\"@id\":\"https:\\\/\\\/lagranjafoods.com\\\/ca\\\/#\\\/schema\\\/person\\\/a09ef344e5c3da6e521ed0a69afd694c\"},\"headline\":\"Col\u00b7laboraci\u00f3 amb Toni Ponce competidor als Jocs Paral\u00edmpics\",\"datePublished\":\"2026-08-07T07:36:09+00:00\",\"mainEntityOfPage\":{\"@id\":\"https:\\\/\\\/lagranjafoods.com\\\/ca\\\/col%c2%b7laboracio-amb-toni-ponce-competidor-als-jocs-paralimpics\\\/\"},\"wordCount\":390,\"publisher\":{\"@id\":\"https:\\\/\\\/lagranjafoods.com\\\/ca\\\/#organization\"},\"image\":{\"@id\":\"https:\\\/\\\/lagranjafoods.com\\\/ca\\\/col%c2%b7laboracio-amb-toni-ponce-competidor-als-jocs-paralimpics\\\/#primaryimage\"},\"thumbnailUrl\":\"https:\\\/\\\/lagranjafoods.com\\\/wp-content\\\/uploads\\\/Colaboracion-Toni-Ponce.png\",\"articleSection\":[\"News\"],\"inLanguage\":\"ca\"},{\"@type\":\"WebPage\",\"@id\":\"https:\\\/\\\/lagranjafoods.com\\\/ca\\\/col%c2%b7laboracio-amb-toni-ponce-competidor-als-jocs-paralimpics\\\/\",\"url\":\"https:\\\/\\\/lagranjafoods.com\\\/ca\\\/col%c2%b7laboracio-amb-toni-ponce-competidor-als-jocs-paralimpics\\\/\",\"name\":\"Col\u00b7laboraci\u00f3 amb Toni Ponce competidor als Jocs Paral\u00edmpics - La Granja Foods\",\"isPartOf\":{\"@id\":\"https:\\\/\\\/lagranjafoods.com\\\/ca\\\/#website\"},\"primaryImageOfPage\":{\"@id\":\"https:\\\/\\\/lagranjafoods.com\\\/ca\\\/col%c2%b7laboracio-amb-toni-ponce-competidor-als-jocs-paralimpics\\\/#primaryimage\"},\"image\":{\"@id\":\"https:\\\/\\\/lagranjafoods.com\\\/ca\\\/col%c2%b7laboracio-amb-toni-ponce-competidor-als-jocs-paralimpics\\\/#primaryimage\"},\"thumbnailUrl\":\"https:\\\/\\\/lagranjafoods.com\\\/wp-content\\\/uploads\\\/Colaboracion-Toni-Ponce.png\",\"datePublished\":\"2026-08-07T07:36:09+00:00\",\"description\":\"La Granja Foods col\u00b7labora amb Toni Ponce, un referent de l'esport paral\u00edmpic, inspirats per la seva capacitat de superaci\u00f3, comprom\u00eds i passi\u00f3.\",\"breadcrumb\":{\"@id\":\"https:\\\/\\\/lagranjafoods.com\\\/ca\\\/col%c2%b7laboracio-amb-toni-ponce-competidor-als-jocs-paralimpics\\\/#breadcrumb\"},\"inLanguage\":\"ca\",\"potentialAction\":[{\"@type\":\"ReadAction\",\"target\":[\"https:\\\/\\\/lagranjafoods.com\\\/ca\\\/col%c2%b7laboracio-amb-toni-ponce-competidor-als-jocs-paralimpics\\\/\"]}]},{\"@type\":\"ImageObject\",\"inLanguage\":\"ca\",\"@id\":\"https:\\\/\\\/lagranjafoods.com\\\/ca\\\/col%c2%b7laboracio-amb-toni-ponce-competidor-als-jocs-paralimpics\\\/#primaryimage\",\"url\":\"https:\\\/\\\/lagranjafoods.com\\\/wp-content\\\/uploads\\\/Colaboracion-Toni-Ponce.png\",\"contentUrl\":\"https:\\\/\\\/lagranjafoods.com\\\/wp-content\\\/uploads\\\/Colaboracion-Toni-Ponce.png\",\"width\":2000,\"height\":1500},{\"@type\":\"BreadcrumbList\",\"@id\":\"https:\\\/\\\/lagranjafoods.com\\\/ca\\\/col%c2%b7laboracio-amb-toni-ponce-competidor-als-jocs-paralimpics\\\/#breadcrumb\",\"itemListElement\":[{\"@type\":\"ListItem\",\"position\":1,\"name\":\"Portada\",\"item\":\"https:\\\/\\\/lagranjafoods.com\\\/ca\\\/\"},{\"@type\":\"ListItem\",\"position\":2,\"name\":\"Col\u00b7laboraci\u00f3 amb Toni Ponce competidor als Jocs Paral\u00edmpics\"}]},{\"@type\":\"WebSite\",\"@id\":\"https:\\\/\\\/lagranjafoods.com\\\/ca\\\/#website\",\"url\":\"https:\\\/\\\/lagranjafoods.com\\\/ca\\\/\",\"name\":\"La Granja Foods\",\"description\":\"\u00a1Benvinguts a La Granja! Qualitat, sabor i frescor des de 1959.\",\"publisher\":{\"@id\":\"https:\\\/\\\/lagranjafoods.com\\\/ca\\\/#organization\"},\"potentialAction\":[{\"@type\":\"SearchAction\",\"target\":{\"@type\":\"EntryPoint\",\"urlTemplate\":\"https:\\\/\\\/lagranjafoods.com\\\/ca\\\/?s={search_term_string}\"},\"query-input\":{\"@type\":\"PropertyValueSpecification\",\"valueRequired\":true,\"valueName\":\"search_term_string\"}}],\"inLanguage\":\"ca\"},{\"@type\":\"Organization\",\"@id\":\"https:\\\/\\\/lagranjafoods.com\\\/ca\\\/#organization\",\"name\":\"La Granja Foods\",\"url\":\"https:\\\/\\\/lagranjafoods.com\\\/ca\\\/\",\"logo\":{\"@type\":\"ImageObject\",\"inLanguage\":\"ca\",\"@id\":\"https:\\\/\\\/lagranjafoods.com\\\/ca\\\/#\\\/schema\\\/logo\\\/image\\\/\",\"url\":\"https:\\\/\\\/lagranjafoods.com\\\/wp-content\\\/uploads\\\/logo-lagranjafoods.png\",\"contentUrl\":\"https:\\\/\\\/lagranjafoods.com\\\/wp-content\\\/uploads\\\/logo-lagranjafoods.png\",\"width\":539,\"height\":158,\"caption\":\"La Granja Foods \"},\"image\":{\"@id\":\"https:\\\/\\\/lagranjafoods.com\\\/ca\\\/#\\\/schema\\\/logo\\\/image\\\/\"}},{\"@type\":\"Person\",\"@id\":\"https:\\\/\\\/lagranjafoods.com\\\/ca\\\/#\\\/schema\\\/person\\\/a09ef344e5c3da6e521ed0a69afd694c\",\"name\":\"conta\"}]}<\/script>\n<!-- \/ Yoast SEO plugin. -->","yoast_head_json":{"title":"Col\u00b7laboraci\u00f3 amb Toni Ponce competidor als Jocs Paral\u00edmpics - La Granja Foods","description":"La Granja Foods col\u00b7labora amb Toni Ponce, un referent de l'esport paral\u00edmpic, inspirats per la seva capacitat de superaci\u00f3, comprom\u00eds i passi\u00f3.","robots":{"index":"index","follow":"follow","max-snippet":"max-snippet:-1","max-image-preview":"max-image-preview:large","max-video-preview":"max-video-preview:-1"},"canonical":"https:\/\/lagranjafoods.com\/ca\/col%c2%b7laboracio-amb-toni-ponce-competidor-als-jocs-paralimpics\/","og_locale":"ca_ES","og_type":"article","og_title":"Col\u00b7laboraci\u00f3 amb Toni Ponce competidor als Jocs Paral\u00edmpics - La Granja Foods","og_description":"La Granja Foods col\u00b7labora amb Toni Ponce, un referent de l'esport paral\u00edmpic, inspirats per la seva capacitat de superaci\u00f3, comprom\u00eds i passi\u00f3.","og_url":"https:\/\/lagranjafoods.com\/ca\/col%c2%b7laboracio-amb-toni-ponce-competidor-als-jocs-paralimpics\/","og_site_name":"La Granja Foods","article_published_time":"2026-08-07T07:36:09+00:00","og_image":[{"width":1024,"height":768,"url":"https:\/\/lagranjafoods.com\/wp-content\/uploads\/Colaboracion-Toni-Ponce-1024x768.png","type":"image\/png"}],"author":"conta","twitter_card":"summary_large_image","twitter_misc":{"Escrit per":"conta","Temps estimat de lectura":"2 minut"},"schema":{"@context":"https:\/\/schema.org","@graph":[{"@type":"Article","@id":"https:\/\/lagranjafoods.com\/ca\/col%c2%b7laboracio-amb-toni-ponce-competidor-als-jocs-paralimpics\/#article","isPartOf":{"@id":"https:\/\/lagranjafoods.com\/ca\/col%c2%b7laboracio-amb-toni-ponce-competidor-als-jocs-paralimpics\/"},"author":{"name":"conta","@id":"https:\/\/lagranjafoods.com\/ca\/#\/schema\/person\/a09ef344e5c3da6e521ed0a69afd694c"},"headline":"Col\u00b7laboraci\u00f3 amb Toni Ponce competidor als Jocs Paral\u00edmpics","datePublished":"2026-08-07T07:36:09+00:00","mainEntityOfPage":{"@id":"https:\/\/lagranjafoods.com\/ca\/col%c2%b7laboracio-amb-toni-ponce-competidor-als-jocs-paralimpics\/"},"wordCount":390,"publisher":{"@id":"https:\/\/lagranjafoods.com\/ca\/#organization"},"image":{"@id":"https:\/\/lagranjafoods.com\/ca\/col%c2%b7laboracio-amb-toni-ponce-competidor-als-jocs-paralimpics\/#primaryimage"},"thumbnailUrl":"https:\/\/lagranjafoods.com\/wp-content\/uploads\/Colaboracion-Toni-Ponce.png","articleSection":["News"],"inLanguage":"ca"},{"@type":"WebPage","@id":"https:\/\/lagranjafoods.com\/ca\/col%c2%b7laboracio-amb-toni-ponce-competidor-als-jocs-paralimpics\/","url":"https:\/\/lagranjafoods.com\/ca\/col%c2%b7laboracio-amb-toni-ponce-competidor-als-jocs-paralimpics\/","name":"Col\u00b7laboraci\u00f3 amb Toni Ponce competidor als Jocs Paral\u00edmpics - La Granja Foods","isPartOf":{"@id":"https:\/\/lagranjafoods.com\/ca\/#website"},"primaryImageOfPage":{"@id":"https:\/\/lagranjafoods.com\/ca\/col%c2%b7laboracio-amb-toni-ponce-competidor-als-jocs-paralimpics\/#primaryimage"},"image":{"@id":"https:\/\/lagranjafoods.com\/ca\/col%c2%b7laboracio-amb-toni-ponce-competidor-als-jocs-paralimpics\/#primaryimage"},"thumbnailUrl":"https:\/\/lagranjafoods.com\/wp-content\/uploads\/Colaboracion-Toni-Ponce.png","datePublished":"2026-08-07T07:36:09+00:00","description":"La Granja Foods col\u00b7labora amb Toni Ponce, un referent de l'esport paral\u00edmpic, inspirats per la seva capacitat de superaci\u00f3, comprom\u00eds i passi\u00f3.","breadcrumb":{"@id":"https:\/\/lagranjafoods.com\/ca\/col%c2%b7laboracio-amb-toni-ponce-competidor-als-jocs-paralimpics\/#breadcrumb"},"inLanguage":"ca","potentialAction":[{"@type":"ReadAction","target":["https:\/\/lagranjafoods.com\/ca\/col%c2%b7laboracio-amb-toni-ponce-competidor-als-jocs-paralimpics\/"]}]},{"@type":"ImageObject","inLanguage":"ca","@id":"https:\/\/lagranjafoods.com\/ca\/col%c2%b7laboracio-amb-toni-ponce-competidor-als-jocs-paralimpics\/#primaryimage","url":"https:\/\/lagranjafoods.com\/wp-content\/uploads\/Colaboracion-Toni-Ponce.png","contentUrl":"https:\/\/lagranjafoods.com\/wp-content\/uploads\/Colaboracion-Toni-Ponce.png","width":2000,"height":1500},{"@type":"BreadcrumbList","@id":"https:\/\/lagranjafoods.com\/ca\/col%c2%b7laboracio-amb-toni-ponce-competidor-als-jocs-paralimpics\/#breadcrumb","itemListElement":[{"@type":"ListItem","position":1,"name":"Portada","item":"https:\/\/lagranjafoods.com\/ca\/"},{"@type":"ListItem","position":2,"name":"Col\u00b7laboraci\u00f3 amb Toni Ponce competidor als Jocs Paral\u00edmpics"}]},{"@type":"WebSite","@id":"https:\/\/lagranjafoods.com\/ca\/#website","url":"https:\/\/lagranjafoods.com\/ca\/","name":"La Granja Foods","description":"\u00a1Benvinguts a La Granja! Qualitat, sabor i frescor des de 1959.","publisher":{"@id":"https:\/\/lagranjafoods.com\/ca\/#organization"},"potentialAction":[{"@type":"SearchAction","target":{"@type":"EntryPoint","urlTemplate":"https:\/\/lagranjafoods.com\/ca\/?s={search_term_string}"},"query-input":{"@type":"PropertyValueSpecification","valueRequired":true,"valueName":"search_term_string"}}],"inLanguage":"ca"},{"@type":"Organization","@id":"https:\/\/lagranjafoods.com\/ca\/#organization","name":"La Granja Foods","url":"https:\/\/lagranjafoods.com\/ca\/","logo":{"@type":"ImageObject","inLanguage":"ca","@id":"https:\/\/lagranjafoods.com\/ca\/#\/schema\/logo\/image\/","url":"https:\/\/lagranjafoods.com\/wp-content\/uploads\/logo-lagranjafoods.png","contentUrl":"https:\/\/lagranjafoods.com\/wp-content\/uploads\/logo-lagranjafoods.png","width":539,"height":158,"caption":"La Granja Foods "},"image":{"@id":"https:\/\/lagranjafoods.com\/ca\/#\/schema\/logo\/image\/"}},{"@type":"Person","@id":"https:\/\/lagranjafoods.com\/ca\/#\/schema\/person\/a09ef344e5c3da6e521ed0a69afd694c","name":"conta"}]}},"_links":{"self":[{"href":"https:\/\/lagranjafoods.com\/ca\/wp-json\/wp\/v2\/posts\/58523","targetHints":{"allow":["GET"]}}],"collection":[{"href":"https:\/\/lagranjafoods.com\/ca\/wp-json\/wp\/v2\/posts"}],"about":[{"href":"https:\/\/lagranjafoods.com\/ca\/wp-json\/wp\/v2\/types\/post"}],"author":[{"embeddable":true,"href":"https:\/\/lagranjafoods.com\/ca\/wp-json\/wp\/v2\/users\/565"}],"replies":[{"embeddable":true,"href":"https:\/\/lagranjafoods.com\/ca\/wp-json\/wp\/v2\/comments?post=58523"}],"version-history":[{"count":3,"href":"https:\/\/lagranjafoods.com\/ca\/wp-json\/wp\/v2\/posts\/58523\/revisions"}],"predecessor-version":[{"id":58650,"href":"https:\/\/lagranjafoods.com\/ca\/wp-json\/wp\/v2\/posts\/58523\/revisions\/58650"}],"wp:featuredmedia":[{"embeddable":true,"href":"https:\/\/lagranjafoods.com\/ca\/wp-json\/wp\/v2\/media\/58510"}],"wp:attachment":[{"href":"https:\/\/lagranjafoods.com\/ca\/wp-json\/wp\/v2\/media?parent=58523"}],"wp:term":[{"taxonomy":"category","embeddable":true,"href":"https:\/\/lagranjafoods.com\/ca\/wp-json\/wp\/v2\/categories?post=58523"},{"taxonomy":"post_tag","embeddable":true,"href":"https:\/\/lagranjafoods.com\/ca\/wp-json\/wp\/v2\/tags?post=58523"}],"curies":[{"name":"wp","href":"https:\/\/api.w.org\/{rel}","templated":true}]}}