{"id":57754,"date":"2026-06-30T09:41:16","date_gmt":"2026-06-30T07:41:16","guid":{"rendered":"http:\/\/lagranjafoods.com\/?p=57754"},"modified":"2026-06-30T10:33:19","modified_gmt":"2026-06-30T08:33:19","slug":"collaboracio-amb-novell-noves-propostes-sense-gluten-i-sense-lactosa","status":"publish","type":"post","link":"https:\/\/lagranjafoods.com\/ca\/collaboracio-amb-novell-noves-propostes-sense-gluten-i-sense-lactosa\/","title":{"rendered":"Col\u00b7laboraci\u00f3 amb Novell: noves propostes sense gluten i sense lactosa"},"content":{"rendered":"<p>En el marc del nostre comprom\u00eds amb la innovaci\u00f3 i el desenvolupament de nous productes, ens fa especial il\u00b7lusi\u00f3 anunciar la nostra col\u00b7laboraci\u00f3 amb <strong>Caf\u00e8s Novell<\/strong>, empresa referent en el sector del caf\u00e8 amb la qual compartim proximitat i arrelament territorial.<\/p>\n<p>Aquesta alian\u00e7a s\u2019emmarca dins la filosofia de <strong>La Granja Foods<\/strong> de desenvolupar productes diferencials de la m\u00e0 de marques que comparteixen els nostres valors d\u2019excel\u00b7l\u00e8ncia, innovaci\u00f3 i proximitat. En aquest sentit, iniciatives com la l\u00ednia <em>Special Editions<\/em> han fet possible col\u00b7laboracions amb empreses com La Fageda, Alemany 1879, Tea Shop o Torrons Vicens, contribuint a explorar noves experi\u00e8ncies de sabor i a oferir propostes capaces de sorprendre un consumidor cada vegada m\u00e9s exigent.<\/p>\n<p>Amb Caf\u00e8s Novell fem un pas m\u00e9s en aquest cam\u00ed compartit entre dues empreses del Pened\u00e8s, amb traject\u00f2ries familiars i una mateixa manera d\u2019entendre la qualitat.<\/p>\n<p>D\u2019aquesta uni\u00f3 han nascut dues noves propostes pensades per oferir sabor, qualitat i opcions adaptades a diferents necessitats aliment\u00e0ries:<\/p>\n<p><a href=\"https:\/\/lagranjafoods.com\/ca\/producte\/pa-de-pessic-tiramisu-novell-sense-gluten-i-lactosa\/\">\u2022 Pa de pessic de tiramis\u00fa sense gluten i sense lactosa<\/a><br \/>\n<a href=\"https:\/\/lagranjafoods.com\/ca\/producte\/mini-magdalenes-cafe-novell-sense-gluten-i-sense-lactosa\/\">\u2022 Mini magdalenes de caf\u00e8 sense gluten i sense lactosa<\/a><\/p>\n<p>Tots dos productes han estat desenvolupats cuidant cada detall, amb l\u2019objectiu de mantenir tot el sabor i la textura caracter\u00edstics, oferint alhora alternatives aptes per a persones amb intoler\u00e0ncies.<\/p>\n<p>Des del seu llan\u00e7ament, aquests productes han tingut una molt bona acollida, confirmant l\u2019inter\u00e8s i la demanda creixent per opcions sense gluten i sense lactosa que no renunci\u00efn al plaer d\u2019un bon producte de rebosteria.<\/p>\n<p>Aquesta col\u00b7laboraci\u00f3 refor\u00e7a la nostra aposta per continuar ampliant la gamma de productes sense gluten i sense lactosa, mantenint sempre la qualitat i l\u2019experi\u00e8ncia de gaudi com a eix principal.<\/p>\n","protected":false},"excerpt":{"rendered":"<p>En el marc del nostre comprom\u00eds amb la innovaci\u00f3 i el desenvolupament de nous productes, ens fa especial il\u00b7lusi\u00f3 anunciar la nostra col\u00b7laboraci\u00f3 amb Caf\u00e8s Novell, empresa referent en el &hellip;<\/p>\n","protected":false},"author":565,"featured_media":57760,"comment_status":"closed","ping_status":"open","sticky":false,"template":"","format":"standard","meta":{"_acf_changed":false,"mc4wp_mailchimp_campaign":[],"footnotes":""},"categories":[81],"tags":[578],"class_list":["post-57754","post","type-post","status-publish","format-standard","has-post-thumbnail","hentry","category-news-ca","tag-sin-gluten-ca"],"acf":[],"yoast_head":"<!-- This site is optimized with the Yoast SEO plugin v28.3 - https:\/\/yoast.com\/product\/yoast-seo-wordpress\/ -->\n<title>Col\u00b7laboraci\u00f3 amb Novell: noves propostes sense gluten i sense lactosa - La Granja Foods<\/title>\n<meta name=\"description\" content=\"Innovaci\u00f3 i sabor units en la nostra col\u00b7laboraci\u00f3 amb Novell, dues noves refer\u00e8ncies sense gluten i sense lactosa per gaudir sense l\u00edmits.\" \/>\n<meta name=\"robots\" content=\"index, follow, max-snippet:-1, max-image-preview:large, max-video-preview:-1\" \/>\n<link rel=\"canonical\" href=\"https:\/\/lagranjafoods.com\/ca\/collaboracio-amb-novell-noves-propostes-sense-gluten-i-sense-lactosa\/\" \/>\n<meta property=\"og:locale\" content=\"ca_ES\" \/>\n<meta property=\"og:type\" content=\"article\" \/>\n<meta property=\"og:title\" content=\"Col\u00b7laboraci\u00f3 amb Novell: noves propostes sense gluten i sense lactosa - La Granja Foods\" \/>\n<meta property=\"og:description\" content=\"Innovaci\u00f3 i sabor units en la nostra col\u00b7laboraci\u00f3 amb Novell, dues noves refer\u00e8ncies sense gluten i sense lactosa per gaudir sense l\u00edmits.\" \/>\n<meta property=\"og:url\" content=\"https:\/\/lagranjafoods.com\/ca\/collaboracio-amb-novell-noves-propostes-sense-gluten-i-sense-lactosa\/\" \/>\n<meta property=\"og:site_name\" content=\"La Granja Foods\" \/>\n<meta property=\"article:published_time\" content=\"2026-06-30T07:41:16+00:00\" \/>\n<meta property=\"article:modified_time\" content=\"2026-06-30T08:33:19+00:00\" \/>\n<meta property=\"og:image\" content=\"https:\/\/lagranjafoods.com\/wp-content\/uploads\/Colaboracion-con-Novell-nuevas-propuestas-sin-gluten-y-sin-lactosa.jpg\" \/>\n\t<meta property=\"og:image:width\" content=\"2000\" \/>\n\t<meta property=\"og:image:height\" content=\"1500\" \/>\n\t<meta property=\"og:image:type\" content=\"image\/jpeg\" \/>\n<meta name=\"author\" content=\"conta\" \/>\n<meta name=\"twitter:card\" content=\"summary_large_image\" \/>\n<meta name=\"twitter:label1\" content=\"Escrit per\" \/>\n\t<meta name=\"twitter:data1\" content=\"conta\" \/>\n\t<meta name=\"twitter:label2\" content=\"Temps estimat de lectura\" \/>\n\t<meta name=\"twitter:data2\" content=\"2 minut\" \/>\n<script type=\"application\/ld+json\" class=\"yoast-schema-graph\">{\"@context\":\"https:\\\/\\\/schema.org\",\"@graph\":[{\"@type\":\"Article\",\"@id\":\"https:\\\/\\\/lagranjafoods.com\\\/ca\\\/collaboracio-amb-novell-noves-propostes-sense-gluten-i-sense-lactosa\\\/#article\",\"isPartOf\":{\"@id\":\"https:\\\/\\\/lagranjafoods.com\\\/ca\\\/collaboracio-amb-novell-noves-propostes-sense-gluten-i-sense-lactosa\\\/\"},\"author\":{\"name\":\"conta\",\"@id\":\"https:\\\/\\\/lagranjafoods.com\\\/ca\\\/#\\\/schema\\\/person\\\/a09ef344e5c3da6e521ed0a69afd694c\"},\"headline\":\"Col\u00b7laboraci\u00f3 amb Novell: noves propostes sense gluten i sense lactosa\",\"datePublished\":\"2026-06-30T07:41:16+00:00\",\"dateModified\":\"2026-06-30T08:33:19+00:00\",\"mainEntityOfPage\":{\"@id\":\"https:\\\/\\\/lagranjafoods.com\\\/ca\\\/collaboracio-amb-novell-noves-propostes-sense-gluten-i-sense-lactosa\\\/\"},\"wordCount\":314,\"publisher\":{\"@id\":\"https:\\\/\\\/lagranjafoods.com\\\/ca\\\/#organization\"},\"image\":{\"@id\":\"https:\\\/\\\/lagranjafoods.com\\\/ca\\\/collaboracio-amb-novell-noves-propostes-sense-gluten-i-sense-lactosa\\\/#primaryimage\"},\"thumbnailUrl\":\"https:\\\/\\\/lagranjafoods.com\\\/wp-content\\\/uploads\\\/Colaboracion-con-Novell-nuevas-propuestas-sin-gluten-y-sin-lactosa.jpg\",\"keywords\":[\"Sin gluten\"],\"articleSection\":[\"News\"],\"inLanguage\":\"ca\"},{\"@type\":\"WebPage\",\"@id\":\"https:\\\/\\\/lagranjafoods.com\\\/ca\\\/collaboracio-amb-novell-noves-propostes-sense-gluten-i-sense-lactosa\\\/\",\"url\":\"https:\\\/\\\/lagranjafoods.com\\\/ca\\\/collaboracio-amb-novell-noves-propostes-sense-gluten-i-sense-lactosa\\\/\",\"name\":\"Col\u00b7laboraci\u00f3 amb Novell: noves propostes sense gluten i sense lactosa - La Granja Foods\",\"isPartOf\":{\"@id\":\"https:\\\/\\\/lagranjafoods.com\\\/ca\\\/#website\"},\"primaryImageOfPage\":{\"@id\":\"https:\\\/\\\/lagranjafoods.com\\\/ca\\\/collaboracio-amb-novell-noves-propostes-sense-gluten-i-sense-lactosa\\\/#primaryimage\"},\"image\":{\"@id\":\"https:\\\/\\\/lagranjafoods.com\\\/ca\\\/collaboracio-amb-novell-noves-propostes-sense-gluten-i-sense-lactosa\\\/#primaryimage\"},\"thumbnailUrl\":\"https:\\\/\\\/lagranjafoods.com\\\/wp-content\\\/uploads\\\/Colaboracion-con-Novell-nuevas-propuestas-sin-gluten-y-sin-lactosa.jpg\",\"datePublished\":\"2026-06-30T07:41:16+00:00\",\"dateModified\":\"2026-06-30T08:33:19+00:00\",\"description\":\"Innovaci\u00f3 i sabor units en la nostra col\u00b7laboraci\u00f3 amb Novell, dues noves refer\u00e8ncies sense gluten i sense lactosa per gaudir sense l\u00edmits.\",\"breadcrumb\":{\"@id\":\"https:\\\/\\\/lagranjafoods.com\\\/ca\\\/collaboracio-amb-novell-noves-propostes-sense-gluten-i-sense-lactosa\\\/#breadcrumb\"},\"inLanguage\":\"ca\",\"potentialAction\":[{\"@type\":\"ReadAction\",\"target\":[\"https:\\\/\\\/lagranjafoods.com\\\/ca\\\/collaboracio-amb-novell-noves-propostes-sense-gluten-i-sense-lactosa\\\/\"]}]},{\"@type\":\"ImageObject\",\"inLanguage\":\"ca\",\"@id\":\"https:\\\/\\\/lagranjafoods.com\\\/ca\\\/collaboracio-amb-novell-noves-propostes-sense-gluten-i-sense-lactosa\\\/#primaryimage\",\"url\":\"https:\\\/\\\/lagranjafoods.com\\\/wp-content\\\/uploads\\\/Colaboracion-con-Novell-nuevas-propuestas-sin-gluten-y-sin-lactosa.jpg\",\"contentUrl\":\"https:\\\/\\\/lagranjafoods.com\\\/wp-content\\\/uploads\\\/Colaboracion-con-Novell-nuevas-propuestas-sin-gluten-y-sin-lactosa.jpg\",\"width\":2000,\"height\":1500},{\"@type\":\"BreadcrumbList\",\"@id\":\"https:\\\/\\\/lagranjafoods.com\\\/ca\\\/collaboracio-amb-novell-noves-propostes-sense-gluten-i-sense-lactosa\\\/#breadcrumb\",\"itemListElement\":[{\"@type\":\"ListItem\",\"position\":1,\"name\":\"Portada\",\"item\":\"https:\\\/\\\/lagranjafoods.com\\\/ca\\\/\"},{\"@type\":\"ListItem\",\"position\":2,\"name\":\"Col\u00b7laboraci\u00f3 amb Novell: noves propostes sense gluten i sense lactosa\"}]},{\"@type\":\"WebSite\",\"@id\":\"https:\\\/\\\/lagranjafoods.com\\\/ca\\\/#website\",\"url\":\"https:\\\/\\\/lagranjafoods.com\\\/ca\\\/\",\"name\":\"La Granja Foods\",\"description\":\"\u00a1Benvinguts a La Granja! Qualitat, sabor i frescor des de 1959.\",\"publisher\":{\"@id\":\"https:\\\/\\\/lagranjafoods.com\\\/ca\\\/#organization\"},\"potentialAction\":[{\"@type\":\"SearchAction\",\"target\":{\"@type\":\"EntryPoint\",\"urlTemplate\":\"https:\\\/\\\/lagranjafoods.com\\\/ca\\\/?s={search_term_string}\"},\"query-input\":{\"@type\":\"PropertyValueSpecification\",\"valueRequired\":true,\"valueName\":\"search_term_string\"}}],\"inLanguage\":\"ca\"},{\"@type\":\"Organization\",\"@id\":\"https:\\\/\\\/lagranjafoods.com\\\/ca\\\/#organization\",\"name\":\"La Granja Foods\",\"url\":\"https:\\\/\\\/lagranjafoods.com\\\/ca\\\/\",\"logo\":{\"@type\":\"ImageObject\",\"inLanguage\":\"ca\",\"@id\":\"https:\\\/\\\/lagranjafoods.com\\\/ca\\\/#\\\/schema\\\/logo\\\/image\\\/\",\"url\":\"https:\\\/\\\/lagranjafoods.com\\\/wp-content\\\/uploads\\\/logo-lagranjafoods.png\",\"contentUrl\":\"https:\\\/\\\/lagranjafoods.com\\\/wp-content\\\/uploads\\\/logo-lagranjafoods.png\",\"width\":539,\"height\":158,\"caption\":\"La Granja Foods \"},\"image\":{\"@id\":\"https:\\\/\\\/lagranjafoods.com\\\/ca\\\/#\\\/schema\\\/logo\\\/image\\\/\"}},{\"@type\":\"Person\",\"@id\":\"https:\\\/\\\/lagranjafoods.com\\\/ca\\\/#\\\/schema\\\/person\\\/a09ef344e5c3da6e521ed0a69afd694c\",\"name\":\"conta\"}]}<\/script>\n<!-- \/ Yoast SEO plugin. -->","yoast_head_json":{"title":"Col\u00b7laboraci\u00f3 amb Novell: noves propostes sense gluten i sense lactosa - La Granja Foods","description":"Innovaci\u00f3 i sabor units en la nostra col\u00b7laboraci\u00f3 amb Novell, dues noves refer\u00e8ncies sense gluten i sense lactosa per gaudir sense l\u00edmits.","robots":{"index":"index","follow":"follow","max-snippet":"max-snippet:-1","max-image-preview":"max-image-preview:large","max-video-preview":"max-video-preview:-1"},"canonical":"https:\/\/lagranjafoods.com\/ca\/collaboracio-amb-novell-noves-propostes-sense-gluten-i-sense-lactosa\/","og_locale":"ca_ES","og_type":"article","og_title":"Col\u00b7laboraci\u00f3 amb Novell: noves propostes sense gluten i sense lactosa - La Granja Foods","og_description":"Innovaci\u00f3 i sabor units en la nostra col\u00b7laboraci\u00f3 amb Novell, dues noves refer\u00e8ncies sense gluten i sense lactosa per gaudir sense l\u00edmits.","og_url":"https:\/\/lagranjafoods.com\/ca\/collaboracio-amb-novell-noves-propostes-sense-gluten-i-sense-lactosa\/","og_site_name":"La Granja Foods","article_published_time":"2026-06-30T07:41:16+00:00","article_modified_time":"2026-06-30T08:33:19+00:00","og_image":[{"width":2000,"height":1500,"url":"https:\/\/lagranjafoods.com\/wp-content\/uploads\/Colaboracion-con-Novell-nuevas-propuestas-sin-gluten-y-sin-lactosa.jpg","type":"image\/jpeg"}],"author":"conta","twitter_card":"summary_large_image","twitter_misc":{"Escrit per":"conta","Temps estimat de lectura":"2 minut"},"schema":{"@context":"https:\/\/schema.org","@graph":[{"@type":"Article","@id":"https:\/\/lagranjafoods.com\/ca\/collaboracio-amb-novell-noves-propostes-sense-gluten-i-sense-lactosa\/#article","isPartOf":{"@id":"https:\/\/lagranjafoods.com\/ca\/collaboracio-amb-novell-noves-propostes-sense-gluten-i-sense-lactosa\/"},"author":{"name":"conta","@id":"https:\/\/lagranjafoods.com\/ca\/#\/schema\/person\/a09ef344e5c3da6e521ed0a69afd694c"},"headline":"Col\u00b7laboraci\u00f3 amb Novell: noves propostes sense gluten i sense lactosa","datePublished":"2026-06-30T07:41:16+00:00","dateModified":"2026-06-30T08:33:19+00:00","mainEntityOfPage":{"@id":"https:\/\/lagranjafoods.com\/ca\/collaboracio-amb-novell-noves-propostes-sense-gluten-i-sense-lactosa\/"},"wordCount":314,"publisher":{"@id":"https:\/\/lagranjafoods.com\/ca\/#organization"},"image":{"@id":"https:\/\/lagranjafoods.com\/ca\/collaboracio-amb-novell-noves-propostes-sense-gluten-i-sense-lactosa\/#primaryimage"},"thumbnailUrl":"https:\/\/lagranjafoods.com\/wp-content\/uploads\/Colaboracion-con-Novell-nuevas-propuestas-sin-gluten-y-sin-lactosa.jpg","keywords":["Sin gluten"],"articleSection":["News"],"inLanguage":"ca"},{"@type":"WebPage","@id":"https:\/\/lagranjafoods.com\/ca\/collaboracio-amb-novell-noves-propostes-sense-gluten-i-sense-lactosa\/","url":"https:\/\/lagranjafoods.com\/ca\/collaboracio-amb-novell-noves-propostes-sense-gluten-i-sense-lactosa\/","name":"Col\u00b7laboraci\u00f3 amb Novell: noves propostes sense gluten i sense lactosa - La Granja Foods","isPartOf":{"@id":"https:\/\/lagranjafoods.com\/ca\/#website"},"primaryImageOfPage":{"@id":"https:\/\/lagranjafoods.com\/ca\/collaboracio-amb-novell-noves-propostes-sense-gluten-i-sense-lactosa\/#primaryimage"},"image":{"@id":"https:\/\/lagranjafoods.com\/ca\/collaboracio-amb-novell-noves-propostes-sense-gluten-i-sense-lactosa\/#primaryimage"},"thumbnailUrl":"https:\/\/lagranjafoods.com\/wp-content\/uploads\/Colaboracion-con-Novell-nuevas-propuestas-sin-gluten-y-sin-lactosa.jpg","datePublished":"2026-06-30T07:41:16+00:00","dateModified":"2026-06-30T08:33:19+00:00","description":"Innovaci\u00f3 i sabor units en la nostra col\u00b7laboraci\u00f3 amb Novell, dues noves refer\u00e8ncies sense gluten i sense lactosa per gaudir sense l\u00edmits.","breadcrumb":{"@id":"https:\/\/lagranjafoods.com\/ca\/collaboracio-amb-novell-noves-propostes-sense-gluten-i-sense-lactosa\/#breadcrumb"},"inLanguage":"ca","potentialAction":[{"@type":"ReadAction","target":["https:\/\/lagranjafoods.com\/ca\/collaboracio-amb-novell-noves-propostes-sense-gluten-i-sense-lactosa\/"]}]},{"@type":"ImageObject","inLanguage":"ca","@id":"https:\/\/lagranjafoods.com\/ca\/collaboracio-amb-novell-noves-propostes-sense-gluten-i-sense-lactosa\/#primaryimage","url":"https:\/\/lagranjafoods.com\/wp-content\/uploads\/Colaboracion-con-Novell-nuevas-propuestas-sin-gluten-y-sin-lactosa.jpg","contentUrl":"https:\/\/lagranjafoods.com\/wp-content\/uploads\/Colaboracion-con-Novell-nuevas-propuestas-sin-gluten-y-sin-lactosa.jpg","width":2000,"height":1500},{"@type":"BreadcrumbList","@id":"https:\/\/lagranjafoods.com\/ca\/collaboracio-amb-novell-noves-propostes-sense-gluten-i-sense-lactosa\/#breadcrumb","itemListElement":[{"@type":"ListItem","position":1,"name":"Portada","item":"https:\/\/lagranjafoods.com\/ca\/"},{"@type":"ListItem","position":2,"name":"Col\u00b7laboraci\u00f3 amb Novell: noves propostes sense gluten i sense lactosa"}]},{"@type":"WebSite","@id":"https:\/\/lagranjafoods.com\/ca\/#website","url":"https:\/\/lagranjafoods.com\/ca\/","name":"La Granja Foods","description":"\u00a1Benvinguts a La Granja! Qualitat, sabor i frescor des de 1959.","publisher":{"@id":"https:\/\/lagranjafoods.com\/ca\/#organization"},"potentialAction":[{"@type":"SearchAction","target":{"@type":"EntryPoint","urlTemplate":"https:\/\/lagranjafoods.com\/ca\/?s={search_term_string}"},"query-input":{"@type":"PropertyValueSpecification","valueRequired":true,"valueName":"search_term_string"}}],"inLanguage":"ca"},{"@type":"Organization","@id":"https:\/\/lagranjafoods.com\/ca\/#organization","name":"La Granja Foods","url":"https:\/\/lagranjafoods.com\/ca\/","logo":{"@type":"ImageObject","inLanguage":"ca","@id":"https:\/\/lagranjafoods.com\/ca\/#\/schema\/logo\/image\/","url":"https:\/\/lagranjafoods.com\/wp-content\/uploads\/logo-lagranjafoods.png","contentUrl":"https:\/\/lagranjafoods.com\/wp-content\/uploads\/logo-lagranjafoods.png","width":539,"height":158,"caption":"La Granja Foods "},"image":{"@id":"https:\/\/lagranjafoods.com\/ca\/#\/schema\/logo\/image\/"}},{"@type":"Person","@id":"https:\/\/lagranjafoods.com\/ca\/#\/schema\/person\/a09ef344e5c3da6e521ed0a69afd694c","name":"conta"}]}},"_links":{"self":[{"href":"https:\/\/lagranjafoods.com\/ca\/wp-json\/wp\/v2\/posts\/57754","targetHints":{"allow":["GET"]}}],"collection":[{"href":"https:\/\/lagranjafoods.com\/ca\/wp-json\/wp\/v2\/posts"}],"about":[{"href":"https:\/\/lagranjafoods.com\/ca\/wp-json\/wp\/v2\/types\/post"}],"author":[{"embeddable":true,"href":"https:\/\/lagranjafoods.com\/ca\/wp-json\/wp\/v2\/users\/565"}],"replies":[{"embeddable":true,"href":"https:\/\/lagranjafoods.com\/ca\/wp-json\/wp\/v2\/comments?post=57754"}],"version-history":[{"count":0,"href":"https:\/\/lagranjafoods.com\/ca\/wp-json\/wp\/v2\/posts\/57754\/revisions"}],"wp:featuredmedia":[{"embeddable":true,"href":"https:\/\/lagranjafoods.com\/ca\/wp-json\/wp\/v2\/media\/57760"}],"wp:attachment":[{"href":"https:\/\/lagranjafoods.com\/ca\/wp-json\/wp\/v2\/media?parent=57754"}],"wp:term":[{"taxonomy":"category","embeddable":true,"href":"https:\/\/lagranjafoods.com\/ca\/wp-json\/wp\/v2\/categories?post=57754"},{"taxonomy":"post_tag","embeddable":true,"href":"https:\/\/lagranjafoods.com\/ca\/wp-json\/wp\/v2\/tags?post=57754"}],"curies":[{"name":"wp","href":"https:\/\/api.w.org\/{rel}","templated":true}]}}