{"id":39476,"date":"2025-07-15T08:25:57","date_gmt":"2025-07-15T06:25:57","guid":{"rendered":"http:\/\/lagranjafoods.com\/?p=39476"},"modified":"2025-07-15T08:25:57","modified_gmt":"2025-07-15T08:25:57","slug":"taula-de-gelat-amb-cookies-davena-i-lli-ecologiques","status":"publish","type":"post","link":"https:\/\/lagranjafoods.com\/ca\/taula-de-gelat-amb-cookies-davena-i-lli-ecologiques\/","title":{"rendered":"Taula de Gelat amb Cookies d\u2019Avena i Lli Ecol\u00f2giques"},"content":{"rendered":"<h2>INGREDIENTS<\/h2>\n<ul>\n<li data-start=\"226\" data-end=\"274\">Cookies d\u2019Avena i Lli Ecol\u00f2giques de La Granja<\/li>\n<li data-start=\"226\" data-end=\"274\">2 iogurts naturals 0% M.G.<\/li>\n<li data-start=\"308\" data-end=\"347\">Xarop d\u2019atzavara o edulcorant al gust<\/li>\n<li data-start=\"350\" data-end=\"398\">Fruites vermelles (maduixes, nabius, m\u00f3res&#8230;)<\/li>\n<li data-start=\"401\" data-end=\"412\">1 llimona<\/li>\n<li data-start=\"415\" data-end=\"433\">Canyella en pols<\/li>\n<li data-start=\"436\" data-end=\"468\">Paper vegetal per fer el gelat<\/li>\n<\/ul>\n<h2>ELABORACI\u00d3<\/h2>\n<ol>\n<li data-start=\"491\" data-end=\"691\">En un bol, incorpora els iogurts naturals i el xarop d\u2019atzavara o l\u2019edulcorant. Nosaltres hi hem afegit 2 cullerades de xarop d\u2019atzavara. Remena amb una cullera fins aconseguir una mescla homog\u00e8nia.<\/li>\n<li data-start=\"491\" data-end=\"691\">En un altre bol, afegeix les fruites vermelles, el suc d\u2019una llimona i mitja cullerada de canyella en pols. Xafa les fruites amb una forquilla fins obtenir una pasta.<\/li>\n<li data-start=\"491\" data-end=\"691\">En una safata o recipient pla que c\u00e0piga al congelador, col\u00b7loca paper vegetal a la base. Damunt, posa una capa de la mescla de iogurt i xarop, i al damunt, les fruites vermelles amb el suc de llimona.<\/li>\n<li data-start=\"491\" data-end=\"691\">El que far\u00e0 especial aquesta tauleta de gelat \u00e9s el seg\u00fcent: esmicola les Cookies d\u2019Avena i Lli Ecol\u00f2giques de La Granja uniformement per sobre de la capa de iogurt i fruites. Introdueix la safata al congelador durant unes hores fins que el gelat es solidifiqui.<\/li>\n<li data-start=\"491\" data-end=\"691\">Quan el gelat estigui llest per servir, trenca la tauleta en trossos grans, com es pot veure a la imatge.<\/li>\n<\/ol>\n","protected":false},"excerpt":{"rendered":"<p>INGREDIENTS Cookies d\u2019Avena i Lli Ecol\u00f2giques de La Granja 2 iogurts naturals 0% M.G. Xarop d\u2019atzavara o edulcorant al gust Fruites vermelles (maduixes, nabius, m\u00f3res&#8230;) 1 llimona Canyella en pols &hellip;<\/p>\n","protected":false},"author":565,"featured_media":39478,"comment_status":"closed","ping_status":"open","sticky":false,"template":"","format":"standard","meta":{"_acf_changed":false,"mc4wp_mailchimp_campaign":[],"footnotes":""},"categories":[82],"tags":[583],"class_list":["post-39476","post","type-post","status-publish","format-standard","has-post-thumbnail","hentry","category-receptes","tag-chocolatenavidadsin-gluten-ca"],"acf":[],"yoast_head":"<!-- This site is optimized with the Yoast SEO plugin v28.3 - https:\/\/yoast.com\/product\/yoast-seo-wordpress\/ -->\n<title>Taula de Gelat amb Cookies d\u2019Avena i Lli Ecol\u00f2giques - La Granja Foods<\/title>\n<meta name=\"description\" content=\"Taula de Gelat amb Cookies d&#039;Avena i Lli Ecol\u00f2giques. Irresistibles i ideals per fer amb familia o amics i passar una bona estona!\" \/>\n<meta name=\"robots\" content=\"index, follow, max-snippet:-1, max-image-preview:large, max-video-preview:-1\" \/>\n<link rel=\"canonical\" href=\"https:\/\/lagranjafoods.com\/ca\/taula-de-gelat-amb-cookies-davena-i-lli-ecologiques\/\" \/>\n<meta property=\"og:locale\" content=\"ca_ES\" \/>\n<meta property=\"og:type\" content=\"article\" \/>\n<meta property=\"og:title\" content=\"Taula de Gelat amb Cookies d\u2019Avena i Lli Ecol\u00f2giques - La Granja Foods\" \/>\n<meta property=\"og:description\" content=\"Taula de Gelat amb Cookies d&#039;Avena i Lli Ecol\u00f2giques. Irresistibles i ideals per fer amb familia o amics i passar una bona estona!\" \/>\n<meta property=\"og:url\" content=\"https:\/\/lagranjafoods.com\/ca\/taula-de-gelat-amb-cookies-davena-i-lli-ecologiques\/\" \/>\n<meta property=\"og:site_name\" content=\"La Granja Foods\" \/>\n<meta property=\"article:published_time\" content=\"2025-07-15T06:25:57+00:00\" \/>\n<meta property=\"article:modified_time\" content=\"2025-07-15T08:25:57+00:00\" \/>\n<meta property=\"og:image\" content=\"https:\/\/lagranjafoods.com\/wp-content\/uploads\/Banner-blog-pagina-web-2000-\u00d7-1500-px-6.jpg\" \/>\n\t<meta property=\"og:image:width\" content=\"2000\" \/>\n\t<meta property=\"og:image:height\" content=\"1500\" \/>\n\t<meta property=\"og:image:type\" content=\"image\/jpeg\" \/>\n<meta name=\"author\" content=\"conta\" \/>\n<meta name=\"twitter:card\" content=\"summary_large_image\" \/>\n<meta name=\"twitter:label1\" content=\"Escrit per\" \/>\n\t<meta name=\"twitter:data1\" content=\"conta\" \/>\n\t<meta name=\"twitter:label2\" content=\"Temps estimat de lectura\" \/>\n\t<meta name=\"twitter:data2\" content=\"2 minut\" \/>\n<script type=\"application\/ld+json\" class=\"yoast-schema-graph\">{\"@context\":\"https:\\\/\\\/schema.org\",\"@graph\":[{\"@type\":\"Article\",\"@id\":\"https:\\\/\\\/lagranjafoods.com\\\/ca\\\/taula-de-gelat-amb-cookies-davena-i-lli-ecologiques\\\/#article\",\"isPartOf\":{\"@id\":\"https:\\\/\\\/lagranjafoods.com\\\/ca\\\/taula-de-gelat-amb-cookies-davena-i-lli-ecologiques\\\/\"},\"author\":{\"name\":\"conta\",\"@id\":\"https:\\\/\\\/lagranjafoods.com\\\/ca\\\/#\\\/schema\\\/person\\\/a09ef344e5c3da6e521ed0a69afd694c\"},\"headline\":\"Taula de Gelat amb Cookies d\u2019Avena i Lli Ecol\u00f2giques\",\"datePublished\":\"2025-07-15T06:25:57+00:00\",\"dateModified\":\"2025-07-15T08:25:57+00:00\",\"mainEntityOfPage\":{\"@id\":\"https:\\\/\\\/lagranjafoods.com\\\/ca\\\/taula-de-gelat-amb-cookies-davena-i-lli-ecologiques\\\/\"},\"wordCount\":222,\"publisher\":{\"@id\":\"https:\\\/\\\/lagranjafoods.com\\\/ca\\\/#organization\"},\"image\":{\"@id\":\"https:\\\/\\\/lagranjafoods.com\\\/ca\\\/taula-de-gelat-amb-cookies-davena-i-lli-ecologiques\\\/#primaryimage\"},\"thumbnailUrl\":\"https:\\\/\\\/lagranjafoods.com\\\/wp-content\\\/uploads\\\/Banner-blog-pagina-web-2000-\u00d7-1500-px-6.jpg\",\"keywords\":[\"chocolate|navidad|Sin gluten\"],\"articleSection\":[\"Receptes\"],\"inLanguage\":\"ca\"},{\"@type\":\"WebPage\",\"@id\":\"https:\\\/\\\/lagranjafoods.com\\\/ca\\\/taula-de-gelat-amb-cookies-davena-i-lli-ecologiques\\\/\",\"url\":\"https:\\\/\\\/lagranjafoods.com\\\/ca\\\/taula-de-gelat-amb-cookies-davena-i-lli-ecologiques\\\/\",\"name\":\"Taula de Gelat amb Cookies d\u2019Avena i Lli Ecol\u00f2giques - La Granja Foods\",\"isPartOf\":{\"@id\":\"https:\\\/\\\/lagranjafoods.com\\\/ca\\\/#website\"},\"primaryImageOfPage\":{\"@id\":\"https:\\\/\\\/lagranjafoods.com\\\/ca\\\/taula-de-gelat-amb-cookies-davena-i-lli-ecologiques\\\/#primaryimage\"},\"image\":{\"@id\":\"https:\\\/\\\/lagranjafoods.com\\\/ca\\\/taula-de-gelat-amb-cookies-davena-i-lli-ecologiques\\\/#primaryimage\"},\"thumbnailUrl\":\"https:\\\/\\\/lagranjafoods.com\\\/wp-content\\\/uploads\\\/Banner-blog-pagina-web-2000-\u00d7-1500-px-6.jpg\",\"datePublished\":\"2025-07-15T06:25:57+00:00\",\"dateModified\":\"2025-07-15T08:25:57+00:00\",\"description\":\"Taula de Gelat amb Cookies d'Avena i Lli Ecol\u00f2giques. Irresistibles i ideals per fer amb familia o amics i passar una bona estona!\",\"breadcrumb\":{\"@id\":\"https:\\\/\\\/lagranjafoods.com\\\/ca\\\/taula-de-gelat-amb-cookies-davena-i-lli-ecologiques\\\/#breadcrumb\"},\"inLanguage\":\"ca\",\"potentialAction\":[{\"@type\":\"ReadAction\",\"target\":[\"https:\\\/\\\/lagranjafoods.com\\\/ca\\\/taula-de-gelat-amb-cookies-davena-i-lli-ecologiques\\\/\"]}]},{\"@type\":\"ImageObject\",\"inLanguage\":\"ca\",\"@id\":\"https:\\\/\\\/lagranjafoods.com\\\/ca\\\/taula-de-gelat-amb-cookies-davena-i-lli-ecologiques\\\/#primaryimage\",\"url\":\"https:\\\/\\\/lagranjafoods.com\\\/wp-content\\\/uploads\\\/Banner-blog-pagina-web-2000-\u00d7-1500-px-6.jpg\",\"contentUrl\":\"https:\\\/\\\/lagranjafoods.com\\\/wp-content\\\/uploads\\\/Banner-blog-pagina-web-2000-\u00d7-1500-px-6.jpg\",\"width\":2000,\"height\":1500},{\"@type\":\"BreadcrumbList\",\"@id\":\"https:\\\/\\\/lagranjafoods.com\\\/ca\\\/taula-de-gelat-amb-cookies-davena-i-lli-ecologiques\\\/#breadcrumb\",\"itemListElement\":[{\"@type\":\"ListItem\",\"position\":1,\"name\":\"Portada\",\"item\":\"https:\\\/\\\/lagranjafoods.com\\\/ca\\\/\"},{\"@type\":\"ListItem\",\"position\":2,\"name\":\"Taula de Gelat amb Cookies d\u2019Avena i Lli Ecol\u00f2giques\"}]},{\"@type\":\"WebSite\",\"@id\":\"https:\\\/\\\/lagranjafoods.com\\\/ca\\\/#website\",\"url\":\"https:\\\/\\\/lagranjafoods.com\\\/ca\\\/\",\"name\":\"La Granja Foods\",\"description\":\"\u00a1Benvinguts a La Granja! Qualitat, sabor i frescor des de 1959.\",\"publisher\":{\"@id\":\"https:\\\/\\\/lagranjafoods.com\\\/ca\\\/#organization\"},\"potentialAction\":[{\"@type\":\"SearchAction\",\"target\":{\"@type\":\"EntryPoint\",\"urlTemplate\":\"https:\\\/\\\/lagranjafoods.com\\\/ca\\\/?s={search_term_string}\"},\"query-input\":{\"@type\":\"PropertyValueSpecification\",\"valueRequired\":true,\"valueName\":\"search_term_string\"}}],\"inLanguage\":\"ca\"},{\"@type\":\"Organization\",\"@id\":\"https:\\\/\\\/lagranjafoods.com\\\/ca\\\/#organization\",\"name\":\"La Granja Foods\",\"url\":\"https:\\\/\\\/lagranjafoods.com\\\/ca\\\/\",\"logo\":{\"@type\":\"ImageObject\",\"inLanguage\":\"ca\",\"@id\":\"https:\\\/\\\/lagranjafoods.com\\\/ca\\\/#\\\/schema\\\/logo\\\/image\\\/\",\"url\":\"https:\\\/\\\/lagranjafoods.com\\\/wp-content\\\/uploads\\\/logo-lagranjafoods.png\",\"contentUrl\":\"https:\\\/\\\/lagranjafoods.com\\\/wp-content\\\/uploads\\\/logo-lagranjafoods.png\",\"width\":539,\"height\":158,\"caption\":\"La Granja Foods \"},\"image\":{\"@id\":\"https:\\\/\\\/lagranjafoods.com\\\/ca\\\/#\\\/schema\\\/logo\\\/image\\\/\"}},{\"@type\":\"Person\",\"@id\":\"https:\\\/\\\/lagranjafoods.com\\\/ca\\\/#\\\/schema\\\/person\\\/a09ef344e5c3da6e521ed0a69afd694c\",\"name\":\"conta\"}]}<\/script>\n<!-- \/ Yoast SEO plugin. -->","yoast_head_json":{"title":"Taula de Gelat amb Cookies d\u2019Avena i Lli Ecol\u00f2giques - La Granja Foods","description":"Taula de Gelat amb Cookies d'Avena i Lli Ecol\u00f2giques. Irresistibles i ideals per fer amb familia o amics i passar una bona estona!","robots":{"index":"index","follow":"follow","max-snippet":"max-snippet:-1","max-image-preview":"max-image-preview:large","max-video-preview":"max-video-preview:-1"},"canonical":"https:\/\/lagranjafoods.com\/ca\/taula-de-gelat-amb-cookies-davena-i-lli-ecologiques\/","og_locale":"ca_ES","og_type":"article","og_title":"Taula de Gelat amb Cookies d\u2019Avena i Lli Ecol\u00f2giques - La Granja Foods","og_description":"Taula de Gelat amb Cookies d'Avena i Lli Ecol\u00f2giques. Irresistibles i ideals per fer amb familia o amics i passar una bona estona!","og_url":"https:\/\/lagranjafoods.com\/ca\/taula-de-gelat-amb-cookies-davena-i-lli-ecologiques\/","og_site_name":"La Granja Foods","article_published_time":"2025-07-15T06:25:57+00:00","article_modified_time":"2025-07-15T08:25:57+00:00","og_image":[{"width":2000,"height":1500,"url":"https:\/\/lagranjafoods.com\/wp-content\/uploads\/Banner-blog-pagina-web-2000-\u00d7-1500-px-6.jpg","type":"image\/jpeg"}],"author":"conta","twitter_card":"summary_large_image","twitter_misc":{"Escrit per":"conta","Temps estimat de lectura":"2 minut"},"schema":{"@context":"https:\/\/schema.org","@graph":[{"@type":"Article","@id":"https:\/\/lagranjafoods.com\/ca\/taula-de-gelat-amb-cookies-davena-i-lli-ecologiques\/#article","isPartOf":{"@id":"https:\/\/lagranjafoods.com\/ca\/taula-de-gelat-amb-cookies-davena-i-lli-ecologiques\/"},"author":{"name":"conta","@id":"https:\/\/lagranjafoods.com\/ca\/#\/schema\/person\/a09ef344e5c3da6e521ed0a69afd694c"},"headline":"Taula de Gelat amb Cookies d\u2019Avena i Lli Ecol\u00f2giques","datePublished":"2025-07-15T06:25:57+00:00","dateModified":"2025-07-15T08:25:57+00:00","mainEntityOfPage":{"@id":"https:\/\/lagranjafoods.com\/ca\/taula-de-gelat-amb-cookies-davena-i-lli-ecologiques\/"},"wordCount":222,"publisher":{"@id":"https:\/\/lagranjafoods.com\/ca\/#organization"},"image":{"@id":"https:\/\/lagranjafoods.com\/ca\/taula-de-gelat-amb-cookies-davena-i-lli-ecologiques\/#primaryimage"},"thumbnailUrl":"https:\/\/lagranjafoods.com\/wp-content\/uploads\/Banner-blog-pagina-web-2000-\u00d7-1500-px-6.jpg","keywords":["chocolate|navidad|Sin gluten"],"articleSection":["Receptes"],"inLanguage":"ca"},{"@type":"WebPage","@id":"https:\/\/lagranjafoods.com\/ca\/taula-de-gelat-amb-cookies-davena-i-lli-ecologiques\/","url":"https:\/\/lagranjafoods.com\/ca\/taula-de-gelat-amb-cookies-davena-i-lli-ecologiques\/","name":"Taula de Gelat amb Cookies d\u2019Avena i Lli Ecol\u00f2giques - La Granja Foods","isPartOf":{"@id":"https:\/\/lagranjafoods.com\/ca\/#website"},"primaryImageOfPage":{"@id":"https:\/\/lagranjafoods.com\/ca\/taula-de-gelat-amb-cookies-davena-i-lli-ecologiques\/#primaryimage"},"image":{"@id":"https:\/\/lagranjafoods.com\/ca\/taula-de-gelat-amb-cookies-davena-i-lli-ecologiques\/#primaryimage"},"thumbnailUrl":"https:\/\/lagranjafoods.com\/wp-content\/uploads\/Banner-blog-pagina-web-2000-\u00d7-1500-px-6.jpg","datePublished":"2025-07-15T06:25:57+00:00","dateModified":"2025-07-15T08:25:57+00:00","description":"Taula de Gelat amb Cookies d'Avena i Lli Ecol\u00f2giques. Irresistibles i ideals per fer amb familia o amics i passar una bona estona!","breadcrumb":{"@id":"https:\/\/lagranjafoods.com\/ca\/taula-de-gelat-amb-cookies-davena-i-lli-ecologiques\/#breadcrumb"},"inLanguage":"ca","potentialAction":[{"@type":"ReadAction","target":["https:\/\/lagranjafoods.com\/ca\/taula-de-gelat-amb-cookies-davena-i-lli-ecologiques\/"]}]},{"@type":"ImageObject","inLanguage":"ca","@id":"https:\/\/lagranjafoods.com\/ca\/taula-de-gelat-amb-cookies-davena-i-lli-ecologiques\/#primaryimage","url":"https:\/\/lagranjafoods.com\/wp-content\/uploads\/Banner-blog-pagina-web-2000-\u00d7-1500-px-6.jpg","contentUrl":"https:\/\/lagranjafoods.com\/wp-content\/uploads\/Banner-blog-pagina-web-2000-\u00d7-1500-px-6.jpg","width":2000,"height":1500},{"@type":"BreadcrumbList","@id":"https:\/\/lagranjafoods.com\/ca\/taula-de-gelat-amb-cookies-davena-i-lli-ecologiques\/#breadcrumb","itemListElement":[{"@type":"ListItem","position":1,"name":"Portada","item":"https:\/\/lagranjafoods.com\/ca\/"},{"@type":"ListItem","position":2,"name":"Taula de Gelat amb Cookies d\u2019Avena i Lli Ecol\u00f2giques"}]},{"@type":"WebSite","@id":"https:\/\/lagranjafoods.com\/ca\/#website","url":"https:\/\/lagranjafoods.com\/ca\/","name":"La Granja Foods","description":"\u00a1Benvinguts a La Granja! Qualitat, sabor i frescor des de 1959.","publisher":{"@id":"https:\/\/lagranjafoods.com\/ca\/#organization"},"potentialAction":[{"@type":"SearchAction","target":{"@type":"EntryPoint","urlTemplate":"https:\/\/lagranjafoods.com\/ca\/?s={search_term_string}"},"query-input":{"@type":"PropertyValueSpecification","valueRequired":true,"valueName":"search_term_string"}}],"inLanguage":"ca"},{"@type":"Organization","@id":"https:\/\/lagranjafoods.com\/ca\/#organization","name":"La Granja Foods","url":"https:\/\/lagranjafoods.com\/ca\/","logo":{"@type":"ImageObject","inLanguage":"ca","@id":"https:\/\/lagranjafoods.com\/ca\/#\/schema\/logo\/image\/","url":"https:\/\/lagranjafoods.com\/wp-content\/uploads\/logo-lagranjafoods.png","contentUrl":"https:\/\/lagranjafoods.com\/wp-content\/uploads\/logo-lagranjafoods.png","width":539,"height":158,"caption":"La Granja Foods "},"image":{"@id":"https:\/\/lagranjafoods.com\/ca\/#\/schema\/logo\/image\/"}},{"@type":"Person","@id":"https:\/\/lagranjafoods.com\/ca\/#\/schema\/person\/a09ef344e5c3da6e521ed0a69afd694c","name":"conta"}]}},"_links":{"self":[{"href":"https:\/\/lagranjafoods.com\/ca\/wp-json\/wp\/v2\/posts\/39476","targetHints":{"allow":["GET"]}}],"collection":[{"href":"https:\/\/lagranjafoods.com\/ca\/wp-json\/wp\/v2\/posts"}],"about":[{"href":"https:\/\/lagranjafoods.com\/ca\/wp-json\/wp\/v2\/types\/post"}],"author":[{"embeddable":true,"href":"https:\/\/lagranjafoods.com\/ca\/wp-json\/wp\/v2\/users\/565"}],"replies":[{"embeddable":true,"href":"https:\/\/lagranjafoods.com\/ca\/wp-json\/wp\/v2\/comments?post=39476"}],"version-history":[{"count":0,"href":"https:\/\/lagranjafoods.com\/ca\/wp-json\/wp\/v2\/posts\/39476\/revisions"}],"wp:featuredmedia":[{"embeddable":true,"href":"https:\/\/lagranjafoods.com\/ca\/wp-json\/wp\/v2\/media\/39478"}],"wp:attachment":[{"href":"https:\/\/lagranjafoods.com\/ca\/wp-json\/wp\/v2\/media?parent=39476"}],"wp:term":[{"taxonomy":"category","embeddable":true,"href":"https:\/\/lagranjafoods.com\/ca\/wp-json\/wp\/v2\/categories?post=39476"},{"taxonomy":"post_tag","embeddable":true,"href":"https:\/\/lagranjafoods.com\/ca\/wp-json\/wp\/v2\/tags?post=39476"}],"curies":[{"name":"wp","href":"https:\/\/api.w.org\/{rel}","templated":true}]}}