{"id":39437,"date":"2026-06-30T09:47:13","date_gmt":"2026-06-30T07:47:13","guid":{"rendered":"http:\/\/lagranjafoods.com\/?p=39437"},"modified":"2026-06-30T09:47:13","modified_gmt":"2026-06-30T07:47:13","slug":"patis-vega-dalvocat-i-llima","status":"publish","type":"post","link":"https:\/\/lagranjafoods.com\/ca\/patis-vega-dalvocat-i-llima\/","title":{"rendered":"Pat\u00eds Veg\u00e0 d&#8217;Alvocat i Llima"},"content":{"rendered":"<h2>INGREDIENTS<\/h2>\n<ul>\n<li data-start=\"179\" data-end=\"238\">Galetes Veganes de Pastanaga, Yuzu i Cereals de La Granja<\/li>\n<li data-start=\"241\" data-end=\"261\">125 g de margarina<\/li>\n<li data-start=\"264\" data-end=\"297\">4 l\u00e0mines de gelatina hidratada<\/li>\n<li data-start=\"300\" data-end=\"327\">1\/2 tassa de suc de llima<\/li>\n<li data-start=\"330\" data-end=\"342\">4 alvocats<\/li>\n<li data-start=\"345\" data-end=\"363\">Xarop d\u2019atzavara<\/li>\n<li data-start=\"366\" data-end=\"379\">Oli de coco<\/li>\n<li data-start=\"382\" data-end=\"397\">Pell de llima<\/li>\n<li data-start=\"400\" data-end=\"417\">Pell de taronja<\/li>\n<\/ul>\n<h2>ELABORACI\u00d3<\/h2>\n<ol>\n<li data-start=\"440\" data-end=\"533\">Tritura les galetes fins a obtenir una textura arenosa i barreja-les amb la margarina fosa.<\/li>\n<li data-start=\"440\" data-end=\"533\">Aboca la barreja en un motlle i posa-la a la nevera perqu\u00e8 es solidifiqui.<\/li>\n<li data-start=\"440\" data-end=\"533\">Hidrata les l\u00e0mines de gelatina amb el suc de llima i escalfa-les al microones fins que es dissolguin completament.<\/li>\n<li data-start=\"440\" data-end=\"533\">En un bol, afegeix els alvocats, el xarop d\u2019atzavara, l\u2019oli de coco, la gelatina dissolta i la ratlladura de llima i de taronja. Tritura-ho tot fins a obtenir una crema suau.<\/li>\n<li data-start=\"440\" data-end=\"533\">Aboca la mescla sobre la base de galetes i refrigera fins que qualli. I a gaudir de La Granja Foods amb aquest delici\u00f3s past\u00eds veg\u00e0!<\/li>\n<\/ol>\n","protected":false},"excerpt":{"rendered":"<p>INGREDIENTS Galetes Veganes de Pastanaga, Yuzu i Cereals de La Granja 125 g de margarina 4 l\u00e0mines de gelatina hidratada 1\/2 tassa de suc de llima 4 alvocats Xarop d\u2019atzavara &hellip;<\/p>\n","protected":false},"author":565,"featured_media":39443,"comment_status":"closed","ping_status":"open","sticky":false,"template":"","format":"standard","meta":{"_acf_changed":false,"mc4wp_mailchimp_campaign":[],"footnotes":""},"categories":[82],"tags":[578],"class_list":["post-39437","post","type-post","status-publish","format-standard","has-post-thumbnail","hentry","category-receptes","tag-sin-gluten-ca"],"acf":[],"yoast_head":"<!-- This site is optimized with the Yoast SEO plugin v28.3 - https:\/\/yoast.com\/product\/yoast-seo-wordpress\/ -->\n<title>Pat\u00eds Veg\u00e0 d&#039;Alvocat i Llima - La Granja Foods<\/title>\n<meta name=\"description\" content=\"Past\u00eds Veg\u00e0 d&#039;Alvocat i Llima. Irresistibles i ideals per fer amb familia o amics i passar una bona estona!\" \/>\n<meta name=\"robots\" content=\"index, follow, max-snippet:-1, max-image-preview:large, max-video-preview:-1\" \/>\n<link rel=\"canonical\" href=\"https:\/\/lagranjafoods.com\/ca\/patis-vega-dalvocat-i-llima\/\" \/>\n<meta property=\"og:locale\" content=\"ca_ES\" \/>\n<meta property=\"og:type\" content=\"article\" \/>\n<meta property=\"og:title\" content=\"Pat\u00eds Veg\u00e0 d&#039;Alvocat i Llima - La Granja Foods\" \/>\n<meta property=\"og:description\" content=\"Past\u00eds Veg\u00e0 d&#039;Alvocat i Llima. Irresistibles i ideals per fer amb familia o amics i passar una bona estona!\" \/>\n<meta property=\"og:url\" content=\"https:\/\/lagranjafoods.com\/ca\/patis-vega-dalvocat-i-llima\/\" \/>\n<meta property=\"og:site_name\" content=\"La Granja Foods\" \/>\n<meta property=\"article:published_time\" content=\"2026-06-30T07:47:13+00:00\" \/>\n<meta property=\"og:image\" content=\"https:\/\/lagranjafoods.com\/wp-content\/uploads\/Banner-blog-pagina-web-2000-\u00d7-1500-px-3-2.jpg\" \/>\n\t<meta property=\"og:image:width\" content=\"2000\" \/>\n\t<meta property=\"og:image:height\" content=\"1500\" \/>\n\t<meta property=\"og:image:type\" content=\"image\/jpeg\" \/>\n<meta name=\"author\" content=\"conta\" \/>\n<meta name=\"twitter:card\" content=\"summary_large_image\" \/>\n<meta name=\"twitter:label1\" content=\"Escrit per\" \/>\n\t<meta name=\"twitter:data1\" content=\"conta\" \/>\n\t<meta name=\"twitter:label2\" content=\"Temps estimat de lectura\" \/>\n\t<meta name=\"twitter:data2\" content=\"1 minut\" \/>\n<script type=\"application\/ld+json\" class=\"yoast-schema-graph\">{\"@context\":\"https:\\\/\\\/schema.org\",\"@graph\":[{\"@type\":\"Article\",\"@id\":\"https:\\\/\\\/lagranjafoods.com\\\/ca\\\/patis-vega-dalvocat-i-llima\\\/#article\",\"isPartOf\":{\"@id\":\"https:\\\/\\\/lagranjafoods.com\\\/ca\\\/patis-vega-dalvocat-i-llima\\\/\"},\"author\":{\"name\":\"conta\",\"@id\":\"https:\\\/\\\/lagranjafoods.com\\\/ca\\\/#\\\/schema\\\/person\\\/a09ef344e5c3da6e521ed0a69afd694c\"},\"headline\":\"Pat\u00eds Veg\u00e0 d&#8217;Alvocat i Llima\",\"datePublished\":\"2026-06-30T07:47:13+00:00\",\"mainEntityOfPage\":{\"@id\":\"https:\\\/\\\/lagranjafoods.com\\\/ca\\\/patis-vega-dalvocat-i-llima\\\/\"},\"wordCount\":154,\"publisher\":{\"@id\":\"https:\\\/\\\/lagranjafoods.com\\\/ca\\\/#organization\"},\"image\":{\"@id\":\"https:\\\/\\\/lagranjafoods.com\\\/ca\\\/patis-vega-dalvocat-i-llima\\\/#primaryimage\"},\"thumbnailUrl\":\"https:\\\/\\\/lagranjafoods.com\\\/wp-content\\\/uploads\\\/Banner-blog-pagina-web-2000-\u00d7-1500-px-3-2.jpg\",\"keywords\":[\"Sin gluten\"],\"articleSection\":[\"Receptes\"],\"inLanguage\":\"ca\"},{\"@type\":\"WebPage\",\"@id\":\"https:\\\/\\\/lagranjafoods.com\\\/ca\\\/patis-vega-dalvocat-i-llima\\\/\",\"url\":\"https:\\\/\\\/lagranjafoods.com\\\/ca\\\/patis-vega-dalvocat-i-llima\\\/\",\"name\":\"Pat\u00eds Veg\u00e0 d'Alvocat i Llima - La Granja Foods\",\"isPartOf\":{\"@id\":\"https:\\\/\\\/lagranjafoods.com\\\/ca\\\/#website\"},\"primaryImageOfPage\":{\"@id\":\"https:\\\/\\\/lagranjafoods.com\\\/ca\\\/patis-vega-dalvocat-i-llima\\\/#primaryimage\"},\"image\":{\"@id\":\"https:\\\/\\\/lagranjafoods.com\\\/ca\\\/patis-vega-dalvocat-i-llima\\\/#primaryimage\"},\"thumbnailUrl\":\"https:\\\/\\\/lagranjafoods.com\\\/wp-content\\\/uploads\\\/Banner-blog-pagina-web-2000-\u00d7-1500-px-3-2.jpg\",\"datePublished\":\"2026-06-30T07:47:13+00:00\",\"description\":\"Past\u00eds Veg\u00e0 d'Alvocat i Llima. Irresistibles i ideals per fer amb familia o amics i passar una bona estona!\",\"breadcrumb\":{\"@id\":\"https:\\\/\\\/lagranjafoods.com\\\/ca\\\/patis-vega-dalvocat-i-llima\\\/#breadcrumb\"},\"inLanguage\":\"ca\",\"potentialAction\":[{\"@type\":\"ReadAction\",\"target\":[\"https:\\\/\\\/lagranjafoods.com\\\/ca\\\/patis-vega-dalvocat-i-llima\\\/\"]}]},{\"@type\":\"ImageObject\",\"inLanguage\":\"ca\",\"@id\":\"https:\\\/\\\/lagranjafoods.com\\\/ca\\\/patis-vega-dalvocat-i-llima\\\/#primaryimage\",\"url\":\"https:\\\/\\\/lagranjafoods.com\\\/wp-content\\\/uploads\\\/Banner-blog-pagina-web-2000-\u00d7-1500-px-3-2.jpg\",\"contentUrl\":\"https:\\\/\\\/lagranjafoods.com\\\/wp-content\\\/uploads\\\/Banner-blog-pagina-web-2000-\u00d7-1500-px-3-2.jpg\",\"width\":2000,\"height\":1500},{\"@type\":\"BreadcrumbList\",\"@id\":\"https:\\\/\\\/lagranjafoods.com\\\/ca\\\/patis-vega-dalvocat-i-llima\\\/#breadcrumb\",\"itemListElement\":[{\"@type\":\"ListItem\",\"position\":1,\"name\":\"Portada\",\"item\":\"https:\\\/\\\/lagranjafoods.com\\\/ca\\\/\"},{\"@type\":\"ListItem\",\"position\":2,\"name\":\"Pat\u00eds Veg\u00e0 d&#8217;Alvocat i Llima\"}]},{\"@type\":\"WebSite\",\"@id\":\"https:\\\/\\\/lagranjafoods.com\\\/ca\\\/#website\",\"url\":\"https:\\\/\\\/lagranjafoods.com\\\/ca\\\/\",\"name\":\"La Granja Foods\",\"description\":\"\u00a1Benvinguts a La Granja! Qualitat, sabor i frescor des de 1959.\",\"publisher\":{\"@id\":\"https:\\\/\\\/lagranjafoods.com\\\/ca\\\/#organization\"},\"potentialAction\":[{\"@type\":\"SearchAction\",\"target\":{\"@type\":\"EntryPoint\",\"urlTemplate\":\"https:\\\/\\\/lagranjafoods.com\\\/ca\\\/?s={search_term_string}\"},\"query-input\":{\"@type\":\"PropertyValueSpecification\",\"valueRequired\":true,\"valueName\":\"search_term_string\"}}],\"inLanguage\":\"ca\"},{\"@type\":\"Organization\",\"@id\":\"https:\\\/\\\/lagranjafoods.com\\\/ca\\\/#organization\",\"name\":\"La Granja Foods\",\"url\":\"https:\\\/\\\/lagranjafoods.com\\\/ca\\\/\",\"logo\":{\"@type\":\"ImageObject\",\"inLanguage\":\"ca\",\"@id\":\"https:\\\/\\\/lagranjafoods.com\\\/ca\\\/#\\\/schema\\\/logo\\\/image\\\/\",\"url\":\"https:\\\/\\\/lagranjafoods.com\\\/wp-content\\\/uploads\\\/logo-lagranjafoods.png\",\"contentUrl\":\"https:\\\/\\\/lagranjafoods.com\\\/wp-content\\\/uploads\\\/logo-lagranjafoods.png\",\"width\":539,\"height\":158,\"caption\":\"La Granja Foods \"},\"image\":{\"@id\":\"https:\\\/\\\/lagranjafoods.com\\\/ca\\\/#\\\/schema\\\/logo\\\/image\\\/\"}},{\"@type\":\"Person\",\"@id\":\"https:\\\/\\\/lagranjafoods.com\\\/ca\\\/#\\\/schema\\\/person\\\/a09ef344e5c3da6e521ed0a69afd694c\",\"name\":\"conta\"}]}<\/script>\n<!-- \/ Yoast SEO plugin. -->","yoast_head_json":{"title":"Pat\u00eds Veg\u00e0 d'Alvocat i Llima - La Granja Foods","description":"Past\u00eds Veg\u00e0 d'Alvocat i Llima. Irresistibles i ideals per fer amb familia o amics i passar una bona estona!","robots":{"index":"index","follow":"follow","max-snippet":"max-snippet:-1","max-image-preview":"max-image-preview:large","max-video-preview":"max-video-preview:-1"},"canonical":"https:\/\/lagranjafoods.com\/ca\/patis-vega-dalvocat-i-llima\/","og_locale":"ca_ES","og_type":"article","og_title":"Pat\u00eds Veg\u00e0 d'Alvocat i Llima - La Granja Foods","og_description":"Past\u00eds Veg\u00e0 d'Alvocat i Llima. Irresistibles i ideals per fer amb familia o amics i passar una bona estona!","og_url":"https:\/\/lagranjafoods.com\/ca\/patis-vega-dalvocat-i-llima\/","og_site_name":"La Granja Foods","article_published_time":"2026-06-30T07:47:13+00:00","og_image":[{"width":2000,"height":1500,"url":"https:\/\/lagranjafoods.com\/wp-content\/uploads\/Banner-blog-pagina-web-2000-\u00d7-1500-px-3-2.jpg","type":"image\/jpeg"}],"author":"conta","twitter_card":"summary_large_image","twitter_misc":{"Escrit per":"conta","Temps estimat de lectura":"1 minut"},"schema":{"@context":"https:\/\/schema.org","@graph":[{"@type":"Article","@id":"https:\/\/lagranjafoods.com\/ca\/patis-vega-dalvocat-i-llima\/#article","isPartOf":{"@id":"https:\/\/lagranjafoods.com\/ca\/patis-vega-dalvocat-i-llima\/"},"author":{"name":"conta","@id":"https:\/\/lagranjafoods.com\/ca\/#\/schema\/person\/a09ef344e5c3da6e521ed0a69afd694c"},"headline":"Pat\u00eds Veg\u00e0 d&#8217;Alvocat i Llima","datePublished":"2026-06-30T07:47:13+00:00","mainEntityOfPage":{"@id":"https:\/\/lagranjafoods.com\/ca\/patis-vega-dalvocat-i-llima\/"},"wordCount":154,"publisher":{"@id":"https:\/\/lagranjafoods.com\/ca\/#organization"},"image":{"@id":"https:\/\/lagranjafoods.com\/ca\/patis-vega-dalvocat-i-llima\/#primaryimage"},"thumbnailUrl":"https:\/\/lagranjafoods.com\/wp-content\/uploads\/Banner-blog-pagina-web-2000-\u00d7-1500-px-3-2.jpg","keywords":["Sin gluten"],"articleSection":["Receptes"],"inLanguage":"ca"},{"@type":"WebPage","@id":"https:\/\/lagranjafoods.com\/ca\/patis-vega-dalvocat-i-llima\/","url":"https:\/\/lagranjafoods.com\/ca\/patis-vega-dalvocat-i-llima\/","name":"Pat\u00eds Veg\u00e0 d'Alvocat i Llima - La Granja Foods","isPartOf":{"@id":"https:\/\/lagranjafoods.com\/ca\/#website"},"primaryImageOfPage":{"@id":"https:\/\/lagranjafoods.com\/ca\/patis-vega-dalvocat-i-llima\/#primaryimage"},"image":{"@id":"https:\/\/lagranjafoods.com\/ca\/patis-vega-dalvocat-i-llima\/#primaryimage"},"thumbnailUrl":"https:\/\/lagranjafoods.com\/wp-content\/uploads\/Banner-blog-pagina-web-2000-\u00d7-1500-px-3-2.jpg","datePublished":"2026-06-30T07:47:13+00:00","description":"Past\u00eds Veg\u00e0 d'Alvocat i Llima. Irresistibles i ideals per fer amb familia o amics i passar una bona estona!","breadcrumb":{"@id":"https:\/\/lagranjafoods.com\/ca\/patis-vega-dalvocat-i-llima\/#breadcrumb"},"inLanguage":"ca","potentialAction":[{"@type":"ReadAction","target":["https:\/\/lagranjafoods.com\/ca\/patis-vega-dalvocat-i-llima\/"]}]},{"@type":"ImageObject","inLanguage":"ca","@id":"https:\/\/lagranjafoods.com\/ca\/patis-vega-dalvocat-i-llima\/#primaryimage","url":"https:\/\/lagranjafoods.com\/wp-content\/uploads\/Banner-blog-pagina-web-2000-\u00d7-1500-px-3-2.jpg","contentUrl":"https:\/\/lagranjafoods.com\/wp-content\/uploads\/Banner-blog-pagina-web-2000-\u00d7-1500-px-3-2.jpg","width":2000,"height":1500},{"@type":"BreadcrumbList","@id":"https:\/\/lagranjafoods.com\/ca\/patis-vega-dalvocat-i-llima\/#breadcrumb","itemListElement":[{"@type":"ListItem","position":1,"name":"Portada","item":"https:\/\/lagranjafoods.com\/ca\/"},{"@type":"ListItem","position":2,"name":"Pat\u00eds Veg\u00e0 d&#8217;Alvocat i Llima"}]},{"@type":"WebSite","@id":"https:\/\/lagranjafoods.com\/ca\/#website","url":"https:\/\/lagranjafoods.com\/ca\/","name":"La Granja Foods","description":"\u00a1Benvinguts a La Granja! Qualitat, sabor i frescor des de 1959.","publisher":{"@id":"https:\/\/lagranjafoods.com\/ca\/#organization"},"potentialAction":[{"@type":"SearchAction","target":{"@type":"EntryPoint","urlTemplate":"https:\/\/lagranjafoods.com\/ca\/?s={search_term_string}"},"query-input":{"@type":"PropertyValueSpecification","valueRequired":true,"valueName":"search_term_string"}}],"inLanguage":"ca"},{"@type":"Organization","@id":"https:\/\/lagranjafoods.com\/ca\/#organization","name":"La Granja Foods","url":"https:\/\/lagranjafoods.com\/ca\/","logo":{"@type":"ImageObject","inLanguage":"ca","@id":"https:\/\/lagranjafoods.com\/ca\/#\/schema\/logo\/image\/","url":"https:\/\/lagranjafoods.com\/wp-content\/uploads\/logo-lagranjafoods.png","contentUrl":"https:\/\/lagranjafoods.com\/wp-content\/uploads\/logo-lagranjafoods.png","width":539,"height":158,"caption":"La Granja Foods "},"image":{"@id":"https:\/\/lagranjafoods.com\/ca\/#\/schema\/logo\/image\/"}},{"@type":"Person","@id":"https:\/\/lagranjafoods.com\/ca\/#\/schema\/person\/a09ef344e5c3da6e521ed0a69afd694c","name":"conta"}]}},"_links":{"self":[{"href":"https:\/\/lagranjafoods.com\/ca\/wp-json\/wp\/v2\/posts\/39437","targetHints":{"allow":["GET"]}}],"collection":[{"href":"https:\/\/lagranjafoods.com\/ca\/wp-json\/wp\/v2\/posts"}],"about":[{"href":"https:\/\/lagranjafoods.com\/ca\/wp-json\/wp\/v2\/types\/post"}],"author":[{"embeddable":true,"href":"https:\/\/lagranjafoods.com\/ca\/wp-json\/wp\/v2\/users\/565"}],"replies":[{"embeddable":true,"href":"https:\/\/lagranjafoods.com\/ca\/wp-json\/wp\/v2\/comments?post=39437"}],"version-history":[{"count":0,"href":"https:\/\/lagranjafoods.com\/ca\/wp-json\/wp\/v2\/posts\/39437\/revisions"}],"wp:featuredmedia":[{"embeddable":true,"href":"https:\/\/lagranjafoods.com\/ca\/wp-json\/wp\/v2\/media\/39443"}],"wp:attachment":[{"href":"https:\/\/lagranjafoods.com\/ca\/wp-json\/wp\/v2\/media?parent=39437"}],"wp:term":[{"taxonomy":"category","embeddable":true,"href":"https:\/\/lagranjafoods.com\/ca\/wp-json\/wp\/v2\/categories?post=39437"},{"taxonomy":"post_tag","embeddable":true,"href":"https:\/\/lagranjafoods.com\/ca\/wp-json\/wp\/v2\/tags?post=39437"}],"curies":[{"name":"wp","href":"https:\/\/api.w.org\/{rel}","templated":true}]}}