{"id":37775,"date":"2025-02-14T12:09:48","date_gmt":"2025-02-14T10:09:48","guid":{"rendered":"http:\/\/lagranjafoods.com\/?p=37775"},"modified":"2025-02-14T12:10:08","modified_gmt":"2025-02-14T12:10:08","slug":"la-granja-foods-reforca-la-seva-linia-de-co-branding-amb-torrons-vicens","status":"publish","type":"post","link":"https:\/\/lagranjafoods.com\/ca\/la-granja-foods-reforca-la-seva-linia-de-co-branding-amb-torrons-vicens\/","title":{"rendered":"La Granja Foods refor\u00e7a la seva l\u00ednia de Co-Branding amb Torrons Vicens"},"content":{"rendered":"\n<p class=\"wp-block-paragraph\">La Granja Foods, una empresa familiar des del 1959, est\u00e0 celebrant un any ple d&#8217;\u00e8xits.<\/p>\n\n\n\n<p class=\"wp-block-paragraph\">Als seus recentment complerts 65 anys d\u2019hist\u00f2ria i tradici\u00f3, s&#8217;hi suma un fort comprom\u00eds amb la innovaci\u00f3 i el desenvolupament, caracter\u00edstiques clau de l&#8217;empresa. En aquest context, ha llan\u00e7at al mercat quatre nous i sorprenents productes en co-branding amb la tamb\u00e9 empresa familiar Torrons Vicens.<\/p>\n\n\n\n<p class=\"wp-block-paragraph\">L&#8217;aposta de La Granja Foods pels co-brandings va comen\u00e7ar el 2021, amb l&#8217;objectiu de donar suport al projecte solidari de La Fageda. Aquesta col\u00b7laboraci\u00f3 ha perm\u00e8s elaborar productes d&#8217;alta qualitat mitjan\u00e7ant una estructura empresarial amb finalitats socials, que busca donar sentit a la vida de persones en situaci\u00f3 de vulnerabilitat. Fruit d\u2019aquesta alian\u00e7a, es van llan\u00e7ar al mercat dos bescuits i una mini magdalena, amb el iogurt fresc natural de La Fageda com a ingredient estrella.<\/p>\n\n\n\n<p class=\"wp-block-paragraph\">Gr\u00e0cies a l\u2019excel\u00b7lent acollida dels consumidors, La Granja Foods va decidir crear una nova l\u00ednia: Special Editions, que ha obert la porta a noves col\u00b7laboracions amb empreses que comparteixen no nom\u00e9s el seu comprom\u00eds amb la qualitat, sin\u00f3 tamb\u00e9 el seu bon fer. En aquesta l\u00ednia, s&#8217;han incorporat productes tan innovadors com la Magdalena de Mel amb Pr\u00f2polis, desenvolupada juntament amb Alemany 1879, defensors del m\u00f3n rural. A aquesta gamma s&#8217;hi afegeixen tamb\u00e9 els ex\u00f2tics pa de pessic de te Chai o te Matcha, en col\u00b7laboraci\u00f3 amb <strong>Te<\/strong>a<strong> Shop<\/strong>, una marca de refer\u00e8ncia en el m\u00f3n del te d\u2019alta qualitat.<\/p>\n\n\n\n<h3 class=\"wp-block-heading\">Pa de Pessic, Mini Magdalena i Magdalena Magnum<\/h3>\n\n\n\n<p class=\"wp-block-paragraph\">Amb una traject\u00f2ria que es remunta a 1775 a Agramunt (Lleida), Torrons Vicens \u00e9s una empresa amb una gran tradici\u00f3 torronaire. Per aquest motiu, el departament d&#8217;R+D de La Granja Foods ha treballat intensament per desenvolupar noves textures que combinen l\u2019esponjositat dels bescuits i magdalenes amb el \u00abcrunch\u00bb caracter\u00edstic dels torrons tradicionals de Torrons Vicens. Aix\u00ed neixen un pa de pessic i una mini magdalena elaborats amb torr\u00f3 dur, a m\u00e9s d\u2019una Magdalena Magnum amb Torta de Torr\u00f3 d\u2019Agramunt. Tamb\u00e9, s\u2019incorpora a la l\u00ednia sense gluten i sense lactosa de La Granja Foods un esponj\u00f3s pa de pessic d\u2019ametlla, amb la garantia de qualitat de Torrons Vicens.<\/p>\n\n\n\n<p class=\"wp-block-paragraph\">Aquest projecte culmina un any en qu\u00e8 s\u2019ha refor\u00e7at l\u2019aposta de La Granja Foods per l\u2019e-commerce, la pres\u00e8ncia en mitjans i l\u2019expansi\u00f3 i internacionalitzaci\u00f3 de la companyia.<\/p>\n","protected":false},"excerpt":{"rendered":"<p>La Granja Foods, una empresa familiar des del 1959, est\u00e0 celebrant un any ple d&#8217;\u00e8xits. Als seus recentment complerts 65 anys d\u2019hist\u00f2ria i tradici\u00f3, s&#8217;hi suma un fort comprom\u00eds amb &hellip;<\/p>\n","protected":false},"author":565,"featured_media":37782,"comment_status":"closed","ping_status":"open","sticky":false,"template":"","format":"standard","meta":{"_acf_changed":false,"mc4wp_mailchimp_campaign":[],"footnotes":""},"categories":[81],"tags":[578],"class_list":["post-37775","post","type-post","status-publish","format-standard","has-post-thumbnail","hentry","category-news-ca","tag-sin-gluten-ca"],"acf":[],"yoast_head":"<!-- This site is optimized with the Yoast SEO plugin v28.3 - https:\/\/yoast.com\/product\/yoast-seo-wordpress\/ -->\n<title>La Granja Foods refor\u00e7a la seva l\u00ednia de Co-Branding amb Torrons Vicens - La Granja Foods<\/title>\n<meta name=\"description\" content=\"La Granja Foods s&#039;enorgulleix de refor\u00e7ar la seva l\u00ednia de co-branding amb Turrons Vicen\u00e7, traient quatre productes nous al mercat.\" \/>\n<meta name=\"robots\" content=\"index, follow, max-snippet:-1, max-image-preview:large, max-video-preview:-1\" \/>\n<link rel=\"canonical\" href=\"https:\/\/lagranjafoods.com\/ca\/la-granja-foods-reforca-la-seva-linia-de-co-branding-amb-torrons-vicens\/\" \/>\n<meta property=\"og:locale\" content=\"ca_ES\" \/>\n<meta property=\"og:type\" content=\"article\" \/>\n<meta property=\"og:title\" content=\"La Granja Foods refor\u00e7a la seva l\u00ednia de Co-Branding amb Torrons Vicens - La Granja Foods\" \/>\n<meta property=\"og:description\" content=\"La Granja Foods s&#039;enorgulleix de refor\u00e7ar la seva l\u00ednia de co-branding amb Turrons Vicen\u00e7, traient quatre productes nous al mercat.\" \/>\n<meta property=\"og:url\" content=\"https:\/\/lagranjafoods.com\/ca\/la-granja-foods-reforca-la-seva-linia-de-co-branding-amb-torrons-vicens\/\" \/>\n<meta property=\"og:site_name\" content=\"La Granja Foods\" \/>\n<meta property=\"article:published_time\" content=\"2025-02-14T10:09:48+00:00\" \/>\n<meta property=\"article:modified_time\" content=\"2025-02-14T12:10:08+00:00\" \/>\n<meta property=\"og:image\" content=\"https:\/\/lagranjafoods.com\/wp-content\/uploads\/banner-blog-pagina-web-2000-\u00d7-1500-px-3.jpg\" \/>\n\t<meta property=\"og:image:width\" content=\"2000\" \/>\n\t<meta property=\"og:image:height\" content=\"1500\" \/>\n\t<meta property=\"og:image:type\" content=\"image\/jpeg\" \/>\n<meta name=\"author\" content=\"conta\" \/>\n<meta name=\"twitter:card\" content=\"summary_large_image\" \/>\n<meta name=\"twitter:label1\" content=\"Escrit per\" \/>\n\t<meta name=\"twitter:data1\" content=\"conta\" \/>\n\t<meta name=\"twitter:label2\" content=\"Temps estimat de lectura\" \/>\n\t<meta name=\"twitter:data2\" content=\"2 minut\" \/>\n<script type=\"application\/ld+json\" class=\"yoast-schema-graph\">{\"@context\":\"https:\\\/\\\/schema.org\",\"@graph\":[{\"@type\":\"Article\",\"@id\":\"https:\\\/\\\/lagranjafoods.com\\\/ca\\\/la-granja-foods-reforca-la-seva-linia-de-co-branding-amb-torrons-vicens\\\/#article\",\"isPartOf\":{\"@id\":\"https:\\\/\\\/lagranjafoods.com\\\/ca\\\/la-granja-foods-reforca-la-seva-linia-de-co-branding-amb-torrons-vicens\\\/\"},\"author\":{\"name\":\"conta\",\"@id\":\"https:\\\/\\\/lagranjafoods.com\\\/ca\\\/#\\\/schema\\\/person\\\/a09ef344e5c3da6e521ed0a69afd694c\"},\"headline\":\"La Granja Foods refor\u00e7a la seva l\u00ednia de Co-Branding amb Torrons Vicens\",\"datePublished\":\"2025-02-14T10:09:48+00:00\",\"dateModified\":\"2025-02-14T12:10:08+00:00\",\"mainEntityOfPage\":{\"@id\":\"https:\\\/\\\/lagranjafoods.com\\\/ca\\\/la-granja-foods-reforca-la-seva-linia-de-co-branding-amb-torrons-vicens\\\/\"},\"wordCount\":440,\"publisher\":{\"@id\":\"https:\\\/\\\/lagranjafoods.com\\\/ca\\\/#organization\"},\"image\":{\"@id\":\"https:\\\/\\\/lagranjafoods.com\\\/ca\\\/la-granja-foods-reforca-la-seva-linia-de-co-branding-amb-torrons-vicens\\\/#primaryimage\"},\"thumbnailUrl\":\"https:\\\/\\\/lagranjafoods.com\\\/wp-content\\\/uploads\\\/banner-blog-pagina-web-2000-\u00d7-1500-px-3.jpg\",\"keywords\":[\"Sin gluten\"],\"articleSection\":[\"News\"],\"inLanguage\":\"ca\"},{\"@type\":\"WebPage\",\"@id\":\"https:\\\/\\\/lagranjafoods.com\\\/ca\\\/la-granja-foods-reforca-la-seva-linia-de-co-branding-amb-torrons-vicens\\\/\",\"url\":\"https:\\\/\\\/lagranjafoods.com\\\/ca\\\/la-granja-foods-reforca-la-seva-linia-de-co-branding-amb-torrons-vicens\\\/\",\"name\":\"La Granja Foods refor\u00e7a la seva l\u00ednia de Co-Branding amb Torrons Vicens - La Granja Foods\",\"isPartOf\":{\"@id\":\"https:\\\/\\\/lagranjafoods.com\\\/ca\\\/#website\"},\"primaryImageOfPage\":{\"@id\":\"https:\\\/\\\/lagranjafoods.com\\\/ca\\\/la-granja-foods-reforca-la-seva-linia-de-co-branding-amb-torrons-vicens\\\/#primaryimage\"},\"image\":{\"@id\":\"https:\\\/\\\/lagranjafoods.com\\\/ca\\\/la-granja-foods-reforca-la-seva-linia-de-co-branding-amb-torrons-vicens\\\/#primaryimage\"},\"thumbnailUrl\":\"https:\\\/\\\/lagranjafoods.com\\\/wp-content\\\/uploads\\\/banner-blog-pagina-web-2000-\u00d7-1500-px-3.jpg\",\"datePublished\":\"2025-02-14T10:09:48+00:00\",\"dateModified\":\"2025-02-14T12:10:08+00:00\",\"description\":\"La Granja Foods s'enorgulleix de refor\u00e7ar la seva l\u00ednia de co-branding amb Turrons Vicen\u00e7, traient quatre productes nous al mercat.\",\"breadcrumb\":{\"@id\":\"https:\\\/\\\/lagranjafoods.com\\\/ca\\\/la-granja-foods-reforca-la-seva-linia-de-co-branding-amb-torrons-vicens\\\/#breadcrumb\"},\"inLanguage\":\"ca\",\"potentialAction\":[{\"@type\":\"ReadAction\",\"target\":[\"https:\\\/\\\/lagranjafoods.com\\\/ca\\\/la-granja-foods-reforca-la-seva-linia-de-co-branding-amb-torrons-vicens\\\/\"]}]},{\"@type\":\"ImageObject\",\"inLanguage\":\"ca\",\"@id\":\"https:\\\/\\\/lagranjafoods.com\\\/ca\\\/la-granja-foods-reforca-la-seva-linia-de-co-branding-amb-torrons-vicens\\\/#primaryimage\",\"url\":\"https:\\\/\\\/lagranjafoods.com\\\/wp-content\\\/uploads\\\/banner-blog-pagina-web-2000-\u00d7-1500-px-3.jpg\",\"contentUrl\":\"https:\\\/\\\/lagranjafoods.com\\\/wp-content\\\/uploads\\\/banner-blog-pagina-web-2000-\u00d7-1500-px-3.jpg\",\"width\":2000,\"height\":1500},{\"@type\":\"BreadcrumbList\",\"@id\":\"https:\\\/\\\/lagranjafoods.com\\\/ca\\\/la-granja-foods-reforca-la-seva-linia-de-co-branding-amb-torrons-vicens\\\/#breadcrumb\",\"itemListElement\":[{\"@type\":\"ListItem\",\"position\":1,\"name\":\"Portada\",\"item\":\"https:\\\/\\\/lagranjafoods.com\\\/ca\\\/\"},{\"@type\":\"ListItem\",\"position\":2,\"name\":\"La Granja Foods refor\u00e7a la seva l\u00ednia de Co-Branding amb Torrons Vicens\"}]},{\"@type\":\"WebSite\",\"@id\":\"https:\\\/\\\/lagranjafoods.com\\\/ca\\\/#website\",\"url\":\"https:\\\/\\\/lagranjafoods.com\\\/ca\\\/\",\"name\":\"La Granja Foods\",\"description\":\"\u00a1Benvinguts a La Granja! Qualitat, sabor i frescor des de 1959.\",\"publisher\":{\"@id\":\"https:\\\/\\\/lagranjafoods.com\\\/ca\\\/#organization\"},\"potentialAction\":[{\"@type\":\"SearchAction\",\"target\":{\"@type\":\"EntryPoint\",\"urlTemplate\":\"https:\\\/\\\/lagranjafoods.com\\\/ca\\\/?s={search_term_string}\"},\"query-input\":{\"@type\":\"PropertyValueSpecification\",\"valueRequired\":true,\"valueName\":\"search_term_string\"}}],\"inLanguage\":\"ca\"},{\"@type\":\"Organization\",\"@id\":\"https:\\\/\\\/lagranjafoods.com\\\/ca\\\/#organization\",\"name\":\"La Granja Foods\",\"url\":\"https:\\\/\\\/lagranjafoods.com\\\/ca\\\/\",\"logo\":{\"@type\":\"ImageObject\",\"inLanguage\":\"ca\",\"@id\":\"https:\\\/\\\/lagranjafoods.com\\\/ca\\\/#\\\/schema\\\/logo\\\/image\\\/\",\"url\":\"https:\\\/\\\/lagranjafoods.com\\\/wp-content\\\/uploads\\\/logo-lagranjafoods.png\",\"contentUrl\":\"https:\\\/\\\/lagranjafoods.com\\\/wp-content\\\/uploads\\\/logo-lagranjafoods.png\",\"width\":539,\"height\":158,\"caption\":\"La Granja Foods \"},\"image\":{\"@id\":\"https:\\\/\\\/lagranjafoods.com\\\/ca\\\/#\\\/schema\\\/logo\\\/image\\\/\"}},{\"@type\":\"Person\",\"@id\":\"https:\\\/\\\/lagranjafoods.com\\\/ca\\\/#\\\/schema\\\/person\\\/a09ef344e5c3da6e521ed0a69afd694c\",\"name\":\"conta\"}]}<\/script>\n<!-- \/ Yoast SEO plugin. -->","yoast_head_json":{"title":"La Granja Foods refor\u00e7a la seva l\u00ednia de Co-Branding amb Torrons Vicens - La Granja Foods","description":"La Granja Foods s'enorgulleix de refor\u00e7ar la seva l\u00ednia de co-branding amb Turrons Vicen\u00e7, traient quatre productes nous al mercat.","robots":{"index":"index","follow":"follow","max-snippet":"max-snippet:-1","max-image-preview":"max-image-preview:large","max-video-preview":"max-video-preview:-1"},"canonical":"https:\/\/lagranjafoods.com\/ca\/la-granja-foods-reforca-la-seva-linia-de-co-branding-amb-torrons-vicens\/","og_locale":"ca_ES","og_type":"article","og_title":"La Granja Foods refor\u00e7a la seva l\u00ednia de Co-Branding amb Torrons Vicens - La Granja Foods","og_description":"La Granja Foods s'enorgulleix de refor\u00e7ar la seva l\u00ednia de co-branding amb Turrons Vicen\u00e7, traient quatre productes nous al mercat.","og_url":"https:\/\/lagranjafoods.com\/ca\/la-granja-foods-reforca-la-seva-linia-de-co-branding-amb-torrons-vicens\/","og_site_name":"La Granja Foods","article_published_time":"2025-02-14T10:09:48+00:00","article_modified_time":"2025-02-14T12:10:08+00:00","og_image":[{"width":2000,"height":1500,"url":"https:\/\/lagranjafoods.com\/wp-content\/uploads\/banner-blog-pagina-web-2000-\u00d7-1500-px-3.jpg","type":"image\/jpeg"}],"author":"conta","twitter_card":"summary_large_image","twitter_misc":{"Escrit per":"conta","Temps estimat de lectura":"2 minut"},"schema":{"@context":"https:\/\/schema.org","@graph":[{"@type":"Article","@id":"https:\/\/lagranjafoods.com\/ca\/la-granja-foods-reforca-la-seva-linia-de-co-branding-amb-torrons-vicens\/#article","isPartOf":{"@id":"https:\/\/lagranjafoods.com\/ca\/la-granja-foods-reforca-la-seva-linia-de-co-branding-amb-torrons-vicens\/"},"author":{"name":"conta","@id":"https:\/\/lagranjafoods.com\/ca\/#\/schema\/person\/a09ef344e5c3da6e521ed0a69afd694c"},"headline":"La Granja Foods refor\u00e7a la seva l\u00ednia de Co-Branding amb Torrons Vicens","datePublished":"2025-02-14T10:09:48+00:00","dateModified":"2025-02-14T12:10:08+00:00","mainEntityOfPage":{"@id":"https:\/\/lagranjafoods.com\/ca\/la-granja-foods-reforca-la-seva-linia-de-co-branding-amb-torrons-vicens\/"},"wordCount":440,"publisher":{"@id":"https:\/\/lagranjafoods.com\/ca\/#organization"},"image":{"@id":"https:\/\/lagranjafoods.com\/ca\/la-granja-foods-reforca-la-seva-linia-de-co-branding-amb-torrons-vicens\/#primaryimage"},"thumbnailUrl":"https:\/\/lagranjafoods.com\/wp-content\/uploads\/banner-blog-pagina-web-2000-\u00d7-1500-px-3.jpg","keywords":["Sin gluten"],"articleSection":["News"],"inLanguage":"ca"},{"@type":"WebPage","@id":"https:\/\/lagranjafoods.com\/ca\/la-granja-foods-reforca-la-seva-linia-de-co-branding-amb-torrons-vicens\/","url":"https:\/\/lagranjafoods.com\/ca\/la-granja-foods-reforca-la-seva-linia-de-co-branding-amb-torrons-vicens\/","name":"La Granja Foods refor\u00e7a la seva l\u00ednia de Co-Branding amb Torrons Vicens - La Granja Foods","isPartOf":{"@id":"https:\/\/lagranjafoods.com\/ca\/#website"},"primaryImageOfPage":{"@id":"https:\/\/lagranjafoods.com\/ca\/la-granja-foods-reforca-la-seva-linia-de-co-branding-amb-torrons-vicens\/#primaryimage"},"image":{"@id":"https:\/\/lagranjafoods.com\/ca\/la-granja-foods-reforca-la-seva-linia-de-co-branding-amb-torrons-vicens\/#primaryimage"},"thumbnailUrl":"https:\/\/lagranjafoods.com\/wp-content\/uploads\/banner-blog-pagina-web-2000-\u00d7-1500-px-3.jpg","datePublished":"2025-02-14T10:09:48+00:00","dateModified":"2025-02-14T12:10:08+00:00","description":"La Granja Foods s'enorgulleix de refor\u00e7ar la seva l\u00ednia de co-branding amb Turrons Vicen\u00e7, traient quatre productes nous al mercat.","breadcrumb":{"@id":"https:\/\/lagranjafoods.com\/ca\/la-granja-foods-reforca-la-seva-linia-de-co-branding-amb-torrons-vicens\/#breadcrumb"},"inLanguage":"ca","potentialAction":[{"@type":"ReadAction","target":["https:\/\/lagranjafoods.com\/ca\/la-granja-foods-reforca-la-seva-linia-de-co-branding-amb-torrons-vicens\/"]}]},{"@type":"ImageObject","inLanguage":"ca","@id":"https:\/\/lagranjafoods.com\/ca\/la-granja-foods-reforca-la-seva-linia-de-co-branding-amb-torrons-vicens\/#primaryimage","url":"https:\/\/lagranjafoods.com\/wp-content\/uploads\/banner-blog-pagina-web-2000-\u00d7-1500-px-3.jpg","contentUrl":"https:\/\/lagranjafoods.com\/wp-content\/uploads\/banner-blog-pagina-web-2000-\u00d7-1500-px-3.jpg","width":2000,"height":1500},{"@type":"BreadcrumbList","@id":"https:\/\/lagranjafoods.com\/ca\/la-granja-foods-reforca-la-seva-linia-de-co-branding-amb-torrons-vicens\/#breadcrumb","itemListElement":[{"@type":"ListItem","position":1,"name":"Portada","item":"https:\/\/lagranjafoods.com\/ca\/"},{"@type":"ListItem","position":2,"name":"La Granja Foods refor\u00e7a la seva l\u00ednia de Co-Branding amb Torrons Vicens"}]},{"@type":"WebSite","@id":"https:\/\/lagranjafoods.com\/ca\/#website","url":"https:\/\/lagranjafoods.com\/ca\/","name":"La Granja Foods","description":"\u00a1Benvinguts a La Granja! Qualitat, sabor i frescor des de 1959.","publisher":{"@id":"https:\/\/lagranjafoods.com\/ca\/#organization"},"potentialAction":[{"@type":"SearchAction","target":{"@type":"EntryPoint","urlTemplate":"https:\/\/lagranjafoods.com\/ca\/?s={search_term_string}"},"query-input":{"@type":"PropertyValueSpecification","valueRequired":true,"valueName":"search_term_string"}}],"inLanguage":"ca"},{"@type":"Organization","@id":"https:\/\/lagranjafoods.com\/ca\/#organization","name":"La Granja Foods","url":"https:\/\/lagranjafoods.com\/ca\/","logo":{"@type":"ImageObject","inLanguage":"ca","@id":"https:\/\/lagranjafoods.com\/ca\/#\/schema\/logo\/image\/","url":"https:\/\/lagranjafoods.com\/wp-content\/uploads\/logo-lagranjafoods.png","contentUrl":"https:\/\/lagranjafoods.com\/wp-content\/uploads\/logo-lagranjafoods.png","width":539,"height":158,"caption":"La Granja Foods "},"image":{"@id":"https:\/\/lagranjafoods.com\/ca\/#\/schema\/logo\/image\/"}},{"@type":"Person","@id":"https:\/\/lagranjafoods.com\/ca\/#\/schema\/person\/a09ef344e5c3da6e521ed0a69afd694c","name":"conta"}]}},"_links":{"self":[{"href":"https:\/\/lagranjafoods.com\/ca\/wp-json\/wp\/v2\/posts\/37775","targetHints":{"allow":["GET"]}}],"collection":[{"href":"https:\/\/lagranjafoods.com\/ca\/wp-json\/wp\/v2\/posts"}],"about":[{"href":"https:\/\/lagranjafoods.com\/ca\/wp-json\/wp\/v2\/types\/post"}],"author":[{"embeddable":true,"href":"https:\/\/lagranjafoods.com\/ca\/wp-json\/wp\/v2\/users\/565"}],"replies":[{"embeddable":true,"href":"https:\/\/lagranjafoods.com\/ca\/wp-json\/wp\/v2\/comments?post=37775"}],"version-history":[{"count":0,"href":"https:\/\/lagranjafoods.com\/ca\/wp-json\/wp\/v2\/posts\/37775\/revisions"}],"wp:featuredmedia":[{"embeddable":true,"href":"https:\/\/lagranjafoods.com\/ca\/wp-json\/wp\/v2\/media\/37782"}],"wp:attachment":[{"href":"https:\/\/lagranjafoods.com\/ca\/wp-json\/wp\/v2\/media?parent=37775"}],"wp:term":[{"taxonomy":"category","embeddable":true,"href":"https:\/\/lagranjafoods.com\/ca\/wp-json\/wp\/v2\/categories?post=37775"},{"taxonomy":"post_tag","embeddable":true,"href":"https:\/\/lagranjafoods.com\/ca\/wp-json\/wp\/v2\/tags?post=37775"}],"curies":[{"name":"wp","href":"https:\/\/api.w.org\/{rel}","templated":true}]}}