{"id":37765,"date":"2025-02-14T11:34:15","date_gmt":"2025-02-14T09:34:15","guid":{"rendered":"http:\/\/lagranjafoods.com\/?p=37765"},"modified":"2025-02-14T11:34:28","modified_gmt":"2025-02-14T11:34:28","slug":"la-nostra-nova-oficina-un-espai-que-reflecteix-la-identitat-de-la-granja-foods-1959","status":"publish","type":"post","link":"https:\/\/lagranjafoods.com\/ca\/la-nostra-nova-oficina-un-espai-que-reflecteix-la-identitat-de-la-granja-foods-1959\/","title":{"rendered":"La nostra Nova Oficina: Un Espai que reflecteix la Identitat de La Granja Foods 1959"},"content":{"rendered":"\n<p class=\"wp-block-paragraph\">A mitjans del 2020, vam fer un pas molt important en l\u2019evoluci\u00f3 de la nostra empresa amb la inauguraci\u00f3 de les nostres noves oficines.<\/p>\n\n\n\n<p class=\"wp-block-paragraph\">Per a aquest repte, vam confiar en <strong>Adeyaka<\/strong>, experts en reformes i projectes integrals d\u2019oficina, que van aconseguir materialitzar la nostra filosofia en cada rac\u00f3 de les nostres instal\u00b7lacions. El seu enfocament combina funcionalitat amb est\u00e8tica, assegurant que cada espai no nom\u00e9s sigui eficient, sin\u00f3 tamb\u00e9 acollidor i coherent amb els nostres valors i la nostra identitat corporativa.<\/p>\n\n\n\n<p class=\"wp-block-paragraph\">La nostra empresa, La Granja Foods 1959, porta m\u00e9s de sis d\u00e8cades al mercat, combinant tradici\u00f3 amb innovaci\u00f3. Aquest equilibri ha estat clau en el nostre creixement i havia de reflectir-se en la nostra nova seu. Adeyaka ho va entendre a la perfecci\u00f3 i va projectar un espai que respecta plenament el nostre ADN, aconseguint un equilibri entre modernitat i tradici\u00f3.<\/p>\n\n\n\n<p class=\"wp-block-paragraph\">Tal com descriu la revista<strong> <\/strong>Distritooficina, especialitzada en interiorisme:<em>\u00abAdeyaka assumeix la imatge i filosofia dels seus clients i les trasllada als seus espais de treball. El resultat s\u00f3n instal\u00b7lacions amb personalitat que expressen al visitant els valors de la marca.\u00bb<\/em> i  <em>\u00abAdeyaka projecta amb un interessant equilibri entre modernitat i tradici\u00f3.\u00bb<\/em><\/p>\n\n\n\n<p class=\"wp-block-paragraph\">Un dels elements m\u00e9s destacats en el disseny de les nostres oficines va ser la curosa selecci\u00f3 crom\u00e0tica, inspirada en un dels nostres productes estrella: la magdalena, i algunes mat\u00e8ries primeres com la xocolata, que es pot veure en paviments, parets, sostres i mobiliari per transmetre calidesa i proximitat. La fusta juga un paper destacat per generar estances c\u00e0lides amb un toc r\u00fastic. A m\u00e9s, l\u2019\u00fas estrat\u00e8gic de la il\u00b7luminaci\u00f3 potencia encara m\u00e9s aquesta sensaci\u00f3, creant un entorn acollidor i funcional per als nostres col\u00b7laboradors i equip.<\/p>\n\n\n\n<p class=\"wp-block-paragraph\">Aquesta etapa se centra en les noves generacions de consumidors m\u00e9s exigents i sofisticats, sense oblidar l\u2019origen i les tradicions de la companyia i el m\u00f3n de sensacions que proposa la seva \u00e0mplia gamma de productes.<\/p>\n\n\n\n<p class=\"wp-block-paragraph\">La transformaci\u00f3 de les nostres oficines \u00e9s un reflex del nostre comprom\u00eds amb el futur sense perdre de vista les nostres arrels. Amb aquest espai, no nom\u00e9s hem modernitzat la nostra infraestructura, sin\u00f3 que tamb\u00e9 hem refor\u00e7at la nostra identitat i el missatge que volem transmetre al m\u00f3n.<br>Benvinguts a la nova Granja Foods 1959!<\/p>\n","protected":false},"excerpt":{"rendered":"<p>A mitjans del 2020, vam fer un pas molt important en l\u2019evoluci\u00f3 de la nostra empresa amb la inauguraci\u00f3 de les nostres noves oficines. Per a aquest repte, vam confiar &hellip;<\/p>\n","protected":false},"author":565,"featured_media":37768,"comment_status":"closed","ping_status":"open","sticky":false,"template":"","format":"standard","meta":{"_acf_changed":false,"mc4wp_mailchimp_campaign":[],"footnotes":""},"categories":[81],"tags":[578],"class_list":["post-37765","post","type-post","status-publish","format-standard","has-post-thumbnail","hentry","category-news-ca","tag-sin-gluten-ca"],"acf":[],"yoast_head":"<!-- This site is optimized with the Yoast SEO plugin v28.3 - https:\/\/yoast.com\/product\/yoast-seo-wordpress\/ -->\n<title>La nostra Nova Oficina: Un Espai que reflecteix la Identitat de La Granja Foods 1959 - La Granja Foods<\/title>\n<meta name=\"description\" content=\"La Granja Foods celebra i estrena la nova oficina, un espai que reflecteix la identitat de la Granja Foods.\" \/>\n<meta name=\"robots\" content=\"index, follow, max-snippet:-1, max-image-preview:large, max-video-preview:-1\" \/>\n<link rel=\"canonical\" href=\"https:\/\/lagranjafoods.com\/ca\/la-nostra-nova-oficina-un-espai-que-reflecteix-la-identitat-de-la-granja-foods-1959\/\" \/>\n<meta property=\"og:locale\" content=\"ca_ES\" \/>\n<meta property=\"og:type\" content=\"article\" \/>\n<meta property=\"og:title\" content=\"La nostra Nova Oficina: Un Espai que reflecteix la Identitat de La Granja Foods 1959 - La Granja Foods\" \/>\n<meta property=\"og:description\" content=\"La Granja Foods celebra i estrena la nova oficina, un espai que reflecteix la identitat de la Granja Foods.\" \/>\n<meta property=\"og:url\" content=\"https:\/\/lagranjafoods.com\/ca\/la-nostra-nova-oficina-un-espai-que-reflecteix-la-identitat-de-la-granja-foods-1959\/\" \/>\n<meta property=\"og:site_name\" content=\"La Granja Foods\" \/>\n<meta property=\"article:published_time\" content=\"2025-02-14T09:34:15+00:00\" \/>\n<meta property=\"article:modified_time\" content=\"2025-02-14T11:34:28+00:00\" \/>\n<meta property=\"og:image\" content=\"https:\/\/lagranjafoods.com\/wp-content\/uploads\/banner-blog-pagina-web-2000-\u00d7-1500-px-2.jpg\" \/>\n\t<meta property=\"og:image:width\" content=\"2000\" \/>\n\t<meta property=\"og:image:height\" content=\"1500\" \/>\n\t<meta property=\"og:image:type\" content=\"image\/jpeg\" \/>\n<meta name=\"author\" content=\"conta\" \/>\n<meta name=\"twitter:card\" content=\"summary_large_image\" \/>\n<meta name=\"twitter:label1\" content=\"Escrit per\" \/>\n\t<meta name=\"twitter:data1\" content=\"conta\" \/>\n\t<meta name=\"twitter:label2\" content=\"Temps estimat de lectura\" \/>\n\t<meta name=\"twitter:data2\" content=\"2 minut\" \/>\n<script type=\"application\/ld+json\" class=\"yoast-schema-graph\">{\"@context\":\"https:\\\/\\\/schema.org\",\"@graph\":[{\"@type\":\"Article\",\"@id\":\"https:\\\/\\\/lagranjafoods.com\\\/ca\\\/la-nostra-nova-oficina-un-espai-que-reflecteix-la-identitat-de-la-granja-foods-1959\\\/#article\",\"isPartOf\":{\"@id\":\"https:\\\/\\\/lagranjafoods.com\\\/ca\\\/la-nostra-nova-oficina-un-espai-que-reflecteix-la-identitat-de-la-granja-foods-1959\\\/\"},\"author\":{\"name\":\"conta\",\"@id\":\"https:\\\/\\\/lagranjafoods.com\\\/ca\\\/#\\\/schema\\\/person\\\/a09ef344e5c3da6e521ed0a69afd694c\"},\"headline\":\"La nostra Nova Oficina: Un Espai que reflecteix la Identitat de La Granja Foods 1959\",\"datePublished\":\"2025-02-14T09:34:15+00:00\",\"dateModified\":\"2025-02-14T11:34:28+00:00\",\"mainEntityOfPage\":{\"@id\":\"https:\\\/\\\/lagranjafoods.com\\\/ca\\\/la-nostra-nova-oficina-un-espai-que-reflecteix-la-identitat-de-la-granja-foods-1959\\\/\"},\"wordCount\":411,\"publisher\":{\"@id\":\"https:\\\/\\\/lagranjafoods.com\\\/ca\\\/#organization\"},\"image\":{\"@id\":\"https:\\\/\\\/lagranjafoods.com\\\/ca\\\/la-nostra-nova-oficina-un-espai-que-reflecteix-la-identitat-de-la-granja-foods-1959\\\/#primaryimage\"},\"thumbnailUrl\":\"https:\\\/\\\/lagranjafoods.com\\\/wp-content\\\/uploads\\\/banner-blog-pagina-web-2000-\u00d7-1500-px-2.jpg\",\"keywords\":[\"Sin gluten\"],\"articleSection\":[\"News\"],\"inLanguage\":\"ca\"},{\"@type\":\"WebPage\",\"@id\":\"https:\\\/\\\/lagranjafoods.com\\\/ca\\\/la-nostra-nova-oficina-un-espai-que-reflecteix-la-identitat-de-la-granja-foods-1959\\\/\",\"url\":\"https:\\\/\\\/lagranjafoods.com\\\/ca\\\/la-nostra-nova-oficina-un-espai-que-reflecteix-la-identitat-de-la-granja-foods-1959\\\/\",\"name\":\"La nostra Nova Oficina: Un Espai que reflecteix la Identitat de La Granja Foods 1959 - La Granja Foods\",\"isPartOf\":{\"@id\":\"https:\\\/\\\/lagranjafoods.com\\\/ca\\\/#website\"},\"primaryImageOfPage\":{\"@id\":\"https:\\\/\\\/lagranjafoods.com\\\/ca\\\/la-nostra-nova-oficina-un-espai-que-reflecteix-la-identitat-de-la-granja-foods-1959\\\/#primaryimage\"},\"image\":{\"@id\":\"https:\\\/\\\/lagranjafoods.com\\\/ca\\\/la-nostra-nova-oficina-un-espai-que-reflecteix-la-identitat-de-la-granja-foods-1959\\\/#primaryimage\"},\"thumbnailUrl\":\"https:\\\/\\\/lagranjafoods.com\\\/wp-content\\\/uploads\\\/banner-blog-pagina-web-2000-\u00d7-1500-px-2.jpg\",\"datePublished\":\"2025-02-14T09:34:15+00:00\",\"dateModified\":\"2025-02-14T11:34:28+00:00\",\"description\":\"La Granja Foods celebra i estrena la nova oficina, un espai que reflecteix la identitat de la Granja Foods.\",\"breadcrumb\":{\"@id\":\"https:\\\/\\\/lagranjafoods.com\\\/ca\\\/la-nostra-nova-oficina-un-espai-que-reflecteix-la-identitat-de-la-granja-foods-1959\\\/#breadcrumb\"},\"inLanguage\":\"ca\",\"potentialAction\":[{\"@type\":\"ReadAction\",\"target\":[\"https:\\\/\\\/lagranjafoods.com\\\/ca\\\/la-nostra-nova-oficina-un-espai-que-reflecteix-la-identitat-de-la-granja-foods-1959\\\/\"]}]},{\"@type\":\"ImageObject\",\"inLanguage\":\"ca\",\"@id\":\"https:\\\/\\\/lagranjafoods.com\\\/ca\\\/la-nostra-nova-oficina-un-espai-que-reflecteix-la-identitat-de-la-granja-foods-1959\\\/#primaryimage\",\"url\":\"https:\\\/\\\/lagranjafoods.com\\\/wp-content\\\/uploads\\\/banner-blog-pagina-web-2000-\u00d7-1500-px-2.jpg\",\"contentUrl\":\"https:\\\/\\\/lagranjafoods.com\\\/wp-content\\\/uploads\\\/banner-blog-pagina-web-2000-\u00d7-1500-px-2.jpg\",\"width\":2000,\"height\":1500},{\"@type\":\"BreadcrumbList\",\"@id\":\"https:\\\/\\\/lagranjafoods.com\\\/ca\\\/la-nostra-nova-oficina-un-espai-que-reflecteix-la-identitat-de-la-granja-foods-1959\\\/#breadcrumb\",\"itemListElement\":[{\"@type\":\"ListItem\",\"position\":1,\"name\":\"Portada\",\"item\":\"https:\\\/\\\/lagranjafoods.com\\\/ca\\\/\"},{\"@type\":\"ListItem\",\"position\":2,\"name\":\"La nostra Nova Oficina: Un Espai que reflecteix la Identitat de La Granja Foods 1959\"}]},{\"@type\":\"WebSite\",\"@id\":\"https:\\\/\\\/lagranjafoods.com\\\/ca\\\/#website\",\"url\":\"https:\\\/\\\/lagranjafoods.com\\\/ca\\\/\",\"name\":\"La Granja Foods\",\"description\":\"\u00a1Benvinguts a La Granja! Qualitat, sabor i frescor des de 1959.\",\"publisher\":{\"@id\":\"https:\\\/\\\/lagranjafoods.com\\\/ca\\\/#organization\"},\"potentialAction\":[{\"@type\":\"SearchAction\",\"target\":{\"@type\":\"EntryPoint\",\"urlTemplate\":\"https:\\\/\\\/lagranjafoods.com\\\/ca\\\/?s={search_term_string}\"},\"query-input\":{\"@type\":\"PropertyValueSpecification\",\"valueRequired\":true,\"valueName\":\"search_term_string\"}}],\"inLanguage\":\"ca\"},{\"@type\":\"Organization\",\"@id\":\"https:\\\/\\\/lagranjafoods.com\\\/ca\\\/#organization\",\"name\":\"La Granja Foods\",\"url\":\"https:\\\/\\\/lagranjafoods.com\\\/ca\\\/\",\"logo\":{\"@type\":\"ImageObject\",\"inLanguage\":\"ca\",\"@id\":\"https:\\\/\\\/lagranjafoods.com\\\/ca\\\/#\\\/schema\\\/logo\\\/image\\\/\",\"url\":\"https:\\\/\\\/lagranjafoods.com\\\/wp-content\\\/uploads\\\/logo-lagranjafoods.png\",\"contentUrl\":\"https:\\\/\\\/lagranjafoods.com\\\/wp-content\\\/uploads\\\/logo-lagranjafoods.png\",\"width\":539,\"height\":158,\"caption\":\"La Granja Foods \"},\"image\":{\"@id\":\"https:\\\/\\\/lagranjafoods.com\\\/ca\\\/#\\\/schema\\\/logo\\\/image\\\/\"}},{\"@type\":\"Person\",\"@id\":\"https:\\\/\\\/lagranjafoods.com\\\/ca\\\/#\\\/schema\\\/person\\\/a09ef344e5c3da6e521ed0a69afd694c\",\"name\":\"conta\"}]}<\/script>\n<!-- \/ Yoast SEO plugin. -->","yoast_head_json":{"title":"La nostra Nova Oficina: Un Espai que reflecteix la Identitat de La Granja Foods 1959 - La Granja Foods","description":"La Granja Foods celebra i estrena la nova oficina, un espai que reflecteix la identitat de la Granja Foods.","robots":{"index":"index","follow":"follow","max-snippet":"max-snippet:-1","max-image-preview":"max-image-preview:large","max-video-preview":"max-video-preview:-1"},"canonical":"https:\/\/lagranjafoods.com\/ca\/la-nostra-nova-oficina-un-espai-que-reflecteix-la-identitat-de-la-granja-foods-1959\/","og_locale":"ca_ES","og_type":"article","og_title":"La nostra Nova Oficina: Un Espai que reflecteix la Identitat de La Granja Foods 1959 - La Granja Foods","og_description":"La Granja Foods celebra i estrena la nova oficina, un espai que reflecteix la identitat de la Granja Foods.","og_url":"https:\/\/lagranjafoods.com\/ca\/la-nostra-nova-oficina-un-espai-que-reflecteix-la-identitat-de-la-granja-foods-1959\/","og_site_name":"La Granja Foods","article_published_time":"2025-02-14T09:34:15+00:00","article_modified_time":"2025-02-14T11:34:28+00:00","og_image":[{"width":2000,"height":1500,"url":"https:\/\/lagranjafoods.com\/wp-content\/uploads\/banner-blog-pagina-web-2000-\u00d7-1500-px-2.jpg","type":"image\/jpeg"}],"author":"conta","twitter_card":"summary_large_image","twitter_misc":{"Escrit per":"conta","Temps estimat de lectura":"2 minut"},"schema":{"@context":"https:\/\/schema.org","@graph":[{"@type":"Article","@id":"https:\/\/lagranjafoods.com\/ca\/la-nostra-nova-oficina-un-espai-que-reflecteix-la-identitat-de-la-granja-foods-1959\/#article","isPartOf":{"@id":"https:\/\/lagranjafoods.com\/ca\/la-nostra-nova-oficina-un-espai-que-reflecteix-la-identitat-de-la-granja-foods-1959\/"},"author":{"name":"conta","@id":"https:\/\/lagranjafoods.com\/ca\/#\/schema\/person\/a09ef344e5c3da6e521ed0a69afd694c"},"headline":"La nostra Nova Oficina: Un Espai que reflecteix la Identitat de La Granja Foods 1959","datePublished":"2025-02-14T09:34:15+00:00","dateModified":"2025-02-14T11:34:28+00:00","mainEntityOfPage":{"@id":"https:\/\/lagranjafoods.com\/ca\/la-nostra-nova-oficina-un-espai-que-reflecteix-la-identitat-de-la-granja-foods-1959\/"},"wordCount":411,"publisher":{"@id":"https:\/\/lagranjafoods.com\/ca\/#organization"},"image":{"@id":"https:\/\/lagranjafoods.com\/ca\/la-nostra-nova-oficina-un-espai-que-reflecteix-la-identitat-de-la-granja-foods-1959\/#primaryimage"},"thumbnailUrl":"https:\/\/lagranjafoods.com\/wp-content\/uploads\/banner-blog-pagina-web-2000-\u00d7-1500-px-2.jpg","keywords":["Sin gluten"],"articleSection":["News"],"inLanguage":"ca"},{"@type":"WebPage","@id":"https:\/\/lagranjafoods.com\/ca\/la-nostra-nova-oficina-un-espai-que-reflecteix-la-identitat-de-la-granja-foods-1959\/","url":"https:\/\/lagranjafoods.com\/ca\/la-nostra-nova-oficina-un-espai-que-reflecteix-la-identitat-de-la-granja-foods-1959\/","name":"La nostra Nova Oficina: Un Espai que reflecteix la Identitat de La Granja Foods 1959 - La Granja Foods","isPartOf":{"@id":"https:\/\/lagranjafoods.com\/ca\/#website"},"primaryImageOfPage":{"@id":"https:\/\/lagranjafoods.com\/ca\/la-nostra-nova-oficina-un-espai-que-reflecteix-la-identitat-de-la-granja-foods-1959\/#primaryimage"},"image":{"@id":"https:\/\/lagranjafoods.com\/ca\/la-nostra-nova-oficina-un-espai-que-reflecteix-la-identitat-de-la-granja-foods-1959\/#primaryimage"},"thumbnailUrl":"https:\/\/lagranjafoods.com\/wp-content\/uploads\/banner-blog-pagina-web-2000-\u00d7-1500-px-2.jpg","datePublished":"2025-02-14T09:34:15+00:00","dateModified":"2025-02-14T11:34:28+00:00","description":"La Granja Foods celebra i estrena la nova oficina, un espai que reflecteix la identitat de la Granja Foods.","breadcrumb":{"@id":"https:\/\/lagranjafoods.com\/ca\/la-nostra-nova-oficina-un-espai-que-reflecteix-la-identitat-de-la-granja-foods-1959\/#breadcrumb"},"inLanguage":"ca","potentialAction":[{"@type":"ReadAction","target":["https:\/\/lagranjafoods.com\/ca\/la-nostra-nova-oficina-un-espai-que-reflecteix-la-identitat-de-la-granja-foods-1959\/"]}]},{"@type":"ImageObject","inLanguage":"ca","@id":"https:\/\/lagranjafoods.com\/ca\/la-nostra-nova-oficina-un-espai-que-reflecteix-la-identitat-de-la-granja-foods-1959\/#primaryimage","url":"https:\/\/lagranjafoods.com\/wp-content\/uploads\/banner-blog-pagina-web-2000-\u00d7-1500-px-2.jpg","contentUrl":"https:\/\/lagranjafoods.com\/wp-content\/uploads\/banner-blog-pagina-web-2000-\u00d7-1500-px-2.jpg","width":2000,"height":1500},{"@type":"BreadcrumbList","@id":"https:\/\/lagranjafoods.com\/ca\/la-nostra-nova-oficina-un-espai-que-reflecteix-la-identitat-de-la-granja-foods-1959\/#breadcrumb","itemListElement":[{"@type":"ListItem","position":1,"name":"Portada","item":"https:\/\/lagranjafoods.com\/ca\/"},{"@type":"ListItem","position":2,"name":"La nostra Nova Oficina: Un Espai que reflecteix la Identitat de La Granja Foods 1959"}]},{"@type":"WebSite","@id":"https:\/\/lagranjafoods.com\/ca\/#website","url":"https:\/\/lagranjafoods.com\/ca\/","name":"La Granja Foods","description":"\u00a1Benvinguts a La Granja! Qualitat, sabor i frescor des de 1959.","publisher":{"@id":"https:\/\/lagranjafoods.com\/ca\/#organization"},"potentialAction":[{"@type":"SearchAction","target":{"@type":"EntryPoint","urlTemplate":"https:\/\/lagranjafoods.com\/ca\/?s={search_term_string}"},"query-input":{"@type":"PropertyValueSpecification","valueRequired":true,"valueName":"search_term_string"}}],"inLanguage":"ca"},{"@type":"Organization","@id":"https:\/\/lagranjafoods.com\/ca\/#organization","name":"La Granja Foods","url":"https:\/\/lagranjafoods.com\/ca\/","logo":{"@type":"ImageObject","inLanguage":"ca","@id":"https:\/\/lagranjafoods.com\/ca\/#\/schema\/logo\/image\/","url":"https:\/\/lagranjafoods.com\/wp-content\/uploads\/logo-lagranjafoods.png","contentUrl":"https:\/\/lagranjafoods.com\/wp-content\/uploads\/logo-lagranjafoods.png","width":539,"height":158,"caption":"La Granja Foods "},"image":{"@id":"https:\/\/lagranjafoods.com\/ca\/#\/schema\/logo\/image\/"}},{"@type":"Person","@id":"https:\/\/lagranjafoods.com\/ca\/#\/schema\/person\/a09ef344e5c3da6e521ed0a69afd694c","name":"conta"}]}},"_links":{"self":[{"href":"https:\/\/lagranjafoods.com\/ca\/wp-json\/wp\/v2\/posts\/37765","targetHints":{"allow":["GET"]}}],"collection":[{"href":"https:\/\/lagranjafoods.com\/ca\/wp-json\/wp\/v2\/posts"}],"about":[{"href":"https:\/\/lagranjafoods.com\/ca\/wp-json\/wp\/v2\/types\/post"}],"author":[{"embeddable":true,"href":"https:\/\/lagranjafoods.com\/ca\/wp-json\/wp\/v2\/users\/565"}],"replies":[{"embeddable":true,"href":"https:\/\/lagranjafoods.com\/ca\/wp-json\/wp\/v2\/comments?post=37765"}],"version-history":[{"count":0,"href":"https:\/\/lagranjafoods.com\/ca\/wp-json\/wp\/v2\/posts\/37765\/revisions"}],"wp:featuredmedia":[{"embeddable":true,"href":"https:\/\/lagranjafoods.com\/ca\/wp-json\/wp\/v2\/media\/37768"}],"wp:attachment":[{"href":"https:\/\/lagranjafoods.com\/ca\/wp-json\/wp\/v2\/media?parent=37765"}],"wp:term":[{"taxonomy":"category","embeddable":true,"href":"https:\/\/lagranjafoods.com\/ca\/wp-json\/wp\/v2\/categories?post=37765"},{"taxonomy":"post_tag","embeddable":true,"href":"https:\/\/lagranjafoods.com\/ca\/wp-json\/wp\/v2\/tags?post=37765"}],"curies":[{"name":"wp","href":"https:\/\/api.w.org\/{rel}","templated":true}]}}