{"id":37584,"date":"2025-02-05T11:16:06","date_gmt":"2025-02-05T11:16:06","guid":{"rendered":"http:\/\/lagranjafoods.com\/?p=37584"},"modified":"2025-02-05T16:00:39","modified_gmt":"2025-02-05T16:00:39","slug":"cors-de-sant-valenti-sense-gluten","status":"publish","type":"post","link":"https:\/\/lagranjafoods.com\/ca\/cors-de-sant-valenti-sense-gluten\/","title":{"rendered":"Cors de Sant Valent\u00ed Sense Gluten"},"content":{"rendered":"<h2>INGREDIENTS<\/h2>\n<ul>\n<li style=\"text-align: justify;\">Planxa de 1,8 kg de Bizcocho M\u00e1rmol Sense Gluten i Sense Lactosa de La Granja Foods, fes clic aqu\u00ed per comprar-la.<\/li>\n<li style=\"text-align: justify;\">Mermelada extra de melocot\u00f3 de vinya de La Fageda, fes clic aqu\u00ed per comprar-la.<\/li>\n<li style=\"text-align: justify;\">500 gr. de xocolata especial per fondre*<\/li>\n<li style=\"text-align: justify;\">2 cullerades d&#8217;oli de coco*<\/li>\n<li style=\"text-align: justify;\">Toppings al gust: Cors d&#8217;escombraries, coco ratllat&#8230;<\/li>\n<\/ul>\n<p>Recomanem tenir un motlle en forma de cor.<\/p>\n<p>Tots els ingredients s\u00f3n lliures de gluten*<\/p>\n<h2>ELABORACI\u00d3<\/h2>\n<div class=\"flex-shrink-0 flex flex-col relative items-end\">\n<div class=\"pt-0\">\n<div class=\"gizmo-bot-avatar flex h-8 w-8 items-center justify-center overflow-hidden rounded-full\">\n<ol>\n<li class=\"relative p-1 rounded-sm flex items-center justify-center bg-token-main-surface-primary text-token-text-primary h-8 w-8\"><span style=\"font-size: revert; color: initial;\">Comencem obrint la planxa de 1,8 kg de pa de pessic de m\u00e0rbol sense gluten i sense lactosa de La Granja Foods. Amb l&#8217;ajuda d&#8217;un motlle en forma de cor, tallem cors a la planxa i els col\u00b7loquem en un plat. Si no tens un motlle en forma de cor, et compartim un truc: dibuixa un cor en un full en blanc, retalla&#8217;l i utilitza&#8217;l com a guia per tallar el pa de pessic i aconseguir una forma perfecta.<\/span><\/li>\n<li class=\"relative p-1 rounded-sm flex items-center justify-center bg-token-main-surface-primary text-token-text-primary h-8 w-8\">Despr\u00e9s, parteix cada cor per la meitat amb un ganivet i unta una capa de melmelada extra de pr\u00e9ssec de vinya de La Fageda entre les dues meitats. Torna a unir-les perqu\u00e8 mantinguin la seva forma original.<\/li>\n<li class=\"relative p-1 rounded-sm flex items-center justify-center bg-token-main-surface-primary text-token-text-primary h-8 w-8\">A continuaci\u00f3, fon la xocolata al bany maria o al microones. Un cop fosa, remena-la b\u00e9 amb una cullera o esp\u00e0tula per evitar grumolls i obtenir una textura uniforme.<\/li>\n<li class=\"relative p-1 rounded-sm flex items-center justify-center bg-token-main-surface-primary text-token-text-primary h-8 w-8\">Quan la xocolata estigui llesta, cobreix completament els cors amb ella. Deixa&#8217;ls reposar a la nevera fins que la xocolata es solidifiqui.<\/li>\n<li class=\"relative p-1 rounded-sm flex items-center justify-center bg-token-main-surface-primary text-token-text-primary h-8 w-8\">Finalment, decora els cors de xocolata al teu gust. A la nostra recepta, hem optat per afegir-hi <em style=\"font-size: revert; color: initial;\">toppings<\/em><span style=\"font-size: revert; color: initial;\"> de sucre per donar-los un toc especial.<\/span><\/li>\n<li class=\"relative p-1 rounded-sm flex items-center justify-center bg-token-main-surface-primary text-token-text-primary h-8 w-8\">Ara toca gaudir de La Granja Foods!<\/li>\n<\/ol>\n<\/div>\n<\/div>\n<\/div>\n","protected":false},"excerpt":{"rendered":"<p>INGREDIENTS Planxa de 1,8 kg de Bizcocho M\u00e1rmol Sense Gluten i Sense Lactosa de La Granja Foods, fes clic aqu\u00ed per comprar-la. Mermelada extra de melocot\u00f3 de vinya de La &hellip;<\/p>\n","protected":false},"author":565,"featured_media":37588,"comment_status":"closed","ping_status":"open","sticky":false,"template":"","format":"standard","meta":{"_acf_changed":false,"mc4wp_mailchimp_campaign":[],"footnotes":""},"categories":[82],"tags":[578],"class_list":["post-37584","post","type-post","status-publish","format-standard","has-post-thumbnail","hentry","category-receptes","tag-sin-gluten-ca"],"acf":[],"yoast_head":"<!-- This site is optimized with the Yoast SEO plugin v28.3 - https:\/\/yoast.com\/product\/yoast-seo-wordpress\/ -->\n<title>Cors de Sant Valent\u00ed Sense Gluten - La Granja Foods<\/title>\n<meta name=\"description\" content=\"Celebra el Dia de Sant Valent\u00ed amb aquests cors de Sant Valent\u00ed. Irresitibles i ideals per fer amb familia i amics!\" \/>\n<meta name=\"robots\" content=\"index, follow, max-snippet:-1, max-image-preview:large, max-video-preview:-1\" \/>\n<link rel=\"canonical\" href=\"https:\/\/lagranjafoods.com\/ca\/cors-de-sant-valenti-sense-gluten\/\" \/>\n<meta property=\"og:locale\" content=\"ca_ES\" \/>\n<meta property=\"og:type\" content=\"article\" \/>\n<meta property=\"og:title\" content=\"Cors de Sant Valent\u00ed Sense Gluten - La Granja Foods\" \/>\n<meta property=\"og:description\" content=\"Celebra el Dia de Sant Valent\u00ed amb aquests cors de Sant Valent\u00ed. Irresitibles i ideals per fer amb familia i amics!\" \/>\n<meta property=\"og:url\" content=\"https:\/\/lagranjafoods.com\/ca\/cors-de-sant-valenti-sense-gluten\/\" \/>\n<meta property=\"og:site_name\" content=\"La Granja Foods\" \/>\n<meta property=\"article:published_time\" content=\"2025-02-05T11:16:06+00:00\" \/>\n<meta property=\"article:modified_time\" content=\"2025-02-05T16:00:39+00:00\" \/>\n<meta property=\"og:image\" content=\"https:\/\/lagranjafoods.com\/wp-content\/uploads\/banner-blog-pagina-web-2000-\u00d7-1500-px.jpg\" \/>\n\t<meta property=\"og:image:width\" content=\"2000\" \/>\n\t<meta property=\"og:image:height\" content=\"1500\" \/>\n\t<meta property=\"og:image:type\" content=\"image\/jpeg\" \/>\n<meta name=\"author\" content=\"conta\" \/>\n<meta name=\"twitter:card\" content=\"summary_large_image\" \/>\n<meta name=\"twitter:label1\" content=\"Escrit per\" \/>\n\t<meta name=\"twitter:data1\" content=\"conta\" \/>\n\t<meta name=\"twitter:label2\" content=\"Temps estimat de lectura\" \/>\n\t<meta name=\"twitter:data2\" content=\"2 minut\" \/>\n<script type=\"application\/ld+json\" class=\"yoast-schema-graph\">{\"@context\":\"https:\\\/\\\/schema.org\",\"@graph\":[{\"@type\":\"Article\",\"@id\":\"https:\\\/\\\/lagranjafoods.com\\\/ca\\\/cors-de-sant-valenti-sense-gluten\\\/#article\",\"isPartOf\":{\"@id\":\"https:\\\/\\\/lagranjafoods.com\\\/ca\\\/cors-de-sant-valenti-sense-gluten\\\/\"},\"author\":{\"name\":\"conta\",\"@id\":\"https:\\\/\\\/lagranjafoods.com\\\/ca\\\/#\\\/schema\\\/person\\\/a09ef344e5c3da6e521ed0a69afd694c\"},\"headline\":\"Cors de Sant Valent\u00ed Sense Gluten\",\"datePublished\":\"2025-02-05T11:16:06+00:00\",\"dateModified\":\"2025-02-05T16:00:39+00:00\",\"mainEntityOfPage\":{\"@id\":\"https:\\\/\\\/lagranjafoods.com\\\/ca\\\/cors-de-sant-valenti-sense-gluten\\\/\"},\"wordCount\":286,\"publisher\":{\"@id\":\"https:\\\/\\\/lagranjafoods.com\\\/ca\\\/#organization\"},\"image\":{\"@id\":\"https:\\\/\\\/lagranjafoods.com\\\/ca\\\/cors-de-sant-valenti-sense-gluten\\\/#primaryimage\"},\"thumbnailUrl\":\"https:\\\/\\\/lagranjafoods.com\\\/wp-content\\\/uploads\\\/banner-blog-pagina-web-2000-\u00d7-1500-px.jpg\",\"keywords\":[\"Sin gluten\"],\"articleSection\":[\"Receptes\"],\"inLanguage\":\"ca\"},{\"@type\":\"WebPage\",\"@id\":\"https:\\\/\\\/lagranjafoods.com\\\/ca\\\/cors-de-sant-valenti-sense-gluten\\\/\",\"url\":\"https:\\\/\\\/lagranjafoods.com\\\/ca\\\/cors-de-sant-valenti-sense-gluten\\\/\",\"name\":\"Cors de Sant Valent\u00ed Sense Gluten - La Granja Foods\",\"isPartOf\":{\"@id\":\"https:\\\/\\\/lagranjafoods.com\\\/ca\\\/#website\"},\"primaryImageOfPage\":{\"@id\":\"https:\\\/\\\/lagranjafoods.com\\\/ca\\\/cors-de-sant-valenti-sense-gluten\\\/#primaryimage\"},\"image\":{\"@id\":\"https:\\\/\\\/lagranjafoods.com\\\/ca\\\/cors-de-sant-valenti-sense-gluten\\\/#primaryimage\"},\"thumbnailUrl\":\"https:\\\/\\\/lagranjafoods.com\\\/wp-content\\\/uploads\\\/banner-blog-pagina-web-2000-\u00d7-1500-px.jpg\",\"datePublished\":\"2025-02-05T11:16:06+00:00\",\"dateModified\":\"2025-02-05T16:00:39+00:00\",\"description\":\"Celebra el Dia de Sant Valent\u00ed amb aquests cors de Sant Valent\u00ed. Irresitibles i ideals per fer amb familia i amics!\",\"breadcrumb\":{\"@id\":\"https:\\\/\\\/lagranjafoods.com\\\/ca\\\/cors-de-sant-valenti-sense-gluten\\\/#breadcrumb\"},\"inLanguage\":\"ca\",\"potentialAction\":[{\"@type\":\"ReadAction\",\"target\":[\"https:\\\/\\\/lagranjafoods.com\\\/ca\\\/cors-de-sant-valenti-sense-gluten\\\/\"]}]},{\"@type\":\"ImageObject\",\"inLanguage\":\"ca\",\"@id\":\"https:\\\/\\\/lagranjafoods.com\\\/ca\\\/cors-de-sant-valenti-sense-gluten\\\/#primaryimage\",\"url\":\"https:\\\/\\\/lagranjafoods.com\\\/wp-content\\\/uploads\\\/banner-blog-pagina-web-2000-\u00d7-1500-px.jpg\",\"contentUrl\":\"https:\\\/\\\/lagranjafoods.com\\\/wp-content\\\/uploads\\\/banner-blog-pagina-web-2000-\u00d7-1500-px.jpg\",\"width\":2000,\"height\":1500},{\"@type\":\"BreadcrumbList\",\"@id\":\"https:\\\/\\\/lagranjafoods.com\\\/ca\\\/cors-de-sant-valenti-sense-gluten\\\/#breadcrumb\",\"itemListElement\":[{\"@type\":\"ListItem\",\"position\":1,\"name\":\"Portada\",\"item\":\"https:\\\/\\\/lagranjafoods.com\\\/ca\\\/\"},{\"@type\":\"ListItem\",\"position\":2,\"name\":\"Cors de Sant Valent\u00ed Sense Gluten\"}]},{\"@type\":\"WebSite\",\"@id\":\"https:\\\/\\\/lagranjafoods.com\\\/ca\\\/#website\",\"url\":\"https:\\\/\\\/lagranjafoods.com\\\/ca\\\/\",\"name\":\"La Granja Foods\",\"description\":\"\u00a1Benvinguts a La Granja! Qualitat, sabor i frescor des de 1959.\",\"publisher\":{\"@id\":\"https:\\\/\\\/lagranjafoods.com\\\/ca\\\/#organization\"},\"potentialAction\":[{\"@type\":\"SearchAction\",\"target\":{\"@type\":\"EntryPoint\",\"urlTemplate\":\"https:\\\/\\\/lagranjafoods.com\\\/ca\\\/?s={search_term_string}\"},\"query-input\":{\"@type\":\"PropertyValueSpecification\",\"valueRequired\":true,\"valueName\":\"search_term_string\"}}],\"inLanguage\":\"ca\"},{\"@type\":\"Organization\",\"@id\":\"https:\\\/\\\/lagranjafoods.com\\\/ca\\\/#organization\",\"name\":\"La Granja Foods\",\"url\":\"https:\\\/\\\/lagranjafoods.com\\\/ca\\\/\",\"logo\":{\"@type\":\"ImageObject\",\"inLanguage\":\"ca\",\"@id\":\"https:\\\/\\\/lagranjafoods.com\\\/ca\\\/#\\\/schema\\\/logo\\\/image\\\/\",\"url\":\"https:\\\/\\\/lagranjafoods.com\\\/wp-content\\\/uploads\\\/logo-lagranjafoods.png\",\"contentUrl\":\"https:\\\/\\\/lagranjafoods.com\\\/wp-content\\\/uploads\\\/logo-lagranjafoods.png\",\"width\":539,\"height\":158,\"caption\":\"La Granja Foods \"},\"image\":{\"@id\":\"https:\\\/\\\/lagranjafoods.com\\\/ca\\\/#\\\/schema\\\/logo\\\/image\\\/\"}},{\"@type\":\"Person\",\"@id\":\"https:\\\/\\\/lagranjafoods.com\\\/ca\\\/#\\\/schema\\\/person\\\/a09ef344e5c3da6e521ed0a69afd694c\",\"name\":\"conta\"}]}<\/script>\n<!-- \/ Yoast SEO plugin. -->","yoast_head_json":{"title":"Cors de Sant Valent\u00ed Sense Gluten - La Granja Foods","description":"Celebra el Dia de Sant Valent\u00ed amb aquests cors de Sant Valent\u00ed. Irresitibles i ideals per fer amb familia i amics!","robots":{"index":"index","follow":"follow","max-snippet":"max-snippet:-1","max-image-preview":"max-image-preview:large","max-video-preview":"max-video-preview:-1"},"canonical":"https:\/\/lagranjafoods.com\/ca\/cors-de-sant-valenti-sense-gluten\/","og_locale":"ca_ES","og_type":"article","og_title":"Cors de Sant Valent\u00ed Sense Gluten - La Granja Foods","og_description":"Celebra el Dia de Sant Valent\u00ed amb aquests cors de Sant Valent\u00ed. Irresitibles i ideals per fer amb familia i amics!","og_url":"https:\/\/lagranjafoods.com\/ca\/cors-de-sant-valenti-sense-gluten\/","og_site_name":"La Granja Foods","article_published_time":"2025-02-05T11:16:06+00:00","article_modified_time":"2025-02-05T16:00:39+00:00","og_image":[{"width":2000,"height":1500,"url":"https:\/\/lagranjafoods.com\/wp-content\/uploads\/banner-blog-pagina-web-2000-\u00d7-1500-px.jpg","type":"image\/jpeg"}],"author":"conta","twitter_card":"summary_large_image","twitter_misc":{"Escrit per":"conta","Temps estimat de lectura":"2 minut"},"schema":{"@context":"https:\/\/schema.org","@graph":[{"@type":"Article","@id":"https:\/\/lagranjafoods.com\/ca\/cors-de-sant-valenti-sense-gluten\/#article","isPartOf":{"@id":"https:\/\/lagranjafoods.com\/ca\/cors-de-sant-valenti-sense-gluten\/"},"author":{"name":"conta","@id":"https:\/\/lagranjafoods.com\/ca\/#\/schema\/person\/a09ef344e5c3da6e521ed0a69afd694c"},"headline":"Cors de Sant Valent\u00ed Sense Gluten","datePublished":"2025-02-05T11:16:06+00:00","dateModified":"2025-02-05T16:00:39+00:00","mainEntityOfPage":{"@id":"https:\/\/lagranjafoods.com\/ca\/cors-de-sant-valenti-sense-gluten\/"},"wordCount":286,"publisher":{"@id":"https:\/\/lagranjafoods.com\/ca\/#organization"},"image":{"@id":"https:\/\/lagranjafoods.com\/ca\/cors-de-sant-valenti-sense-gluten\/#primaryimage"},"thumbnailUrl":"https:\/\/lagranjafoods.com\/wp-content\/uploads\/banner-blog-pagina-web-2000-\u00d7-1500-px.jpg","keywords":["Sin gluten"],"articleSection":["Receptes"],"inLanguage":"ca"},{"@type":"WebPage","@id":"https:\/\/lagranjafoods.com\/ca\/cors-de-sant-valenti-sense-gluten\/","url":"https:\/\/lagranjafoods.com\/ca\/cors-de-sant-valenti-sense-gluten\/","name":"Cors de Sant Valent\u00ed Sense Gluten - La Granja Foods","isPartOf":{"@id":"https:\/\/lagranjafoods.com\/ca\/#website"},"primaryImageOfPage":{"@id":"https:\/\/lagranjafoods.com\/ca\/cors-de-sant-valenti-sense-gluten\/#primaryimage"},"image":{"@id":"https:\/\/lagranjafoods.com\/ca\/cors-de-sant-valenti-sense-gluten\/#primaryimage"},"thumbnailUrl":"https:\/\/lagranjafoods.com\/wp-content\/uploads\/banner-blog-pagina-web-2000-\u00d7-1500-px.jpg","datePublished":"2025-02-05T11:16:06+00:00","dateModified":"2025-02-05T16:00:39+00:00","description":"Celebra el Dia de Sant Valent\u00ed amb aquests cors de Sant Valent\u00ed. Irresitibles i ideals per fer amb familia i amics!","breadcrumb":{"@id":"https:\/\/lagranjafoods.com\/ca\/cors-de-sant-valenti-sense-gluten\/#breadcrumb"},"inLanguage":"ca","potentialAction":[{"@type":"ReadAction","target":["https:\/\/lagranjafoods.com\/ca\/cors-de-sant-valenti-sense-gluten\/"]}]},{"@type":"ImageObject","inLanguage":"ca","@id":"https:\/\/lagranjafoods.com\/ca\/cors-de-sant-valenti-sense-gluten\/#primaryimage","url":"https:\/\/lagranjafoods.com\/wp-content\/uploads\/banner-blog-pagina-web-2000-\u00d7-1500-px.jpg","contentUrl":"https:\/\/lagranjafoods.com\/wp-content\/uploads\/banner-blog-pagina-web-2000-\u00d7-1500-px.jpg","width":2000,"height":1500},{"@type":"BreadcrumbList","@id":"https:\/\/lagranjafoods.com\/ca\/cors-de-sant-valenti-sense-gluten\/#breadcrumb","itemListElement":[{"@type":"ListItem","position":1,"name":"Portada","item":"https:\/\/lagranjafoods.com\/ca\/"},{"@type":"ListItem","position":2,"name":"Cors de Sant Valent\u00ed Sense Gluten"}]},{"@type":"WebSite","@id":"https:\/\/lagranjafoods.com\/ca\/#website","url":"https:\/\/lagranjafoods.com\/ca\/","name":"La Granja Foods","description":"\u00a1Benvinguts a La Granja! Qualitat, sabor i frescor des de 1959.","publisher":{"@id":"https:\/\/lagranjafoods.com\/ca\/#organization"},"potentialAction":[{"@type":"SearchAction","target":{"@type":"EntryPoint","urlTemplate":"https:\/\/lagranjafoods.com\/ca\/?s={search_term_string}"},"query-input":{"@type":"PropertyValueSpecification","valueRequired":true,"valueName":"search_term_string"}}],"inLanguage":"ca"},{"@type":"Organization","@id":"https:\/\/lagranjafoods.com\/ca\/#organization","name":"La Granja Foods","url":"https:\/\/lagranjafoods.com\/ca\/","logo":{"@type":"ImageObject","inLanguage":"ca","@id":"https:\/\/lagranjafoods.com\/ca\/#\/schema\/logo\/image\/","url":"https:\/\/lagranjafoods.com\/wp-content\/uploads\/logo-lagranjafoods.png","contentUrl":"https:\/\/lagranjafoods.com\/wp-content\/uploads\/logo-lagranjafoods.png","width":539,"height":158,"caption":"La Granja Foods "},"image":{"@id":"https:\/\/lagranjafoods.com\/ca\/#\/schema\/logo\/image\/"}},{"@type":"Person","@id":"https:\/\/lagranjafoods.com\/ca\/#\/schema\/person\/a09ef344e5c3da6e521ed0a69afd694c","name":"conta"}]}},"_links":{"self":[{"href":"https:\/\/lagranjafoods.com\/ca\/wp-json\/wp\/v2\/posts\/37584","targetHints":{"allow":["GET"]}}],"collection":[{"href":"https:\/\/lagranjafoods.com\/ca\/wp-json\/wp\/v2\/posts"}],"about":[{"href":"https:\/\/lagranjafoods.com\/ca\/wp-json\/wp\/v2\/types\/post"}],"author":[{"embeddable":true,"href":"https:\/\/lagranjafoods.com\/ca\/wp-json\/wp\/v2\/users\/565"}],"replies":[{"embeddable":true,"href":"https:\/\/lagranjafoods.com\/ca\/wp-json\/wp\/v2\/comments?post=37584"}],"version-history":[{"count":0,"href":"https:\/\/lagranjafoods.com\/ca\/wp-json\/wp\/v2\/posts\/37584\/revisions"}],"wp:featuredmedia":[{"embeddable":true,"href":"https:\/\/lagranjafoods.com\/ca\/wp-json\/wp\/v2\/media\/37588"}],"wp:attachment":[{"href":"https:\/\/lagranjafoods.com\/ca\/wp-json\/wp\/v2\/media?parent=37584"}],"wp:term":[{"taxonomy":"category","embeddable":true,"href":"https:\/\/lagranjafoods.com\/ca\/wp-json\/wp\/v2\/categories?post=37584"},{"taxonomy":"post_tag","embeddable":true,"href":"https:\/\/lagranjafoods.com\/ca\/wp-json\/wp\/v2\/tags?post=37584"}],"curies":[{"name":"wp","href":"https:\/\/api.w.org\/{rel}","templated":true}]}}