{"id":37501,"date":"2022-10-18T11:41:03","date_gmt":"2022-10-18T09:41:03","guid":{"rendered":"http:\/\/lagranjafoods.com\/tarta-de-cumpleanos-sin-gluten-y-sin-lactosa\/"},"modified":"2025-01-31T15:56:33","modified_gmt":"2025-01-31T15:56:33","slug":"tarta-de-cumpleanos-sin-gluten-y-sin-lactosa","status":"publish","type":"post","link":"https:\/\/lagranjafoods.com\/ca\/tarta-de-cumpleanos-sin-gluten-y-sin-lactosa\/","title":{"rendered":"Past\u00eds d&#8217;Aniversari Sense Gluten i Sense Lactosa"},"content":{"rendered":"<h2>INGREDIENTS<\/h2>\n<ul>\n<li>Pa de pessic Sense Gluten de La Granja<\/li>\n<li>1 tassa de frambueses i nabius o fruits vermells al gust<\/li>\n<li>Ratlladura de la pell de mitja taronja<\/li>\n<li>2 d\u00e0tils Medjoul<\/li>\n<li>1\u20442 tassa d&#8217;aigua<\/li>\n<li>400 gr. de formatge tipus crema sense lactosa*<\/li>\n<li>Aroma de vainilla, quantitat al gust*<\/li>\n<\/ul>\n<ul>\n<li>Tots els ingredients s\u00f3n lliures de gluten i lactosa<\/li>\n<\/ul>\n<h2>ELABORACI\u00d3<\/h2>\n<ol>\n<li>Comencem dissenyant la forma del past\u00eds d&#8217;aniversari, nosaltres hem escollit el n\u00famero 4, per\u00f2 pots escollir el n\u00famero o forma que vulguis utilitzant les porcions del Bizcocho Original Sense Gluten de La Granja. Un cop tinguis la forma decidida, el seg\u00fcent pas \u00e9s tallar per la meitat les porcions del Bizcocho, ja que en el mig introduirem les fruites vermelles triturades.<\/li>\n<li>Un cop tinguem les porcions del Bizcocho tallades per la meitat, amb una forquilla o batedor triturarem els fruits vermells i els disposarem a sobre de les meitats, i a sobre posarem l&#8217;altra meitat de la porci\u00f3.<\/li>\n<li>En una batedora introduirem la pell ratllada de mitja taronja, els dos d\u00e0tils Medjoul sense pell ni pinyol i l&#8217;aigua. Crearem una esp\u00e8cie de caramel l\u00edquid per endolcir la crema de formatge que farem a continuaci\u00f3. Reservem.<\/li>\n<li>En un bol o recipient barrejarem les dues terrines de formatge tipus crema sense lactosa, el caramel l\u00edquid que acabem de fer i aroma de vainilla al gust (nosaltres hem introdu\u00eft una cullerada). Ho barregem tot fins a obtenir una massa homog\u00e8nia.<\/li>\n<li>Amb una esp\u00e0tula cobrirem tot el past\u00eds, com a la imatge, i el decorarem amb el que m\u00e9s ens agradi: fruites, flors o xocolata.<\/li>\n<\/ol>\n","protected":false},"excerpt":{"rendered":"<p>INGREDIENTS Pa de pessic Sense Gluten de La Granja 1 tassa de frambueses i nabius o fruits vermells al gust Ratlladura de la pell de mitja taronja 2 d\u00e0tils Medjoul &hellip;<\/p>\n","protected":false},"author":1,"featured_media":871,"comment_status":"closed","ping_status":"open","sticky":false,"template":"","format":"standard","meta":{"_acf_changed":false,"mc4wp_mailchimp_campaign":[],"footnotes":""},"categories":[82],"tags":[],"class_list":["post-37501","post","type-post","status-publish","format-standard","has-post-thumbnail","hentry","category-receptes"],"acf":[],"yoast_head":"<!-- This site is optimized with the Yoast SEO plugin v28.3 - https:\/\/yoast.com\/product\/yoast-seo-wordpress\/ -->\n<title>Past\u00eds d&#039;Aniversari Sense Gluten i Sense Lactosa - La Granja Foods<\/title>\n<meta name=\"description\" content=\"INGREDIENTS Pa de pessic Sense Gluten de La Granja 1 tassa de frambueses i nabius o fruits vermells al gust Ratlladura de la pell de mitja taronja 2\" \/>\n<meta name=\"robots\" content=\"index, follow, max-snippet:-1, max-image-preview:large, max-video-preview:-1\" \/>\n<link rel=\"canonical\" href=\"https:\/\/lagranjafoods.com\/ca\/tarta-de-cumpleanos-sin-gluten-y-sin-lactosa\/\" \/>\n<meta property=\"og:locale\" content=\"ca_ES\" \/>\n<meta property=\"og:type\" content=\"article\" \/>\n<meta property=\"og:title\" content=\"Past\u00eds d&#039;Aniversari Sense Gluten i Sense Lactosa - La Granja Foods\" \/>\n<meta property=\"og:description\" content=\"INGREDIENTS Pa de pessic Sense Gluten de La Granja 1 tassa de frambueses i nabius o fruits vermells al gust Ratlladura de la pell de mitja taronja 2\" \/>\n<meta property=\"og:url\" content=\"https:\/\/lagranjafoods.com\/ca\/tarta-de-cumpleanos-sin-gluten-y-sin-lactosa\/\" \/>\n<meta property=\"og:site_name\" content=\"La Granja Foods\" \/>\n<meta property=\"article:published_time\" content=\"2022-10-18T09:41:03+00:00\" \/>\n<meta property=\"article:modified_time\" content=\"2025-01-31T15:56:33+00:00\" \/>\n<meta property=\"og:image\" content=\"https:\/\/lagranjafoods.com\/wp-content\/uploads\/15-1.jpg\" \/>\n\t<meta property=\"og:image:width\" content=\"2000\" \/>\n\t<meta property=\"og:image:height\" content=\"1500\" \/>\n\t<meta property=\"og:image:type\" content=\"image\/jpeg\" \/>\n<meta name=\"author\" content=\"emfasi\" \/>\n<meta name=\"twitter:card\" content=\"summary_large_image\" \/>\n<meta name=\"twitter:label1\" content=\"Escrit per\" \/>\n\t<meta name=\"twitter:data1\" content=\"emfasi\" \/>\n\t<meta name=\"twitter:label2\" content=\"Temps estimat de lectura\" \/>\n\t<meta name=\"twitter:data2\" content=\"2 minut\" \/>\n<script type=\"application\/ld+json\" class=\"yoast-schema-graph\">{\"@context\":\"https:\\\/\\\/schema.org\",\"@graph\":[{\"@type\":\"Article\",\"@id\":\"https:\\\/\\\/lagranjafoods.com\\\/ca\\\/tarta-de-cumpleanos-sin-gluten-y-sin-lactosa\\\/#article\",\"isPartOf\":{\"@id\":\"https:\\\/\\\/lagranjafoods.com\\\/ca\\\/tarta-de-cumpleanos-sin-gluten-y-sin-lactosa\\\/\"},\"author\":{\"name\":\"emfasi\",\"@id\":\"https:\\\/\\\/lagranjafoods.com\\\/ca\\\/#\\\/schema\\\/person\\\/8620ca73cfc2e9a8afd326de202a03db\"},\"headline\":\"Past\u00eds d&#8217;Aniversari Sense Gluten i Sense Lactosa\",\"datePublished\":\"2022-10-18T09:41:03+00:00\",\"dateModified\":\"2025-01-31T15:56:33+00:00\",\"mainEntityOfPage\":{\"@id\":\"https:\\\/\\\/lagranjafoods.com\\\/ca\\\/tarta-de-cumpleanos-sin-gluten-y-sin-lactosa\\\/\"},\"wordCount\":281,\"publisher\":{\"@id\":\"https:\\\/\\\/lagranjafoods.com\\\/ca\\\/#organization\"},\"image\":{\"@id\":\"https:\\\/\\\/lagranjafoods.com\\\/ca\\\/tarta-de-cumpleanos-sin-gluten-y-sin-lactosa\\\/#primaryimage\"},\"thumbnailUrl\":\"https:\\\/\\\/lagranjafoods.com\\\/wp-content\\\/uploads\\\/15-1.jpg\",\"articleSection\":[\"Receptes\"],\"inLanguage\":\"ca\"},{\"@type\":\"WebPage\",\"@id\":\"https:\\\/\\\/lagranjafoods.com\\\/ca\\\/tarta-de-cumpleanos-sin-gluten-y-sin-lactosa\\\/\",\"url\":\"https:\\\/\\\/lagranjafoods.com\\\/ca\\\/tarta-de-cumpleanos-sin-gluten-y-sin-lactosa\\\/\",\"name\":\"Past\u00eds d'Aniversari Sense Gluten i Sense Lactosa - La Granja Foods\",\"isPartOf\":{\"@id\":\"https:\\\/\\\/lagranjafoods.com\\\/ca\\\/#website\"},\"primaryImageOfPage\":{\"@id\":\"https:\\\/\\\/lagranjafoods.com\\\/ca\\\/tarta-de-cumpleanos-sin-gluten-y-sin-lactosa\\\/#primaryimage\"},\"image\":{\"@id\":\"https:\\\/\\\/lagranjafoods.com\\\/ca\\\/tarta-de-cumpleanos-sin-gluten-y-sin-lactosa\\\/#primaryimage\"},\"thumbnailUrl\":\"https:\\\/\\\/lagranjafoods.com\\\/wp-content\\\/uploads\\\/15-1.jpg\",\"datePublished\":\"2022-10-18T09:41:03+00:00\",\"dateModified\":\"2025-01-31T15:56:33+00:00\",\"description\":\"INGREDIENTS Pa de pessic Sense Gluten de La Granja 1 tassa de frambueses i nabius o fruits vermells al gust Ratlladura de la pell de mitja taronja 2\",\"breadcrumb\":{\"@id\":\"https:\\\/\\\/lagranjafoods.com\\\/ca\\\/tarta-de-cumpleanos-sin-gluten-y-sin-lactosa\\\/#breadcrumb\"},\"inLanguage\":\"ca\",\"potentialAction\":[{\"@type\":\"ReadAction\",\"target\":[\"https:\\\/\\\/lagranjafoods.com\\\/ca\\\/tarta-de-cumpleanos-sin-gluten-y-sin-lactosa\\\/\"]}]},{\"@type\":\"ImageObject\",\"inLanguage\":\"ca\",\"@id\":\"https:\\\/\\\/lagranjafoods.com\\\/ca\\\/tarta-de-cumpleanos-sin-gluten-y-sin-lactosa\\\/#primaryimage\",\"url\":\"https:\\\/\\\/lagranjafoods.com\\\/wp-content\\\/uploads\\\/15-1.jpg\",\"contentUrl\":\"https:\\\/\\\/lagranjafoods.com\\\/wp-content\\\/uploads\\\/15-1.jpg\",\"width\":2000,\"height\":1500},{\"@type\":\"BreadcrumbList\",\"@id\":\"https:\\\/\\\/lagranjafoods.com\\\/ca\\\/tarta-de-cumpleanos-sin-gluten-y-sin-lactosa\\\/#breadcrumb\",\"itemListElement\":[{\"@type\":\"ListItem\",\"position\":1,\"name\":\"Portada\",\"item\":\"https:\\\/\\\/lagranjafoods.com\\\/ca\\\/\"},{\"@type\":\"ListItem\",\"position\":2,\"name\":\"Past\u00eds d&#8217;Aniversari Sense Gluten i Sense Lactosa\"}]},{\"@type\":\"WebSite\",\"@id\":\"https:\\\/\\\/lagranjafoods.com\\\/ca\\\/#website\",\"url\":\"https:\\\/\\\/lagranjafoods.com\\\/ca\\\/\",\"name\":\"La Granja Foods\",\"description\":\"\u00a1Benvinguts a La Granja! Qualitat, sabor i frescor des de 1959.\",\"publisher\":{\"@id\":\"https:\\\/\\\/lagranjafoods.com\\\/ca\\\/#organization\"},\"potentialAction\":[{\"@type\":\"SearchAction\",\"target\":{\"@type\":\"EntryPoint\",\"urlTemplate\":\"https:\\\/\\\/lagranjafoods.com\\\/ca\\\/?s={search_term_string}\"},\"query-input\":{\"@type\":\"PropertyValueSpecification\",\"valueRequired\":true,\"valueName\":\"search_term_string\"}}],\"inLanguage\":\"ca\"},{\"@type\":\"Organization\",\"@id\":\"https:\\\/\\\/lagranjafoods.com\\\/ca\\\/#organization\",\"name\":\"La Granja Foods\",\"url\":\"https:\\\/\\\/lagranjafoods.com\\\/ca\\\/\",\"logo\":{\"@type\":\"ImageObject\",\"inLanguage\":\"ca\",\"@id\":\"https:\\\/\\\/lagranjafoods.com\\\/ca\\\/#\\\/schema\\\/logo\\\/image\\\/\",\"url\":\"https:\\\/\\\/lagranjafoods.com\\\/wp-content\\\/uploads\\\/logo-lagranjafoods.png\",\"contentUrl\":\"https:\\\/\\\/lagranjafoods.com\\\/wp-content\\\/uploads\\\/logo-lagranjafoods.png\",\"width\":539,\"height\":158,\"caption\":\"La Granja Foods \"},\"image\":{\"@id\":\"https:\\\/\\\/lagranjafoods.com\\\/ca\\\/#\\\/schema\\\/logo\\\/image\\\/\"}},{\"@type\":\"Person\",\"@id\":\"https:\\\/\\\/lagranjafoods.com\\\/ca\\\/#\\\/schema\\\/person\\\/8620ca73cfc2e9a8afd326de202a03db\",\"name\":\"emfasi\",\"sameAs\":[\"http:\\\/\\\/lagranjafoods.com\"]}]}<\/script>\n<!-- \/ Yoast SEO plugin. -->","yoast_head_json":{"title":"Past\u00eds d'Aniversari Sense Gluten i Sense Lactosa - La Granja Foods","description":"INGREDIENTS Pa de pessic Sense Gluten de La Granja 1 tassa de frambueses i nabius o fruits vermells al gust Ratlladura de la pell de mitja taronja 2","robots":{"index":"index","follow":"follow","max-snippet":"max-snippet:-1","max-image-preview":"max-image-preview:large","max-video-preview":"max-video-preview:-1"},"canonical":"https:\/\/lagranjafoods.com\/ca\/tarta-de-cumpleanos-sin-gluten-y-sin-lactosa\/","og_locale":"ca_ES","og_type":"article","og_title":"Past\u00eds d'Aniversari Sense Gluten i Sense Lactosa - La Granja Foods","og_description":"INGREDIENTS Pa de pessic Sense Gluten de La Granja 1 tassa de frambueses i nabius o fruits vermells al gust Ratlladura de la pell de mitja taronja 2","og_url":"https:\/\/lagranjafoods.com\/ca\/tarta-de-cumpleanos-sin-gluten-y-sin-lactosa\/","og_site_name":"La Granja Foods","article_published_time":"2022-10-18T09:41:03+00:00","article_modified_time":"2025-01-31T15:56:33+00:00","og_image":[{"width":2000,"height":1500,"url":"https:\/\/lagranjafoods.com\/wp-content\/uploads\/15-1.jpg","type":"image\/jpeg"}],"author":"emfasi","twitter_card":"summary_large_image","twitter_misc":{"Escrit per":"emfasi","Temps estimat de lectura":"2 minut"},"schema":{"@context":"https:\/\/schema.org","@graph":[{"@type":"Article","@id":"https:\/\/lagranjafoods.com\/ca\/tarta-de-cumpleanos-sin-gluten-y-sin-lactosa\/#article","isPartOf":{"@id":"https:\/\/lagranjafoods.com\/ca\/tarta-de-cumpleanos-sin-gluten-y-sin-lactosa\/"},"author":{"name":"emfasi","@id":"https:\/\/lagranjafoods.com\/ca\/#\/schema\/person\/8620ca73cfc2e9a8afd326de202a03db"},"headline":"Past\u00eds d&#8217;Aniversari Sense Gluten i Sense Lactosa","datePublished":"2022-10-18T09:41:03+00:00","dateModified":"2025-01-31T15:56:33+00:00","mainEntityOfPage":{"@id":"https:\/\/lagranjafoods.com\/ca\/tarta-de-cumpleanos-sin-gluten-y-sin-lactosa\/"},"wordCount":281,"publisher":{"@id":"https:\/\/lagranjafoods.com\/ca\/#organization"},"image":{"@id":"https:\/\/lagranjafoods.com\/ca\/tarta-de-cumpleanos-sin-gluten-y-sin-lactosa\/#primaryimage"},"thumbnailUrl":"https:\/\/lagranjafoods.com\/wp-content\/uploads\/15-1.jpg","articleSection":["Receptes"],"inLanguage":"ca"},{"@type":"WebPage","@id":"https:\/\/lagranjafoods.com\/ca\/tarta-de-cumpleanos-sin-gluten-y-sin-lactosa\/","url":"https:\/\/lagranjafoods.com\/ca\/tarta-de-cumpleanos-sin-gluten-y-sin-lactosa\/","name":"Past\u00eds d'Aniversari Sense Gluten i Sense Lactosa - La Granja Foods","isPartOf":{"@id":"https:\/\/lagranjafoods.com\/ca\/#website"},"primaryImageOfPage":{"@id":"https:\/\/lagranjafoods.com\/ca\/tarta-de-cumpleanos-sin-gluten-y-sin-lactosa\/#primaryimage"},"image":{"@id":"https:\/\/lagranjafoods.com\/ca\/tarta-de-cumpleanos-sin-gluten-y-sin-lactosa\/#primaryimage"},"thumbnailUrl":"https:\/\/lagranjafoods.com\/wp-content\/uploads\/15-1.jpg","datePublished":"2022-10-18T09:41:03+00:00","dateModified":"2025-01-31T15:56:33+00:00","description":"INGREDIENTS Pa de pessic Sense Gluten de La Granja 1 tassa de frambueses i nabius o fruits vermells al gust Ratlladura de la pell de mitja taronja 2","breadcrumb":{"@id":"https:\/\/lagranjafoods.com\/ca\/tarta-de-cumpleanos-sin-gluten-y-sin-lactosa\/#breadcrumb"},"inLanguage":"ca","potentialAction":[{"@type":"ReadAction","target":["https:\/\/lagranjafoods.com\/ca\/tarta-de-cumpleanos-sin-gluten-y-sin-lactosa\/"]}]},{"@type":"ImageObject","inLanguage":"ca","@id":"https:\/\/lagranjafoods.com\/ca\/tarta-de-cumpleanos-sin-gluten-y-sin-lactosa\/#primaryimage","url":"https:\/\/lagranjafoods.com\/wp-content\/uploads\/15-1.jpg","contentUrl":"https:\/\/lagranjafoods.com\/wp-content\/uploads\/15-1.jpg","width":2000,"height":1500},{"@type":"BreadcrumbList","@id":"https:\/\/lagranjafoods.com\/ca\/tarta-de-cumpleanos-sin-gluten-y-sin-lactosa\/#breadcrumb","itemListElement":[{"@type":"ListItem","position":1,"name":"Portada","item":"https:\/\/lagranjafoods.com\/ca\/"},{"@type":"ListItem","position":2,"name":"Past\u00eds d&#8217;Aniversari Sense Gluten i Sense Lactosa"}]},{"@type":"WebSite","@id":"https:\/\/lagranjafoods.com\/ca\/#website","url":"https:\/\/lagranjafoods.com\/ca\/","name":"La Granja Foods","description":"\u00a1Benvinguts a La Granja! Qualitat, sabor i frescor des de 1959.","publisher":{"@id":"https:\/\/lagranjafoods.com\/ca\/#organization"},"potentialAction":[{"@type":"SearchAction","target":{"@type":"EntryPoint","urlTemplate":"https:\/\/lagranjafoods.com\/ca\/?s={search_term_string}"},"query-input":{"@type":"PropertyValueSpecification","valueRequired":true,"valueName":"search_term_string"}}],"inLanguage":"ca"},{"@type":"Organization","@id":"https:\/\/lagranjafoods.com\/ca\/#organization","name":"La Granja Foods","url":"https:\/\/lagranjafoods.com\/ca\/","logo":{"@type":"ImageObject","inLanguage":"ca","@id":"https:\/\/lagranjafoods.com\/ca\/#\/schema\/logo\/image\/","url":"https:\/\/lagranjafoods.com\/wp-content\/uploads\/logo-lagranjafoods.png","contentUrl":"https:\/\/lagranjafoods.com\/wp-content\/uploads\/logo-lagranjafoods.png","width":539,"height":158,"caption":"La Granja Foods "},"image":{"@id":"https:\/\/lagranjafoods.com\/ca\/#\/schema\/logo\/image\/"}},{"@type":"Person","@id":"https:\/\/lagranjafoods.com\/ca\/#\/schema\/person\/8620ca73cfc2e9a8afd326de202a03db","name":"emfasi","sameAs":["http:\/\/lagranjafoods.com"]}]}},"_links":{"self":[{"href":"https:\/\/lagranjafoods.com\/ca\/wp-json\/wp\/v2\/posts\/37501","targetHints":{"allow":["GET"]}}],"collection":[{"href":"https:\/\/lagranjafoods.com\/ca\/wp-json\/wp\/v2\/posts"}],"about":[{"href":"https:\/\/lagranjafoods.com\/ca\/wp-json\/wp\/v2\/types\/post"}],"author":[{"embeddable":true,"href":"https:\/\/lagranjafoods.com\/ca\/wp-json\/wp\/v2\/users\/1"}],"replies":[{"embeddable":true,"href":"https:\/\/lagranjafoods.com\/ca\/wp-json\/wp\/v2\/comments?post=37501"}],"version-history":[{"count":0,"href":"https:\/\/lagranjafoods.com\/ca\/wp-json\/wp\/v2\/posts\/37501\/revisions"}],"wp:featuredmedia":[{"embeddable":true,"href":"https:\/\/lagranjafoods.com\/ca\/wp-json\/wp\/v2\/media\/871"}],"wp:attachment":[{"href":"https:\/\/lagranjafoods.com\/ca\/wp-json\/wp\/v2\/media?parent=37501"}],"wp:term":[{"taxonomy":"category","embeddable":true,"href":"https:\/\/lagranjafoods.com\/ca\/wp-json\/wp\/v2\/categories?post=37501"},{"taxonomy":"post_tag","embeddable":true,"href":"https:\/\/lagranjafoods.com\/ca\/wp-json\/wp\/v2\/tags?post=37501"}],"curies":[{"name":"wp","href":"https:\/\/api.w.org\/{rel}","templated":true}]}}