{"id":37109,"date":"2023-12-04T09:34:16","date_gmt":"2023-12-04T07:34:16","guid":{"rendered":"http:\/\/lagranjafoods.com\/cupcakes-navidenos-sin-gluten-y-sin-lactosa\/"},"modified":"2025-01-24T08:24:45","modified_gmt":"2025-01-24T08:24:45","slug":"cupcakes-nadalencs-sense-gluten-ni-lactosa","status":"publish","type":"post","link":"https:\/\/lagranjafoods.com\/ca\/cupcakes-nadalencs-sense-gluten-ni-lactosa\/","title":{"rendered":"Cupcakes nadalencs sense gluten i sense lactosa"},"content":{"rendered":"<h2>INGREDIENTS<\/h2>\n<ul>\n<li>1 paquet de Magdalenes M\u00e0rmol Sense Gluten i Sense Lactosa<\/li>\n<li>300 ml de nata per muntar sense lactosa<\/li>\n<li>2 tauletes de xocolata sense lactosa<\/li>\n<li>Ulls de sucre<\/li>\n<li>\u201cLacasitos\u201d o gominoles rodones de color vermell<\/li>\n<\/ul>\n<h2>ELABORACI\u00d3<\/h2>\n<ol>\n<li style=\"text-align: justify;\">Comencem introduint la nata sense lactosa per muntar en una cassola juntament amb una tauleta de xocolata sense lactosa trossejada. La coem a foc lent sense deixar de remenar fins que el xocolata estigui completament fos amb la nata.<\/li>\n<li style=\"text-align: justify;\">Aboquem la nata en un recipient gran de vidre o alumini i la deixem reposar fins que estigui a temperatura ambient. Quan la nata estigui t\u00e8bia, la posem a la nevera o al congelador fins que estigui ben freda. \u00c9s important que el recipient sigui gran perqu\u00e8, un cop freda, muntarem la nata amb unes varetes en el mateix recipient.<\/li>\n<li style=\"text-align: justify;\">Muntarem la nata: \u00e9s essencial que tant la nata com el recipient estiguin ben freds perqu\u00e8 no es talli mentre la muntem. Amb varetes manuals o el\u00e8ctriques, batem la nata fins que adquireixi una textura consistent. Aboquem la trufa, \u00e9s a dir, la nata amb xocolata, en una m\u00e0nega pastissera.<\/li>\n<li style=\"text-align: justify;\">Ara toca decorar les Magdalenes M\u00e0rmol Sense Gluten i Sense Lactosa en forma de ren: amb la m\u00e0nega pastissera, afegim la trufa damunt de les magdalenes, les decorem amb ulls de sucre i una gominola vermella o un \u201cLacasito\u201d com a nas.<\/li>\n<li style=\"text-align: justify;\">Per fer les orelles del ren, fonem l\u2019altra tauleta de xocolata sense lactosa al microones. Sobre un paper de cuina, dibuixem amb el xocolata unes banyes com es veu a la imatge. Deixem refredar i clavem les banyes de xocolata a la magdalena amb la trufa.<\/li>\n<\/ol>\n","protected":false},"excerpt":{"rendered":"<p>INGREDIENTS 1 paquet de Magdalenes M\u00e0rmol Sense Gluten i Sense Lactosa 300 ml de nata per muntar sense lactosa 2 tauletes de xocolata sense lactosa Ulls de sucre \u201cLacasitos\u201d o &hellip;<\/p>\n","protected":false},"author":1,"featured_media":776,"comment_status":"closed","ping_status":"open","sticky":false,"template":"","format":"standard","meta":{"_acf_changed":false,"mc4wp_mailchimp_campaign":[],"footnotes":""},"categories":[82],"tags":[],"class_list":["post-37109","post","type-post","status-publish","format-standard","has-post-thumbnail","hentry","category-receptes"],"acf":[],"yoast_head":"<!-- This site is optimized with the Yoast SEO plugin v28.3 - https:\/\/yoast.com\/product\/yoast-seo-wordpress\/ -->\n<title>Cupcakes nadalencs sense gluten i sense lactosa - La Granja Foods<\/title>\n<meta name=\"description\" content=\"Apr\u00e8n a preparar cupcakes nadalencs sense gluten i sense lactosa. Perfectes per les festes!\" \/>\n<meta name=\"robots\" content=\"index, follow, max-snippet:-1, max-image-preview:large, max-video-preview:-1\" \/>\n<link rel=\"canonical\" href=\"https:\/\/lagranjafoods.com\/ca\/cupcakes-nadalencs-sense-gluten-ni-lactosa\/\" \/>\n<meta property=\"og:locale\" content=\"ca_ES\" \/>\n<meta property=\"og:type\" content=\"article\" \/>\n<meta property=\"og:title\" content=\"Cupcakes nadalencs sense gluten i sense lactosa - La Granja Foods\" \/>\n<meta property=\"og:description\" content=\"Apr\u00e8n a preparar cupcakes nadalencs sense gluten i sense lactosa. Perfectes per les festes!\" \/>\n<meta property=\"og:url\" content=\"https:\/\/lagranjafoods.com\/ca\/cupcakes-nadalencs-sense-gluten-ni-lactosa\/\" \/>\n<meta property=\"og:site_name\" content=\"La Granja Foods\" \/>\n<meta property=\"article:published_time\" content=\"2023-12-04T07:34:16+00:00\" \/>\n<meta property=\"article:modified_time\" content=\"2025-01-24T08:24:45+00:00\" \/>\n<meta property=\"og:image\" content=\"https:\/\/lagranjafoods.com\/wp-content\/uploads\/Banner-recetario-2000-\u00d7-1500-px-1.png\" \/>\n\t<meta property=\"og:image:width\" content=\"640\" \/>\n\t<meta property=\"og:image:height\" content=\"480\" \/>\n\t<meta property=\"og:image:type\" content=\"image\/png\" \/>\n<meta name=\"author\" content=\"emfasi\" \/>\n<meta name=\"twitter:card\" content=\"summary_large_image\" \/>\n<meta name=\"twitter:label1\" content=\"Escrit per\" \/>\n\t<meta name=\"twitter:data1\" content=\"emfasi\" \/>\n\t<meta name=\"twitter:label2\" content=\"Temps estimat de lectura\" \/>\n\t<meta name=\"twitter:data2\" content=\"2 minut\" \/>\n<script type=\"application\/ld+json\" class=\"yoast-schema-graph\">{\"@context\":\"https:\\\/\\\/schema.org\",\"@graph\":[{\"@type\":\"Article\",\"@id\":\"https:\\\/\\\/lagranjafoods.com\\\/ca\\\/cupcakes-nadalencs-sense-gluten-ni-lactosa\\\/#article\",\"isPartOf\":{\"@id\":\"https:\\\/\\\/lagranjafoods.com\\\/ca\\\/cupcakes-nadalencs-sense-gluten-ni-lactosa\\\/\"},\"author\":{\"name\":\"emfasi\",\"@id\":\"https:\\\/\\\/lagranjafoods.com\\\/ca\\\/#\\\/schema\\\/person\\\/8620ca73cfc2e9a8afd326de202a03db\"},\"headline\":\"Cupcakes nadalencs sense gluten i sense lactosa\",\"datePublished\":\"2023-12-04T07:34:16+00:00\",\"dateModified\":\"2025-01-24T08:24:45+00:00\",\"mainEntityOfPage\":{\"@id\":\"https:\\\/\\\/lagranjafoods.com\\\/ca\\\/cupcakes-nadalencs-sense-gluten-ni-lactosa\\\/\"},\"wordCount\":284,\"publisher\":{\"@id\":\"https:\\\/\\\/lagranjafoods.com\\\/ca\\\/#organization\"},\"image\":{\"@id\":\"https:\\\/\\\/lagranjafoods.com\\\/ca\\\/cupcakes-nadalencs-sense-gluten-ni-lactosa\\\/#primaryimage\"},\"thumbnailUrl\":\"https:\\\/\\\/lagranjafoods.com\\\/wp-content\\\/uploads\\\/Banner-recetario-2000-\u00d7-1500-px-1.png\",\"articleSection\":[\"Receptes\"],\"inLanguage\":\"ca\"},{\"@type\":\"WebPage\",\"@id\":\"https:\\\/\\\/lagranjafoods.com\\\/ca\\\/cupcakes-nadalencs-sense-gluten-ni-lactosa\\\/\",\"url\":\"https:\\\/\\\/lagranjafoods.com\\\/ca\\\/cupcakes-nadalencs-sense-gluten-ni-lactosa\\\/\",\"name\":\"Cupcakes nadalencs sense gluten i sense lactosa - La Granja Foods\",\"isPartOf\":{\"@id\":\"https:\\\/\\\/lagranjafoods.com\\\/ca\\\/#website\"},\"primaryImageOfPage\":{\"@id\":\"https:\\\/\\\/lagranjafoods.com\\\/ca\\\/cupcakes-nadalencs-sense-gluten-ni-lactosa\\\/#primaryimage\"},\"image\":{\"@id\":\"https:\\\/\\\/lagranjafoods.com\\\/ca\\\/cupcakes-nadalencs-sense-gluten-ni-lactosa\\\/#primaryimage\"},\"thumbnailUrl\":\"https:\\\/\\\/lagranjafoods.com\\\/wp-content\\\/uploads\\\/Banner-recetario-2000-\u00d7-1500-px-1.png\",\"datePublished\":\"2023-12-04T07:34:16+00:00\",\"dateModified\":\"2025-01-24T08:24:45+00:00\",\"description\":\"Apr\u00e8n a preparar cupcakes nadalencs sense gluten i sense lactosa. Perfectes per les festes!\",\"breadcrumb\":{\"@id\":\"https:\\\/\\\/lagranjafoods.com\\\/ca\\\/cupcakes-nadalencs-sense-gluten-ni-lactosa\\\/#breadcrumb\"},\"inLanguage\":\"ca\",\"potentialAction\":[{\"@type\":\"ReadAction\",\"target\":[\"https:\\\/\\\/lagranjafoods.com\\\/ca\\\/cupcakes-nadalencs-sense-gluten-ni-lactosa\\\/\"]}]},{\"@type\":\"ImageObject\",\"inLanguage\":\"ca\",\"@id\":\"https:\\\/\\\/lagranjafoods.com\\\/ca\\\/cupcakes-nadalencs-sense-gluten-ni-lactosa\\\/#primaryimage\",\"url\":\"https:\\\/\\\/lagranjafoods.com\\\/wp-content\\\/uploads\\\/Banner-recetario-2000-\u00d7-1500-px-1.png\",\"contentUrl\":\"https:\\\/\\\/lagranjafoods.com\\\/wp-content\\\/uploads\\\/Banner-recetario-2000-\u00d7-1500-px-1.png\",\"width\":1750,\"height\":1313},{\"@type\":\"BreadcrumbList\",\"@id\":\"https:\\\/\\\/lagranjafoods.com\\\/ca\\\/cupcakes-nadalencs-sense-gluten-ni-lactosa\\\/#breadcrumb\",\"itemListElement\":[{\"@type\":\"ListItem\",\"position\":1,\"name\":\"Portada\",\"item\":\"https:\\\/\\\/lagranjafoods.com\\\/ca\\\/\"},{\"@type\":\"ListItem\",\"position\":2,\"name\":\"Cupcakes nadalencs sense gluten i sense lactosa\"}]},{\"@type\":\"WebSite\",\"@id\":\"https:\\\/\\\/lagranjafoods.com\\\/ca\\\/#website\",\"url\":\"https:\\\/\\\/lagranjafoods.com\\\/ca\\\/\",\"name\":\"La Granja Foods\",\"description\":\"\u00a1Benvinguts a La Granja! Qualitat, sabor i frescor des de 1959.\",\"publisher\":{\"@id\":\"https:\\\/\\\/lagranjafoods.com\\\/ca\\\/#organization\"},\"potentialAction\":[{\"@type\":\"SearchAction\",\"target\":{\"@type\":\"EntryPoint\",\"urlTemplate\":\"https:\\\/\\\/lagranjafoods.com\\\/ca\\\/?s={search_term_string}\"},\"query-input\":{\"@type\":\"PropertyValueSpecification\",\"valueRequired\":true,\"valueName\":\"search_term_string\"}}],\"inLanguage\":\"ca\"},{\"@type\":\"Organization\",\"@id\":\"https:\\\/\\\/lagranjafoods.com\\\/ca\\\/#organization\",\"name\":\"La Granja Foods\",\"url\":\"https:\\\/\\\/lagranjafoods.com\\\/ca\\\/\",\"logo\":{\"@type\":\"ImageObject\",\"inLanguage\":\"ca\",\"@id\":\"https:\\\/\\\/lagranjafoods.com\\\/ca\\\/#\\\/schema\\\/logo\\\/image\\\/\",\"url\":\"https:\\\/\\\/lagranjafoods.com\\\/wp-content\\\/uploads\\\/logo-lagranjafoods.png\",\"contentUrl\":\"https:\\\/\\\/lagranjafoods.com\\\/wp-content\\\/uploads\\\/logo-lagranjafoods.png\",\"width\":539,\"height\":158,\"caption\":\"La Granja Foods \"},\"image\":{\"@id\":\"https:\\\/\\\/lagranjafoods.com\\\/ca\\\/#\\\/schema\\\/logo\\\/image\\\/\"}},{\"@type\":\"Person\",\"@id\":\"https:\\\/\\\/lagranjafoods.com\\\/ca\\\/#\\\/schema\\\/person\\\/8620ca73cfc2e9a8afd326de202a03db\",\"name\":\"emfasi\",\"sameAs\":[\"http:\\\/\\\/lagranjafoods.com\"]}]}<\/script>\n<!-- \/ Yoast SEO plugin. -->","yoast_head_json":{"title":"Cupcakes nadalencs sense gluten i sense lactosa - La Granja Foods","description":"Apr\u00e8n a preparar cupcakes nadalencs sense gluten i sense lactosa. Perfectes per les festes!","robots":{"index":"index","follow":"follow","max-snippet":"max-snippet:-1","max-image-preview":"max-image-preview:large","max-video-preview":"max-video-preview:-1"},"canonical":"https:\/\/lagranjafoods.com\/ca\/cupcakes-nadalencs-sense-gluten-ni-lactosa\/","og_locale":"ca_ES","og_type":"article","og_title":"Cupcakes nadalencs sense gluten i sense lactosa - La Granja Foods","og_description":"Apr\u00e8n a preparar cupcakes nadalencs sense gluten i sense lactosa. Perfectes per les festes!","og_url":"https:\/\/lagranjafoods.com\/ca\/cupcakes-nadalencs-sense-gluten-ni-lactosa\/","og_site_name":"La Granja Foods","article_published_time":"2023-12-04T07:34:16+00:00","article_modified_time":"2025-01-24T08:24:45+00:00","og_image":[{"url":"https:\/\/lagranjafoods.com\/wp-content\/uploads\/Banner-recetario-2000-\u00d7-1500-px-1.png","width":640,"height":480,"type":"image\/png"}],"author":"emfasi","twitter_card":"summary_large_image","twitter_misc":{"Escrit per":"emfasi","Temps estimat de lectura":"2 minut"},"schema":{"@context":"https:\/\/schema.org","@graph":[{"@type":"Article","@id":"https:\/\/lagranjafoods.com\/ca\/cupcakes-nadalencs-sense-gluten-ni-lactosa\/#article","isPartOf":{"@id":"https:\/\/lagranjafoods.com\/ca\/cupcakes-nadalencs-sense-gluten-ni-lactosa\/"},"author":{"name":"emfasi","@id":"https:\/\/lagranjafoods.com\/ca\/#\/schema\/person\/8620ca73cfc2e9a8afd326de202a03db"},"headline":"Cupcakes nadalencs sense gluten i sense lactosa","datePublished":"2023-12-04T07:34:16+00:00","dateModified":"2025-01-24T08:24:45+00:00","mainEntityOfPage":{"@id":"https:\/\/lagranjafoods.com\/ca\/cupcakes-nadalencs-sense-gluten-ni-lactosa\/"},"wordCount":284,"publisher":{"@id":"https:\/\/lagranjafoods.com\/ca\/#organization"},"image":{"@id":"https:\/\/lagranjafoods.com\/ca\/cupcakes-nadalencs-sense-gluten-ni-lactosa\/#primaryimage"},"thumbnailUrl":"https:\/\/lagranjafoods.com\/wp-content\/uploads\/Banner-recetario-2000-\u00d7-1500-px-1.png","articleSection":["Receptes"],"inLanguage":"ca"},{"@type":"WebPage","@id":"https:\/\/lagranjafoods.com\/ca\/cupcakes-nadalencs-sense-gluten-ni-lactosa\/","url":"https:\/\/lagranjafoods.com\/ca\/cupcakes-nadalencs-sense-gluten-ni-lactosa\/","name":"Cupcakes nadalencs sense gluten i sense lactosa - La Granja Foods","isPartOf":{"@id":"https:\/\/lagranjafoods.com\/ca\/#website"},"primaryImageOfPage":{"@id":"https:\/\/lagranjafoods.com\/ca\/cupcakes-nadalencs-sense-gluten-ni-lactosa\/#primaryimage"},"image":{"@id":"https:\/\/lagranjafoods.com\/ca\/cupcakes-nadalencs-sense-gluten-ni-lactosa\/#primaryimage"},"thumbnailUrl":"https:\/\/lagranjafoods.com\/wp-content\/uploads\/Banner-recetario-2000-\u00d7-1500-px-1.png","datePublished":"2023-12-04T07:34:16+00:00","dateModified":"2025-01-24T08:24:45+00:00","description":"Apr\u00e8n a preparar cupcakes nadalencs sense gluten i sense lactosa. Perfectes per les festes!","breadcrumb":{"@id":"https:\/\/lagranjafoods.com\/ca\/cupcakes-nadalencs-sense-gluten-ni-lactosa\/#breadcrumb"},"inLanguage":"ca","potentialAction":[{"@type":"ReadAction","target":["https:\/\/lagranjafoods.com\/ca\/cupcakes-nadalencs-sense-gluten-ni-lactosa\/"]}]},{"@type":"ImageObject","inLanguage":"ca","@id":"https:\/\/lagranjafoods.com\/ca\/cupcakes-nadalencs-sense-gluten-ni-lactosa\/#primaryimage","url":"https:\/\/lagranjafoods.com\/wp-content\/uploads\/Banner-recetario-2000-\u00d7-1500-px-1.png","contentUrl":"https:\/\/lagranjafoods.com\/wp-content\/uploads\/Banner-recetario-2000-\u00d7-1500-px-1.png","width":1750,"height":1313},{"@type":"BreadcrumbList","@id":"https:\/\/lagranjafoods.com\/ca\/cupcakes-nadalencs-sense-gluten-ni-lactosa\/#breadcrumb","itemListElement":[{"@type":"ListItem","position":1,"name":"Portada","item":"https:\/\/lagranjafoods.com\/ca\/"},{"@type":"ListItem","position":2,"name":"Cupcakes nadalencs sense gluten i sense lactosa"}]},{"@type":"WebSite","@id":"https:\/\/lagranjafoods.com\/ca\/#website","url":"https:\/\/lagranjafoods.com\/ca\/","name":"La Granja Foods","description":"\u00a1Benvinguts a La Granja! Qualitat, sabor i frescor des de 1959.","publisher":{"@id":"https:\/\/lagranjafoods.com\/ca\/#organization"},"potentialAction":[{"@type":"SearchAction","target":{"@type":"EntryPoint","urlTemplate":"https:\/\/lagranjafoods.com\/ca\/?s={search_term_string}"},"query-input":{"@type":"PropertyValueSpecification","valueRequired":true,"valueName":"search_term_string"}}],"inLanguage":"ca"},{"@type":"Organization","@id":"https:\/\/lagranjafoods.com\/ca\/#organization","name":"La Granja Foods","url":"https:\/\/lagranjafoods.com\/ca\/","logo":{"@type":"ImageObject","inLanguage":"ca","@id":"https:\/\/lagranjafoods.com\/ca\/#\/schema\/logo\/image\/","url":"https:\/\/lagranjafoods.com\/wp-content\/uploads\/logo-lagranjafoods.png","contentUrl":"https:\/\/lagranjafoods.com\/wp-content\/uploads\/logo-lagranjafoods.png","width":539,"height":158,"caption":"La Granja Foods "},"image":{"@id":"https:\/\/lagranjafoods.com\/ca\/#\/schema\/logo\/image\/"}},{"@type":"Person","@id":"https:\/\/lagranjafoods.com\/ca\/#\/schema\/person\/8620ca73cfc2e9a8afd326de202a03db","name":"emfasi","sameAs":["http:\/\/lagranjafoods.com"]}]}},"_links":{"self":[{"href":"https:\/\/lagranjafoods.com\/ca\/wp-json\/wp\/v2\/posts\/37109","targetHints":{"allow":["GET"]}}],"collection":[{"href":"https:\/\/lagranjafoods.com\/ca\/wp-json\/wp\/v2\/posts"}],"about":[{"href":"https:\/\/lagranjafoods.com\/ca\/wp-json\/wp\/v2\/types\/post"}],"author":[{"embeddable":true,"href":"https:\/\/lagranjafoods.com\/ca\/wp-json\/wp\/v2\/users\/1"}],"replies":[{"embeddable":true,"href":"https:\/\/lagranjafoods.com\/ca\/wp-json\/wp\/v2\/comments?post=37109"}],"version-history":[{"count":0,"href":"https:\/\/lagranjafoods.com\/ca\/wp-json\/wp\/v2\/posts\/37109\/revisions"}],"wp:featuredmedia":[{"embeddable":true,"href":"https:\/\/lagranjafoods.com\/ca\/wp-json\/wp\/v2\/media\/776"}],"wp:attachment":[{"href":"https:\/\/lagranjafoods.com\/ca\/wp-json\/wp\/v2\/media?parent=37109"}],"wp:term":[{"taxonomy":"category","embeddable":true,"href":"https:\/\/lagranjafoods.com\/ca\/wp-json\/wp\/v2\/categories?post=37109"},{"taxonomy":"post_tag","embeddable":true,"href":"https:\/\/lagranjafoods.com\/ca\/wp-json\/wp\/v2\/tags?post=37109"}],"curies":[{"name":"wp","href":"https:\/\/api.w.org\/{rel}","templated":true}]}}