{"id":37083,"date":"2024-02-14T12:49:47","date_gmt":"2024-02-14T10:49:47","guid":{"rendered":"http:\/\/lagranjafoods.com\/pastel-de-san-valentin-sin-gluten\/"},"modified":"2025-01-22T15:56:15","modified_gmt":"2025-01-22T15:56:15","slug":"pastis-sant-valenti-sense-gluten","status":"publish","type":"post","link":"https:\/\/lagranjafoods.com\/ca\/pastis-sant-valenti-sense-gluten\/","title":{"rendered":"Past\u00eds de Sant Valent\u00ed Sense Gluten"},"content":{"rendered":"<h2><span style=\"font-weight: 400;\">INGREDIENTS<\/span><\/h2>\n<ul>\n<li>2 paquets de Bizcocho Tradicional Sense Gluten i Sense Lactosa de La Granja Foods<\/li>\n<li>1\/2 l. de llet o beguda vegetal<\/li>\n<li>250 g de formatge crema<\/li>\n<li>140 g de mantega (tova, no massa freda)<\/li>\n<li>140 g de sucre glas<\/li>\n<li>1 culleradeta d&#8217;ess\u00e8ncia de vainilla<\/li>\n<li>Cobertura de xocolata rosa<\/li>\n<li>Cobertura de xocolata roja<\/li>\n<\/ul>\n<p>Tots els ingredients s\u00f3n lliures de gluten<\/p>\n<h2><span style=\"font-weight: 400;\">ELABORACI\u00d3<\/span><\/h2>\n<ol>\n<li aria-level=\"1\">Comencem posant els 2 paquets de Bizcocho Tradicional Sense Gluten i Sense Lactosa de La Granja Foods en un bol, juntament amb 1\/2 litre de llet o beguda vegetal. Amassem amb les mans fins aconseguir una massa i incorporem aquesta massa en un motlle desmuntable per donar-li forma de past\u00eds. Us recomanem utilitzar una cullera per anar modelant la massa de bescuit al motlle perqu\u00e8 encaixi b\u00e9 i obtingui la forma desitjada.<\/li>\n<li aria-level=\"1\">Un cop tinguem la massa del bescuit al motlle i veiem que encaixa perfectament, el tapem amb film i el posem a la nevera durant 1 hora perqu\u00e8 es refredi b\u00e9 i agafi una mica de consist\u00e8ncia.<\/li>\n<li aria-level=\"1\">Mentrestant, mentre el past\u00eds es refreda a la nevera, preparem el frosting: Posem el sucre i la mantega tova en un robot de cuina amb varetes (o en un bol) i batem fins aconseguir que els dos ingredients quedin ben integrats. A continuaci\u00f3, afegim el formatge crema i l&#8217;ess\u00e8ncia de vainilla i continuem batent fins aconseguir una massa homog\u00e8nia. Deixem reposar a temperatura ambient.<\/li>\n<li aria-level=\"1\">Ara, preparem els cors de xocolata: Fiquem la cobertura de xocolata rosa i roja, cada color per separat, a fondre. Quan tinguem les cobertures de xocolata foses, amb una cullera o esp\u00e0tula dibuixarem cors sobre un paper de forn o vegetal. Els deixem reposar a la nevera fins que la xocolata es solidifiqui.<\/li>\n<li aria-level=\"1\">Per a l&#8217;\u00faltim pas: Desmuntem el motlle i, amb una esp\u00e0tula, anem untant el frosting o gla\u00e7a. Nosaltres no hem cobert completament el past\u00eds amb frosting, com podeu veure a la imatge. Afegim els cors de xocolata com m\u00e9s ens agradi, nosaltres els hem repartit per tot el past\u00eds.<\/li>\n<li aria-level=\"1\">Ara toca gaudir amb La Granja Foods!<\/li>\n<\/ol>\n","protected":false},"excerpt":{"rendered":"<p>INGREDIENTS 2 paquets de Bizcocho Tradicional Sense Gluten i Sense Lactosa de La Granja Foods 1\/2 l. de llet o beguda vegetal 250 g de formatge crema 140 g de &hellip;<\/p>\n","protected":false},"author":1,"featured_media":37153,"comment_status":"closed","ping_status":"open","sticky":false,"template":"","format":"standard","meta":{"_acf_changed":false,"mc4wp_mailchimp_campaign":[],"footnotes":""},"categories":[82],"tags":[578],"class_list":["post-37083","post","type-post","status-publish","format-standard","has-post-thumbnail","hentry","category-receptes","tag-sin-gluten-ca"],"acf":[],"yoast_head":"<!-- This site is optimized with the Yoast SEO plugin v28.3 - https:\/\/yoast.com\/product\/yoast-seo-wordpress\/ -->\n<title>Past\u00eds de Sant Valent\u00ed Sense Gluten - La Granja Foods<\/title>\n<meta name=\"description\" content=\"Celebra el Dia de Sant Valent\u00ed amb aquest delici\u00f3s past\u00eds sense gluten i sense lactosa de La Granja Foods.\" \/>\n<meta name=\"robots\" content=\"index, follow, max-snippet:-1, max-image-preview:large, max-video-preview:-1\" \/>\n<link rel=\"canonical\" href=\"https:\/\/lagranjafoods.com\/ca\/pastis-sant-valenti-sense-gluten\/\" \/>\n<meta property=\"og:locale\" content=\"ca_ES\" \/>\n<meta property=\"og:type\" content=\"article\" \/>\n<meta property=\"og:title\" content=\"Past\u00eds de Sant Valent\u00ed Sense Gluten - La Granja Foods\" \/>\n<meta property=\"og:description\" content=\"Celebra el Dia de Sant Valent\u00ed amb aquest delici\u00f3s past\u00eds sense gluten i sense lactosa de La Granja Foods.\" \/>\n<meta property=\"og:url\" content=\"https:\/\/lagranjafoods.com\/ca\/pastis-sant-valenti-sense-gluten\/\" \/>\n<meta property=\"og:site_name\" content=\"La Granja Foods\" \/>\n<meta property=\"article:published_time\" content=\"2024-02-14T10:49:47+00:00\" \/>\n<meta property=\"article:modified_time\" content=\"2025-01-22T15:56:15+00:00\" \/>\n<meta property=\"og:image\" content=\"https:\/\/lagranjafoods.com\/wp-content\/uploads\/banner-receta-de-san-valentin.png\" \/>\n\t<meta property=\"og:image:width\" content=\"640\" \/>\n\t<meta property=\"og:image:height\" content=\"480\" \/>\n\t<meta property=\"og:image:type\" content=\"image\/png\" \/>\n<meta name=\"author\" content=\"emfasi\" \/>\n<meta name=\"twitter:card\" content=\"summary_large_image\" \/>\n<meta name=\"twitter:label1\" content=\"Escrit per\" \/>\n\t<meta name=\"twitter:data1\" content=\"emfasi\" \/>\n\t<meta name=\"twitter:label2\" content=\"Temps estimat de lectura\" \/>\n\t<meta name=\"twitter:data2\" content=\"2 minut\" \/>\n<script type=\"application\/ld+json\" class=\"yoast-schema-graph\">{\"@context\":\"https:\\\/\\\/schema.org\",\"@graph\":[{\"@type\":\"Article\",\"@id\":\"https:\\\/\\\/lagranjafoods.com\\\/ca\\\/pastis-sant-valenti-sense-gluten\\\/#article\",\"isPartOf\":{\"@id\":\"https:\\\/\\\/lagranjafoods.com\\\/ca\\\/pastis-sant-valenti-sense-gluten\\\/\"},\"author\":{\"name\":\"emfasi\",\"@id\":\"https:\\\/\\\/lagranjafoods.com\\\/ca\\\/#\\\/schema\\\/person\\\/8620ca73cfc2e9a8afd326de202a03db\"},\"headline\":\"Past\u00eds de Sant Valent\u00ed Sense Gluten\",\"datePublished\":\"2024-02-14T10:49:47+00:00\",\"dateModified\":\"2025-01-22T15:56:15+00:00\",\"mainEntityOfPage\":{\"@id\":\"https:\\\/\\\/lagranjafoods.com\\\/ca\\\/pastis-sant-valenti-sense-gluten\\\/\"},\"wordCount\":357,\"publisher\":{\"@id\":\"https:\\\/\\\/lagranjafoods.com\\\/ca\\\/#organization\"},\"image\":{\"@id\":\"https:\\\/\\\/lagranjafoods.com\\\/ca\\\/pastis-sant-valenti-sense-gluten\\\/#primaryimage\"},\"thumbnailUrl\":\"https:\\\/\\\/lagranjafoods.com\\\/wp-content\\\/uploads\\\/banner-receta-de-san-valentin.png\",\"keywords\":[\"Sin gluten\"],\"articleSection\":[\"Receptes\"],\"inLanguage\":\"ca\"},{\"@type\":\"WebPage\",\"@id\":\"https:\\\/\\\/lagranjafoods.com\\\/ca\\\/pastis-sant-valenti-sense-gluten\\\/\",\"url\":\"https:\\\/\\\/lagranjafoods.com\\\/ca\\\/pastis-sant-valenti-sense-gluten\\\/\",\"name\":\"Past\u00eds de Sant Valent\u00ed Sense Gluten - La Granja Foods\",\"isPartOf\":{\"@id\":\"https:\\\/\\\/lagranjafoods.com\\\/ca\\\/#website\"},\"primaryImageOfPage\":{\"@id\":\"https:\\\/\\\/lagranjafoods.com\\\/ca\\\/pastis-sant-valenti-sense-gluten\\\/#primaryimage\"},\"image\":{\"@id\":\"https:\\\/\\\/lagranjafoods.com\\\/ca\\\/pastis-sant-valenti-sense-gluten\\\/#primaryimage\"},\"thumbnailUrl\":\"https:\\\/\\\/lagranjafoods.com\\\/wp-content\\\/uploads\\\/banner-receta-de-san-valentin.png\",\"datePublished\":\"2024-02-14T10:49:47+00:00\",\"dateModified\":\"2025-01-22T15:56:15+00:00\",\"description\":\"Celebra el Dia de Sant Valent\u00ed amb aquest delici\u00f3s past\u00eds sense gluten i sense lactosa de La Granja Foods.\",\"breadcrumb\":{\"@id\":\"https:\\\/\\\/lagranjafoods.com\\\/ca\\\/pastis-sant-valenti-sense-gluten\\\/#breadcrumb\"},\"inLanguage\":\"ca\",\"potentialAction\":[{\"@type\":\"ReadAction\",\"target\":[\"https:\\\/\\\/lagranjafoods.com\\\/ca\\\/pastis-sant-valenti-sense-gluten\\\/\"]}]},{\"@type\":\"ImageObject\",\"inLanguage\":\"ca\",\"@id\":\"https:\\\/\\\/lagranjafoods.com\\\/ca\\\/pastis-sant-valenti-sense-gluten\\\/#primaryimage\",\"url\":\"https:\\\/\\\/lagranjafoods.com\\\/wp-content\\\/uploads\\\/banner-receta-de-san-valentin.png\",\"contentUrl\":\"https:\\\/\\\/lagranjafoods.com\\\/wp-content\\\/uploads\\\/banner-receta-de-san-valentin.png\",\"width\":2000,\"height\":1500},{\"@type\":\"BreadcrumbList\",\"@id\":\"https:\\\/\\\/lagranjafoods.com\\\/ca\\\/pastis-sant-valenti-sense-gluten\\\/#breadcrumb\",\"itemListElement\":[{\"@type\":\"ListItem\",\"position\":1,\"name\":\"Portada\",\"item\":\"https:\\\/\\\/lagranjafoods.com\\\/ca\\\/\"},{\"@type\":\"ListItem\",\"position\":2,\"name\":\"Past\u00eds de Sant Valent\u00ed Sense Gluten\"}]},{\"@type\":\"WebSite\",\"@id\":\"https:\\\/\\\/lagranjafoods.com\\\/ca\\\/#website\",\"url\":\"https:\\\/\\\/lagranjafoods.com\\\/ca\\\/\",\"name\":\"La Granja Foods\",\"description\":\"\u00a1Benvinguts a La Granja! Qualitat, sabor i frescor des de 1959.\",\"publisher\":{\"@id\":\"https:\\\/\\\/lagranjafoods.com\\\/ca\\\/#organization\"},\"potentialAction\":[{\"@type\":\"SearchAction\",\"target\":{\"@type\":\"EntryPoint\",\"urlTemplate\":\"https:\\\/\\\/lagranjafoods.com\\\/ca\\\/?s={search_term_string}\"},\"query-input\":{\"@type\":\"PropertyValueSpecification\",\"valueRequired\":true,\"valueName\":\"search_term_string\"}}],\"inLanguage\":\"ca\"},{\"@type\":\"Organization\",\"@id\":\"https:\\\/\\\/lagranjafoods.com\\\/ca\\\/#organization\",\"name\":\"La Granja Foods\",\"url\":\"https:\\\/\\\/lagranjafoods.com\\\/ca\\\/\",\"logo\":{\"@type\":\"ImageObject\",\"inLanguage\":\"ca\",\"@id\":\"https:\\\/\\\/lagranjafoods.com\\\/ca\\\/#\\\/schema\\\/logo\\\/image\\\/\",\"url\":\"https:\\\/\\\/lagranjafoods.com\\\/wp-content\\\/uploads\\\/logo-lagranjafoods.png\",\"contentUrl\":\"https:\\\/\\\/lagranjafoods.com\\\/wp-content\\\/uploads\\\/logo-lagranjafoods.png\",\"width\":539,\"height\":158,\"caption\":\"La Granja Foods \"},\"image\":{\"@id\":\"https:\\\/\\\/lagranjafoods.com\\\/ca\\\/#\\\/schema\\\/logo\\\/image\\\/\"}},{\"@type\":\"Person\",\"@id\":\"https:\\\/\\\/lagranjafoods.com\\\/ca\\\/#\\\/schema\\\/person\\\/8620ca73cfc2e9a8afd326de202a03db\",\"name\":\"emfasi\",\"sameAs\":[\"http:\\\/\\\/lagranjafoods.com\"]}]}<\/script>\n<!-- \/ Yoast SEO plugin. -->","yoast_head_json":{"title":"Past\u00eds de Sant Valent\u00ed Sense Gluten - La Granja Foods","description":"Celebra el Dia de Sant Valent\u00ed amb aquest delici\u00f3s past\u00eds sense gluten i sense lactosa de La Granja Foods.","robots":{"index":"index","follow":"follow","max-snippet":"max-snippet:-1","max-image-preview":"max-image-preview:large","max-video-preview":"max-video-preview:-1"},"canonical":"https:\/\/lagranjafoods.com\/ca\/pastis-sant-valenti-sense-gluten\/","og_locale":"ca_ES","og_type":"article","og_title":"Past\u00eds de Sant Valent\u00ed Sense Gluten - La Granja Foods","og_description":"Celebra el Dia de Sant Valent\u00ed amb aquest delici\u00f3s past\u00eds sense gluten i sense lactosa de La Granja Foods.","og_url":"https:\/\/lagranjafoods.com\/ca\/pastis-sant-valenti-sense-gluten\/","og_site_name":"La Granja Foods","article_published_time":"2024-02-14T10:49:47+00:00","article_modified_time":"2025-01-22T15:56:15+00:00","og_image":[{"url":"https:\/\/lagranjafoods.com\/wp-content\/uploads\/banner-receta-de-san-valentin.png","width":640,"height":480,"type":"image\/png"}],"author":"emfasi","twitter_card":"summary_large_image","twitter_misc":{"Escrit per":"emfasi","Temps estimat de lectura":"2 minut"},"schema":{"@context":"https:\/\/schema.org","@graph":[{"@type":"Article","@id":"https:\/\/lagranjafoods.com\/ca\/pastis-sant-valenti-sense-gluten\/#article","isPartOf":{"@id":"https:\/\/lagranjafoods.com\/ca\/pastis-sant-valenti-sense-gluten\/"},"author":{"name":"emfasi","@id":"https:\/\/lagranjafoods.com\/ca\/#\/schema\/person\/8620ca73cfc2e9a8afd326de202a03db"},"headline":"Past\u00eds de Sant Valent\u00ed Sense Gluten","datePublished":"2024-02-14T10:49:47+00:00","dateModified":"2025-01-22T15:56:15+00:00","mainEntityOfPage":{"@id":"https:\/\/lagranjafoods.com\/ca\/pastis-sant-valenti-sense-gluten\/"},"wordCount":357,"publisher":{"@id":"https:\/\/lagranjafoods.com\/ca\/#organization"},"image":{"@id":"https:\/\/lagranjafoods.com\/ca\/pastis-sant-valenti-sense-gluten\/#primaryimage"},"thumbnailUrl":"https:\/\/lagranjafoods.com\/wp-content\/uploads\/banner-receta-de-san-valentin.png","keywords":["Sin gluten"],"articleSection":["Receptes"],"inLanguage":"ca"},{"@type":"WebPage","@id":"https:\/\/lagranjafoods.com\/ca\/pastis-sant-valenti-sense-gluten\/","url":"https:\/\/lagranjafoods.com\/ca\/pastis-sant-valenti-sense-gluten\/","name":"Past\u00eds de Sant Valent\u00ed Sense Gluten - La Granja Foods","isPartOf":{"@id":"https:\/\/lagranjafoods.com\/ca\/#website"},"primaryImageOfPage":{"@id":"https:\/\/lagranjafoods.com\/ca\/pastis-sant-valenti-sense-gluten\/#primaryimage"},"image":{"@id":"https:\/\/lagranjafoods.com\/ca\/pastis-sant-valenti-sense-gluten\/#primaryimage"},"thumbnailUrl":"https:\/\/lagranjafoods.com\/wp-content\/uploads\/banner-receta-de-san-valentin.png","datePublished":"2024-02-14T10:49:47+00:00","dateModified":"2025-01-22T15:56:15+00:00","description":"Celebra el Dia de Sant Valent\u00ed amb aquest delici\u00f3s past\u00eds sense gluten i sense lactosa de La Granja Foods.","breadcrumb":{"@id":"https:\/\/lagranjafoods.com\/ca\/pastis-sant-valenti-sense-gluten\/#breadcrumb"},"inLanguage":"ca","potentialAction":[{"@type":"ReadAction","target":["https:\/\/lagranjafoods.com\/ca\/pastis-sant-valenti-sense-gluten\/"]}]},{"@type":"ImageObject","inLanguage":"ca","@id":"https:\/\/lagranjafoods.com\/ca\/pastis-sant-valenti-sense-gluten\/#primaryimage","url":"https:\/\/lagranjafoods.com\/wp-content\/uploads\/banner-receta-de-san-valentin.png","contentUrl":"https:\/\/lagranjafoods.com\/wp-content\/uploads\/banner-receta-de-san-valentin.png","width":2000,"height":1500},{"@type":"BreadcrumbList","@id":"https:\/\/lagranjafoods.com\/ca\/pastis-sant-valenti-sense-gluten\/#breadcrumb","itemListElement":[{"@type":"ListItem","position":1,"name":"Portada","item":"https:\/\/lagranjafoods.com\/ca\/"},{"@type":"ListItem","position":2,"name":"Past\u00eds de Sant Valent\u00ed Sense Gluten"}]},{"@type":"WebSite","@id":"https:\/\/lagranjafoods.com\/ca\/#website","url":"https:\/\/lagranjafoods.com\/ca\/","name":"La Granja Foods","description":"\u00a1Benvinguts a La Granja! Qualitat, sabor i frescor des de 1959.","publisher":{"@id":"https:\/\/lagranjafoods.com\/ca\/#organization"},"potentialAction":[{"@type":"SearchAction","target":{"@type":"EntryPoint","urlTemplate":"https:\/\/lagranjafoods.com\/ca\/?s={search_term_string}"},"query-input":{"@type":"PropertyValueSpecification","valueRequired":true,"valueName":"search_term_string"}}],"inLanguage":"ca"},{"@type":"Organization","@id":"https:\/\/lagranjafoods.com\/ca\/#organization","name":"La Granja Foods","url":"https:\/\/lagranjafoods.com\/ca\/","logo":{"@type":"ImageObject","inLanguage":"ca","@id":"https:\/\/lagranjafoods.com\/ca\/#\/schema\/logo\/image\/","url":"https:\/\/lagranjafoods.com\/wp-content\/uploads\/logo-lagranjafoods.png","contentUrl":"https:\/\/lagranjafoods.com\/wp-content\/uploads\/logo-lagranjafoods.png","width":539,"height":158,"caption":"La Granja Foods "},"image":{"@id":"https:\/\/lagranjafoods.com\/ca\/#\/schema\/logo\/image\/"}},{"@type":"Person","@id":"https:\/\/lagranjafoods.com\/ca\/#\/schema\/person\/8620ca73cfc2e9a8afd326de202a03db","name":"emfasi","sameAs":["http:\/\/lagranjafoods.com"]}]}},"_links":{"self":[{"href":"https:\/\/lagranjafoods.com\/ca\/wp-json\/wp\/v2\/posts\/37083","targetHints":{"allow":["GET"]}}],"collection":[{"href":"https:\/\/lagranjafoods.com\/ca\/wp-json\/wp\/v2\/posts"}],"about":[{"href":"https:\/\/lagranjafoods.com\/ca\/wp-json\/wp\/v2\/types\/post"}],"author":[{"embeddable":true,"href":"https:\/\/lagranjafoods.com\/ca\/wp-json\/wp\/v2\/users\/1"}],"replies":[{"embeddable":true,"href":"https:\/\/lagranjafoods.com\/ca\/wp-json\/wp\/v2\/comments?post=37083"}],"version-history":[{"count":0,"href":"https:\/\/lagranjafoods.com\/ca\/wp-json\/wp\/v2\/posts\/37083\/revisions"}],"wp:featuredmedia":[{"embeddable":true,"href":"https:\/\/lagranjafoods.com\/ca\/wp-json\/wp\/v2\/media\/37153"}],"wp:attachment":[{"href":"https:\/\/lagranjafoods.com\/ca\/wp-json\/wp\/v2\/media?parent=37083"}],"wp:term":[{"taxonomy":"category","embeddable":true,"href":"https:\/\/lagranjafoods.com\/ca\/wp-json\/wp\/v2\/categories?post=37083"},{"taxonomy":"post_tag","embeddable":true,"href":"https:\/\/lagranjafoods.com\/ca\/wp-json\/wp\/v2\/tags?post=37083"}],"curies":[{"name":"wp","href":"https:\/\/api.w.org\/{rel}","templated":true}]}}