{"id":37054,"date":"2025-01-22T12:14:38","date_gmt":"2025-01-22T12:14:38","guid":{"rendered":"http:\/\/lagranjafoods.com\/?p=37054"},"modified":"2025-01-22T13:23:59","modified_gmt":"2025-01-22T13:23:59","slug":"jornada-salut-mental","status":"publish","type":"post","link":"https:\/\/lagranjafoods.com\/ca\/jornada-salut-mental\/","title":{"rendered":"La Granja Foods celebra una jornada dedicada a la salut mental"},"content":{"rendered":"\n<p class=\"wp-block-paragraph\">El passat 10 d\u2019octubre, en el marc del Dia Mundial de la Salut Mental, a<a href=\"http:\/\/lagranjafoods.com\/nosotros-historia\/?_gl=1*v2takw*_up*MQ..*_ga*NDk3NzQ4NzQ3LjE3Mzc1NDkyMDQ.*_ga_QYHEX3WT0K*MTczNzU0OTIwMy4xLjAuMTczNzU0OTIwMy4wLjAuMA..\/\"> La Granja Foods<\/a> vam fer un pas important cap al benestar emocional del nostre equip en organitzar una jornada especial dedicada a aquest tema fonamental.<\/p>\n\n\n\n<p class=\"wp-block-paragraph\">En col\u00b7laboraci\u00f3 amb l\u2019Esther i la Laura, psic\u00f2logues i treballadores socials de l\u2019associaci\u00f3 OASIS, vam dissenyar una experi\u00e8ncia \u00fanica que va combinar aprenentatge, reflexi\u00f3 i connexi\u00f3 personal.<\/p>\n\n\n\n<p class=\"wp-block-paragraph\"><strong>El poder d&#8217;aturar-se i reflexionar<\/strong><\/p>\n\n\n\n<p class=\"wp-block-paragraph\">La jornada va comen\u00e7ar amb activitats grupals orientades a q\u00fcestionar i transformar creences limitants sobre l\u2019entorn laboral. Un dels principals reptes proposats per l\u2019Esther i la Laura va ser reflexionar sobre qu\u00e8 significa ser un \u00abbon\u00bb o \u00abmal\u00bb treballador, una creen\u00e7a que sovint influeix en com ens percebem i com interactuem a la feina.<\/p>\n\n\n\n<p class=\"wp-block-paragraph\">A trav\u00e9s de din\u00e0miques participatives i converses obertes, es va generar un espai segur i de confian\u00e7a on cada persona va poder expressar-se sense por de ser jutjada. Aquest ambient va permetre que molts col\u00b7laboradors compartissin emocions i pensaments que habitualment no troben lloc en l\u2019entorn laboral.<\/p>\n\n\n\n<p class=\"wp-block-paragraph\">Les valoracions dels participants s\u00f3n testimoni de l\u2019impacte positiu que va tenir aquesta jornada:<\/p>\n\n\n\n<p class=\"wp-block-paragraph\">\u00abMai no vaig pensar que tindria un espai aix\u00ed a la feina, em va sorprendre molt.\u00bb<\/p>\n\n\n\n<p class=\"wp-block-paragraph\">\u00abPoder dir com em sento sense sentir-me jutjat va ser el millor.\u00bb<\/p>\n\n\n\n<p class=\"wp-block-paragraph\">\u00abLes din\u00e0miques van ser una manera divertida de reflexionar.\u00bb<\/p>\n\n\n\n<p class=\"wp-block-paragraph\">\u00abM\u00e9s jornades com aquesta, si us plau!\u00bb<\/p>\n\n\n\n<p class=\"wp-block-paragraph\"><strong>Un enfocament personalitzat: sessions individuals<\/strong><\/p>\n\n\n\n<p class=\"wp-block-paragraph\">A m\u00e9s de les activitats grupals, cada membre de l\u2019equip va tenir l\u2019oportunitat de participar en una sessi\u00f3 individual de 30 minuts amb l\u2019Esther i la Laura. Aquestes sessions van oferir un espai privat i confidencial per tractar temes tant personals com laborals, permetent als participants explorar les seves emocions i cercar solucions amb la guia de professionals experimentades.<\/p>\n\n\n\n<p class=\"wp-block-paragraph\">La possibilitat de rebre aquest tipus d\u2019atenci\u00f3 personalitzada en l\u2019entorn laboral va ser una de les iniciatives m\u00e9s valorades, ja que va reflectir l\u2019inter\u00e8s de La Granja Foods per cuidar el benestar de cada persona.<\/p>\n\n\n\n<p class=\"wp-block-paragraph\"><strong>M\u00e9s enll\u00e0 d\u2019una jornada: un comprom\u00eds amb les persones<\/strong><\/p>\n\n\n\n<p class=\"wp-block-paragraph\">L\u2019organitzaci\u00f3 d\u2019aquestes activitats no va ser un esfor\u00e7 a\u00efllat, sin\u00f3 part d\u2019un comprom\u00eds continu de La Granja Foods amb la salut mental i el benestar emocional. Sabem que un equip feli\u00e7 i saludable contribueix a construir un entorn laboral positiu, col\u00b7laboratiu i hum\u00e0.<\/p>\n\n\n\n<p class=\"wp-block-paragraph\">Volem expressar el nostre agra\u00efment a l\u2019Esther i la Laura, aix\u00ed com a l\u2019associaci\u00f3 OASIS, per la seva professionalitat i calidesa durant tota la jornada. Tamb\u00e9 reconeixem la feina del nostre equip de Recursos Humans i Prevenci\u00f3 de Riscos Laborals, que es va encarregar d\u2019organitzar i coordinar cada detall.<\/p>\n\n\n\n<p class=\"wp-block-paragraph\">Per\u00f2, sobretot, volem agrair al nostre equip, que va participar activament, va mostrar obertura i va aportar les seves experi\u00e8ncies i reflexions per enriquir aquesta activitat.<\/p>\n\n\n\n<p class=\"wp-block-paragraph\"><strong>Un futur ple d\u2019aprenentatges compartits<\/strong><\/p>\n\n\n\n<p class=\"wp-block-paragraph\">Aquesta jornada ha estat un recordatori de la import\u00e0ncia d\u2019aturar-nos, escoltar i tenir cura tant de nosaltres mateixos com de les persones que ens envolten. A La Granja Foods seguirem apostant per iniciatives com aquesta, que no nom\u00e9s ens ajuden a cr\u00e9ixer com a professionals, sin\u00f3 tamb\u00e9 com a persones.<\/p>\n\n\n\n<p class=\"wp-block-paragraph\">Perqu\u00e8 el benestar del nostre equip \u00e9s la base per a un futur ple d\u2019\u00e8xit compartit.<\/p>\n","protected":false},"excerpt":{"rendered":"<p>El passat 10 d\u2019octubre, en el marc del Dia Mundial de la Salut Mental, a La Granja Foods vam fer un pas important cap al benestar emocional del nostre equip &hellip;<\/p>\n","protected":false},"author":565,"featured_media":37051,"comment_status":"closed","ping_status":"open","sticky":false,"template":"","format":"standard","meta":{"_acf_changed":false,"mc4wp_mailchimp_campaign":[],"footnotes":""},"categories":[81],"tags":[],"class_list":["post-37054","post","type-post","status-publish","format-standard","has-post-thumbnail","hentry","category-news-ca"],"acf":[],"yoast_head":"<!-- This site is optimized with the Yoast SEO plugin v28.3 - https:\/\/yoast.com\/product\/yoast-seo-wordpress\/ -->\n<title>La Granja Foods celebra una jornada dedicada a la salut mental - La Granja Foods<\/title>\n<meta name=\"description\" content=\"La Granja Foods celebra una jornada dedicada a la salut mental: reflexionant , aprenent i creixent junts.\" \/>\n<meta name=\"robots\" content=\"index, follow, max-snippet:-1, max-image-preview:large, max-video-preview:-1\" \/>\n<link rel=\"canonical\" href=\"https:\/\/lagranjafoods.com\/ca\/jornada-salut-mental\/\" \/>\n<meta property=\"og:locale\" content=\"ca_ES\" \/>\n<meta property=\"og:type\" content=\"article\" \/>\n<meta property=\"og:title\" content=\"La Granja Foods celebra una jornada dedicada a la salut mental - La Granja Foods\" \/>\n<meta property=\"og:description\" content=\"La Granja Foods celebra una jornada dedicada a la salut mental: reflexionant , aprenent i creixent junts.\" \/>\n<meta property=\"og:url\" content=\"https:\/\/lagranjafoods.com\/ca\/jornada-salut-mental\/\" \/>\n<meta property=\"og:site_name\" content=\"La Granja Foods\" \/>\n<meta property=\"article:published_time\" content=\"2025-01-22T12:14:38+00:00\" \/>\n<meta property=\"article:modified_time\" content=\"2025-01-22T13:23:59+00:00\" \/>\n<meta property=\"og:image\" content=\"https:\/\/lagranjafoods.com\/wp-content\/uploads\/banner-salud-mental-1.png\" \/>\n\t<meta property=\"og:image:width\" content=\"640\" \/>\n\t<meta property=\"og:image:height\" content=\"480\" \/>\n\t<meta property=\"og:image:type\" content=\"image\/png\" \/>\n<meta name=\"author\" content=\"conta\" \/>\n<meta name=\"twitter:card\" content=\"summary_large_image\" \/>\n<meta name=\"twitter:label1\" content=\"Escrit per\" \/>\n\t<meta name=\"twitter:data1\" content=\"conta\" \/>\n\t<meta name=\"twitter:label2\" content=\"Temps estimat de lectura\" \/>\n\t<meta name=\"twitter:data2\" content=\"3 minut\" \/>\n<script type=\"application\/ld+json\" class=\"yoast-schema-graph\">{\"@context\":\"https:\\\/\\\/schema.org\",\"@graph\":[{\"@type\":\"Article\",\"@id\":\"https:\\\/\\\/lagranjafoods.com\\\/ca\\\/jornada-salut-mental\\\/#article\",\"isPartOf\":{\"@id\":\"https:\\\/\\\/lagranjafoods.com\\\/ca\\\/jornada-salut-mental\\\/\"},\"author\":{\"name\":\"conta\",\"@id\":\"https:\\\/\\\/lagranjafoods.com\\\/ca\\\/#\\\/schema\\\/person\\\/a09ef344e5c3da6e521ed0a69afd694c\"},\"headline\":\"La Granja Foods celebra una jornada dedicada a la salut mental\",\"datePublished\":\"2025-01-22T12:14:38+00:00\",\"dateModified\":\"2025-01-22T13:23:59+00:00\",\"mainEntityOfPage\":{\"@id\":\"https:\\\/\\\/lagranjafoods.com\\\/ca\\\/jornada-salut-mental\\\/\"},\"wordCount\":587,\"publisher\":{\"@id\":\"https:\\\/\\\/lagranjafoods.com\\\/ca\\\/#organization\"},\"image\":{\"@id\":\"https:\\\/\\\/lagranjafoods.com\\\/ca\\\/jornada-salut-mental\\\/#primaryimage\"},\"thumbnailUrl\":\"https:\\\/\\\/lagranjafoods.com\\\/wp-content\\\/uploads\\\/banner-salud-mental-1.png\",\"articleSection\":[\"News\"],\"inLanguage\":\"ca\"},{\"@type\":\"WebPage\",\"@id\":\"https:\\\/\\\/lagranjafoods.com\\\/ca\\\/jornada-salut-mental\\\/\",\"url\":\"https:\\\/\\\/lagranjafoods.com\\\/ca\\\/jornada-salut-mental\\\/\",\"name\":\"La Granja Foods celebra una jornada dedicada a la salut mental - La Granja Foods\",\"isPartOf\":{\"@id\":\"https:\\\/\\\/lagranjafoods.com\\\/ca\\\/#website\"},\"primaryImageOfPage\":{\"@id\":\"https:\\\/\\\/lagranjafoods.com\\\/ca\\\/jornada-salut-mental\\\/#primaryimage\"},\"image\":{\"@id\":\"https:\\\/\\\/lagranjafoods.com\\\/ca\\\/jornada-salut-mental\\\/#primaryimage\"},\"thumbnailUrl\":\"https:\\\/\\\/lagranjafoods.com\\\/wp-content\\\/uploads\\\/banner-salud-mental-1.png\",\"datePublished\":\"2025-01-22T12:14:38+00:00\",\"dateModified\":\"2025-01-22T13:23:59+00:00\",\"description\":\"La Granja Foods celebra una jornada dedicada a la salut mental: reflexionant , aprenent i creixent junts.\",\"breadcrumb\":{\"@id\":\"https:\\\/\\\/lagranjafoods.com\\\/ca\\\/jornada-salut-mental\\\/#breadcrumb\"},\"inLanguage\":\"ca\",\"potentialAction\":[{\"@type\":\"ReadAction\",\"target\":[\"https:\\\/\\\/lagranjafoods.com\\\/ca\\\/jornada-salut-mental\\\/\"]}]},{\"@type\":\"ImageObject\",\"inLanguage\":\"ca\",\"@id\":\"https:\\\/\\\/lagranjafoods.com\\\/ca\\\/jornada-salut-mental\\\/#primaryimage\",\"url\":\"https:\\\/\\\/lagranjafoods.com\\\/wp-content\\\/uploads\\\/banner-salud-mental-1.png\",\"contentUrl\":\"https:\\\/\\\/lagranjafoods.com\\\/wp-content\\\/uploads\\\/banner-salud-mental-1.png\",\"width\":2000,\"height\":1500},{\"@type\":\"BreadcrumbList\",\"@id\":\"https:\\\/\\\/lagranjafoods.com\\\/ca\\\/jornada-salut-mental\\\/#breadcrumb\",\"itemListElement\":[{\"@type\":\"ListItem\",\"position\":1,\"name\":\"Portada\",\"item\":\"https:\\\/\\\/lagranjafoods.com\\\/ca\\\/\"},{\"@type\":\"ListItem\",\"position\":2,\"name\":\"La Granja Foods celebra una jornada dedicada a la salut mental\"}]},{\"@type\":\"WebSite\",\"@id\":\"https:\\\/\\\/lagranjafoods.com\\\/ca\\\/#website\",\"url\":\"https:\\\/\\\/lagranjafoods.com\\\/ca\\\/\",\"name\":\"La Granja Foods\",\"description\":\"\u00a1Benvinguts a La Granja! Qualitat, sabor i frescor des de 1959.\",\"publisher\":{\"@id\":\"https:\\\/\\\/lagranjafoods.com\\\/ca\\\/#organization\"},\"potentialAction\":[{\"@type\":\"SearchAction\",\"target\":{\"@type\":\"EntryPoint\",\"urlTemplate\":\"https:\\\/\\\/lagranjafoods.com\\\/ca\\\/?s={search_term_string}\"},\"query-input\":{\"@type\":\"PropertyValueSpecification\",\"valueRequired\":true,\"valueName\":\"search_term_string\"}}],\"inLanguage\":\"ca\"},{\"@type\":\"Organization\",\"@id\":\"https:\\\/\\\/lagranjafoods.com\\\/ca\\\/#organization\",\"name\":\"La Granja Foods\",\"url\":\"https:\\\/\\\/lagranjafoods.com\\\/ca\\\/\",\"logo\":{\"@type\":\"ImageObject\",\"inLanguage\":\"ca\",\"@id\":\"https:\\\/\\\/lagranjafoods.com\\\/ca\\\/#\\\/schema\\\/logo\\\/image\\\/\",\"url\":\"https:\\\/\\\/lagranjafoods.com\\\/wp-content\\\/uploads\\\/logo-lagranjafoods.png\",\"contentUrl\":\"https:\\\/\\\/lagranjafoods.com\\\/wp-content\\\/uploads\\\/logo-lagranjafoods.png\",\"width\":539,\"height\":158,\"caption\":\"La Granja Foods \"},\"image\":{\"@id\":\"https:\\\/\\\/lagranjafoods.com\\\/ca\\\/#\\\/schema\\\/logo\\\/image\\\/\"}},{\"@type\":\"Person\",\"@id\":\"https:\\\/\\\/lagranjafoods.com\\\/ca\\\/#\\\/schema\\\/person\\\/a09ef344e5c3da6e521ed0a69afd694c\",\"name\":\"conta\"}]}<\/script>\n<!-- \/ Yoast SEO plugin. -->","yoast_head_json":{"title":"La Granja Foods celebra una jornada dedicada a la salut mental - La Granja Foods","description":"La Granja Foods celebra una jornada dedicada a la salut mental: reflexionant , aprenent i creixent junts.","robots":{"index":"index","follow":"follow","max-snippet":"max-snippet:-1","max-image-preview":"max-image-preview:large","max-video-preview":"max-video-preview:-1"},"canonical":"https:\/\/lagranjafoods.com\/ca\/jornada-salut-mental\/","og_locale":"ca_ES","og_type":"article","og_title":"La Granja Foods celebra una jornada dedicada a la salut mental - La Granja Foods","og_description":"La Granja Foods celebra una jornada dedicada a la salut mental: reflexionant , aprenent i creixent junts.","og_url":"https:\/\/lagranjafoods.com\/ca\/jornada-salut-mental\/","og_site_name":"La Granja Foods","article_published_time":"2025-01-22T12:14:38+00:00","article_modified_time":"2025-01-22T13:23:59+00:00","og_image":[{"url":"https:\/\/lagranjafoods.com\/wp-content\/uploads\/banner-salud-mental-1.png","width":640,"height":480,"type":"image\/png"}],"author":"conta","twitter_card":"summary_large_image","twitter_misc":{"Escrit per":"conta","Temps estimat de lectura":"3 minut"},"schema":{"@context":"https:\/\/schema.org","@graph":[{"@type":"Article","@id":"https:\/\/lagranjafoods.com\/ca\/jornada-salut-mental\/#article","isPartOf":{"@id":"https:\/\/lagranjafoods.com\/ca\/jornada-salut-mental\/"},"author":{"name":"conta","@id":"https:\/\/lagranjafoods.com\/ca\/#\/schema\/person\/a09ef344e5c3da6e521ed0a69afd694c"},"headline":"La Granja Foods celebra una jornada dedicada a la salut mental","datePublished":"2025-01-22T12:14:38+00:00","dateModified":"2025-01-22T13:23:59+00:00","mainEntityOfPage":{"@id":"https:\/\/lagranjafoods.com\/ca\/jornada-salut-mental\/"},"wordCount":587,"publisher":{"@id":"https:\/\/lagranjafoods.com\/ca\/#organization"},"image":{"@id":"https:\/\/lagranjafoods.com\/ca\/jornada-salut-mental\/#primaryimage"},"thumbnailUrl":"https:\/\/lagranjafoods.com\/wp-content\/uploads\/banner-salud-mental-1.png","articleSection":["News"],"inLanguage":"ca"},{"@type":"WebPage","@id":"https:\/\/lagranjafoods.com\/ca\/jornada-salut-mental\/","url":"https:\/\/lagranjafoods.com\/ca\/jornada-salut-mental\/","name":"La Granja Foods celebra una jornada dedicada a la salut mental - La Granja Foods","isPartOf":{"@id":"https:\/\/lagranjafoods.com\/ca\/#website"},"primaryImageOfPage":{"@id":"https:\/\/lagranjafoods.com\/ca\/jornada-salut-mental\/#primaryimage"},"image":{"@id":"https:\/\/lagranjafoods.com\/ca\/jornada-salut-mental\/#primaryimage"},"thumbnailUrl":"https:\/\/lagranjafoods.com\/wp-content\/uploads\/banner-salud-mental-1.png","datePublished":"2025-01-22T12:14:38+00:00","dateModified":"2025-01-22T13:23:59+00:00","description":"La Granja Foods celebra una jornada dedicada a la salut mental: reflexionant , aprenent i creixent junts.","breadcrumb":{"@id":"https:\/\/lagranjafoods.com\/ca\/jornada-salut-mental\/#breadcrumb"},"inLanguage":"ca","potentialAction":[{"@type":"ReadAction","target":["https:\/\/lagranjafoods.com\/ca\/jornada-salut-mental\/"]}]},{"@type":"ImageObject","inLanguage":"ca","@id":"https:\/\/lagranjafoods.com\/ca\/jornada-salut-mental\/#primaryimage","url":"https:\/\/lagranjafoods.com\/wp-content\/uploads\/banner-salud-mental-1.png","contentUrl":"https:\/\/lagranjafoods.com\/wp-content\/uploads\/banner-salud-mental-1.png","width":2000,"height":1500},{"@type":"BreadcrumbList","@id":"https:\/\/lagranjafoods.com\/ca\/jornada-salut-mental\/#breadcrumb","itemListElement":[{"@type":"ListItem","position":1,"name":"Portada","item":"https:\/\/lagranjafoods.com\/ca\/"},{"@type":"ListItem","position":2,"name":"La Granja Foods celebra una jornada dedicada a la salut mental"}]},{"@type":"WebSite","@id":"https:\/\/lagranjafoods.com\/ca\/#website","url":"https:\/\/lagranjafoods.com\/ca\/","name":"La Granja Foods","description":"\u00a1Benvinguts a La Granja! Qualitat, sabor i frescor des de 1959.","publisher":{"@id":"https:\/\/lagranjafoods.com\/ca\/#organization"},"potentialAction":[{"@type":"SearchAction","target":{"@type":"EntryPoint","urlTemplate":"https:\/\/lagranjafoods.com\/ca\/?s={search_term_string}"},"query-input":{"@type":"PropertyValueSpecification","valueRequired":true,"valueName":"search_term_string"}}],"inLanguage":"ca"},{"@type":"Organization","@id":"https:\/\/lagranjafoods.com\/ca\/#organization","name":"La Granja Foods","url":"https:\/\/lagranjafoods.com\/ca\/","logo":{"@type":"ImageObject","inLanguage":"ca","@id":"https:\/\/lagranjafoods.com\/ca\/#\/schema\/logo\/image\/","url":"https:\/\/lagranjafoods.com\/wp-content\/uploads\/logo-lagranjafoods.png","contentUrl":"https:\/\/lagranjafoods.com\/wp-content\/uploads\/logo-lagranjafoods.png","width":539,"height":158,"caption":"La Granja Foods "},"image":{"@id":"https:\/\/lagranjafoods.com\/ca\/#\/schema\/logo\/image\/"}},{"@type":"Person","@id":"https:\/\/lagranjafoods.com\/ca\/#\/schema\/person\/a09ef344e5c3da6e521ed0a69afd694c","name":"conta"}]}},"_links":{"self":[{"href":"https:\/\/lagranjafoods.com\/ca\/wp-json\/wp\/v2\/posts\/37054","targetHints":{"allow":["GET"]}}],"collection":[{"href":"https:\/\/lagranjafoods.com\/ca\/wp-json\/wp\/v2\/posts"}],"about":[{"href":"https:\/\/lagranjafoods.com\/ca\/wp-json\/wp\/v2\/types\/post"}],"author":[{"embeddable":true,"href":"https:\/\/lagranjafoods.com\/ca\/wp-json\/wp\/v2\/users\/565"}],"replies":[{"embeddable":true,"href":"https:\/\/lagranjafoods.com\/ca\/wp-json\/wp\/v2\/comments?post=37054"}],"version-history":[{"count":0,"href":"https:\/\/lagranjafoods.com\/ca\/wp-json\/wp\/v2\/posts\/37054\/revisions"}],"wp:featuredmedia":[{"embeddable":true,"href":"https:\/\/lagranjafoods.com\/ca\/wp-json\/wp\/v2\/media\/37051"}],"wp:attachment":[{"href":"https:\/\/lagranjafoods.com\/ca\/wp-json\/wp\/v2\/media?parent=37054"}],"wp:term":[{"taxonomy":"category","embeddable":true,"href":"https:\/\/lagranjafoods.com\/ca\/wp-json\/wp\/v2\/categories?post=37054"},{"taxonomy":"post_tag","embeddable":true,"href":"https:\/\/lagranjafoods.com\/ca\/wp-json\/wp\/v2\/tags?post=37054"}],"curies":[{"name":"wp","href":"https:\/\/api.w.org\/{rel}","templated":true}]}}